{"id":42642,"date":"2026-03-09T21:50:49","date_gmt":"2026-03-10T02:50:49","guid":{"rendered":"https:\/\/www.boyacaleinforma.com\/?p=42642"},"modified":"2026-03-09T21:50:54","modified_gmt":"2026-03-10T02:50:54","slug":"un-acto-de-conmemoracion-a-las-familias-de-los-soldados-del-batallon-de-contraguerrillas-en-el-espino","status":"publish","type":"post","link":"https:\/\/www.boyacaleinforma.com\/?p=42642","title":{"rendered":"Un acto de conmemoraci\u00f3n a las familias de los soldados del Batall\u00f3n de Contraguerrillas en El Espino"},"content":{"rendered":"\n<p>Un acto muy sentido de conmemoraci\u00f3n a las familias de los catorce valientes soldados del Batall\u00f3n de Contraguerrillas Los Muiscas del Ej\u00e9rcito Nacional de Colombia, quienes hace 23 a\u00f1os ofrecieron su vida en cumplimiento del deber en la vereda Llano Largo, sector Piedra de Sal del municipio de El Espino.<\/p>\n\n\n\n<p>De igual manera un recuerdo solemne para mantener viva la memoria de los soldados, militares y Polic\u00edas que han fallecido defendiendo con honor y coraje la seguridad del pa\u00eds.<\/p>\n","protected":false},"excerpt":{"rendered":"<p>Un acto muy sentido de conmemoraci\u00f3n a las familias de los catorce valientes soldados del Batall\u00f3n de Contraguerrillas<\/p>\n","protected":false},"author":1,"featured_media":42639,"comment_status":"open","ping_status":"open","sticky":false,"template":"","format":"standard","meta":{"om_disable_all_campaigns":false,"_monsterinsights_skip_tracking":false,"_monsterinsights_sitenote_active":false,"_monsterinsights_sitenote_note":"","_monsterinsights_sitenote_category":0,"footnotes":""},"categories":[1],"tags":[],"class_list":["post-42642","post","type-post","status-publish","format-standard","has-post-thumbnail","hentry","category-uncategorized"],"aioseo_notices":[],"_links":{"self":[{"href":"https:\/\/www.boyacaleinforma.com\/index.php?rest_route=\/wp\/v2\/posts\/42642","targetHints":{"allow":["GET"]}}],"collection":[{"href":"https:\/\/www.boyacaleinforma.com\/index.php?rest_route=\/wp\/v2\/posts"}],"about":[{"href":"https:\/\/www.boyacaleinforma.com\/index.php?rest_route=\/wp\/v2\/types\/post"}],"author":[{"embeddable":true,"href":"https:\/\/www.boyacaleinforma.com\/index.php?rest_route=\/wp\/v2\/users\/1"}],"replies":[{"embeddable":true,"href":"https:\/\/www.boyacaleinforma.com\/index.php?rest_route=%2Fwp%2Fv2%2Fcomments&post=42642"}],"version-history":[{"count":0,"href":"https:\/\/www.boyacaleinforma.com\/index.php?rest_route=\/wp\/v2\/posts\/42642\/revisions"}],"wp:featuredmedia":[{"embeddable":true,"href":"https:\/\/www.boyacaleinforma.com\/index.php?rest_route=\/wp\/v2\/media\/42639"}],"wp:attachment":[{"href":"https:\/\/www.boyacaleinforma.com\/index.php?rest_route=%2Fwp%2Fv2%2Fmedia&parent=42642"}],"wp:term":[{"taxonomy":"category","embeddable":true,"href":"https:\/\/www.boyacaleinforma.com\/index.php?rest_route=%2Fwp%2Fv2%2Fcategories&post=42642"},{"taxonomy":"post_tag","embeddable":true,"href":"https:\/\/www.boyacaleinforma.com\/index.php?rest_route=%2Fwp%2Fv2%2Ftags&post=42642"}],"curies":[{"name":"wp","href":"https:\/\/api.w.org\/{rel}","templated":true}]}}