{"id":42644,"date":"2026-03-09T21:51:45","date_gmt":"2026-03-10T02:51:45","guid":{"rendered":"https:\/\/www.boyacaleinforma.com\/?p=42644"},"modified":"2026-03-09T21:51:49","modified_gmt":"2026-03-10T02:51:49","slug":"cubara-vivio-una-feria-llena-de-sabor-campesino","status":"publish","type":"post","link":"https:\/\/www.boyacaleinforma.com\/?p=42644","title":{"rendered":"Cubar\u00e1 vivi\u00f3 una feria llena de sabor campesino"},"content":{"rendered":"\n<p>Cubar\u00e1 vivi\u00f3 una feria llena de sabor campesino, uni\u00f3n y orgullo por las ra\u00edces.<\/p>\n\n\n\n<p>La Feria Campesina y Cacaotera \u00abEl Sabor De Nuestro Campo\u00bb fue una celebraci\u00f3n del campo y su gente, donde los campesinos Cubarenses disfrutaron con orgullo de una jornada llena de tradici\u00f3n, alegr\u00eda y saberes, con muestras agropecuarias y cacaoteras, actividades para toda la familia y una gran Mini-Carrangat\u00f3n que puso a todos a bailar con Son Picante y La Era Parrandera.<\/p>\n\n\n\n<p>Adem\u00e1s, vivieron momentos emocionantes con concursos como la yuca m\u00e1s grande, el racimo de pl\u00e1tano con m\u00e1s pl\u00e1tanos, el pollo criollo m\u00e1s pesado, las 10 mejores mazorcas de cacao, la pareja de degullado, el mejor stand de cacao, y competencias de cascarillado e injertaci\u00f3n.<\/p>\n\n\n\n<p>Agradecen a la Gobernaci\u00f3n de Boyac\u00e1, al Concejo Municipal de Cubar\u00e1, a la Emisora Sarare Stereo y Cubar\u00e1 Stereo 99.1 Fm, por su valioso apoyo en la realizaci\u00f3n de esta feria que exalta el trabajo, la cultura y la alegr\u00eda de los campesinos.<\/p>\n","protected":false},"excerpt":{"rendered":"<p>Cubar\u00e1 vivi\u00f3 una feria llena de sabor campesino, uni\u00f3n y orgullo por las ra\u00edces. La Feria Campesina y<\/p>\n","protected":false},"author":1,"featured_media":42636,"comment_status":"open","ping_status":"open","sticky":false,"template":"","format":"standard","meta":{"om_disable_all_campaigns":false,"_monsterinsights_skip_tracking":false,"_monsterinsights_sitenote_active":false,"_monsterinsights_sitenote_note":"","_monsterinsights_sitenote_category":0,"footnotes":""},"categories":[1],"tags":[],"class_list":["post-42644","post","type-post","status-publish","format-standard","has-post-thumbnail","hentry","category-uncategorized"],"aioseo_notices":[],"_links":{"self":[{"href":"https:\/\/www.boyacaleinforma.com\/index.php?rest_route=\/wp\/v2\/posts\/42644","targetHints":{"allow":["GET"]}}],"collection":[{"href":"https:\/\/www.boyacaleinforma.com\/index.php?rest_route=\/wp\/v2\/posts"}],"about":[{"href":"https:\/\/www.boyacaleinforma.com\/index.php?rest_route=\/wp\/v2\/types\/post"}],"author":[{"embeddable":true,"href":"https:\/\/www.boyacaleinforma.com\/index.php?rest_route=\/wp\/v2\/users\/1"}],"replies":[{"embeddable":true,"href":"https:\/\/www.boyacaleinforma.com\/index.php?rest_route=%2Fwp%2Fv2%2Fcomments&post=42644"}],"version-history":[{"count":0,"href":"https:\/\/www.boyacaleinforma.com\/index.php?rest_route=\/wp\/v2\/posts\/42644\/revisions"}],"wp:featuredmedia":[{"embeddable":true,"href":"https:\/\/www.boyacaleinforma.com\/index.php?rest_route=\/wp\/v2\/media\/42636"}],"wp:attachment":[{"href":"https:\/\/www.boyacaleinforma.com\/index.php?rest_route=%2Fwp%2Fv2%2Fmedia&parent=42644"}],"wp:term":[{"taxonomy":"category","embeddable":true,"href":"https:\/\/www.boyacaleinforma.com\/index.php?rest_route=%2Fwp%2Fv2%2Fcategories&post=42644"},{"taxonomy":"post_tag","embeddable":true,"href":"https:\/\/www.boyacaleinforma.com\/index.php?rest_route=%2Fwp%2Fv2%2Ftags&post=42644"}],"curies":[{"name":"wp","href":"https:\/\/api.w.org\/{rel}","templated":true}]}}