{"id":42648,"date":"2026-03-09T21:53:31","date_gmt":"2026-03-10T02:53:31","guid":{"rendered":"https:\/\/www.boyacaleinforma.com\/?p=42648"},"modified":"2026-03-09T21:53:37","modified_gmt":"2026-03-10T02:53:37","slug":"concurso-de-danza-alma-de-bachue-en-chiquiza","status":"publish","type":"post","link":"https:\/\/www.boyacaleinforma.com\/?p=42648","title":{"rendered":"Concurso de danza Alma de Bachu\u00e9 en Ch\u00edquiza"},"content":{"rendered":"\n<p>La danza tambi\u00e9n hizo parte de las tradicionales Ferias y Fiestas en honor a San Pedro y San Pablo.<\/p>\n\n\n\n<p>Agradecen inmensamente la participaci\u00f3n de los peque\u00f1os del grupo de danzas \u201cAlma de Bachu\u00e9\u201d del municipio de Ch\u00edquiza, de la misma manera al grupo de danzas \u00abPiedra del Sol\u00bb del municipio de Cucaita, a su alcalde, Marcos Borda y al equipo de la administraci\u00f3n municipal de Ch\u00edquiza.<\/p>\n\n\n\n<p>Gracias por aportar cultura, alegr\u00eda y tradici\u00f3n a la celebraci\u00f3n.<\/p>\n","protected":false},"excerpt":{"rendered":"<p>La danza tambi\u00e9n hizo parte de las tradicionales Ferias y Fiestas en honor a San Pedro y San<\/p>\n","protected":false},"author":1,"featured_media":42634,"comment_status":"open","ping_status":"open","sticky":false,"template":"","format":"standard","meta":{"om_disable_all_campaigns":false,"_monsterinsights_skip_tracking":false,"_monsterinsights_sitenote_active":false,"_monsterinsights_sitenote_note":"","_monsterinsights_sitenote_category":0,"footnotes":""},"categories":[1],"tags":[],"class_list":["post-42648","post","type-post","status-publish","format-standard","has-post-thumbnail","hentry","category-uncategorized"],"aioseo_notices":[],"_links":{"self":[{"href":"https:\/\/www.boyacaleinforma.com\/index.php?rest_route=\/wp\/v2\/posts\/42648","targetHints":{"allow":["GET"]}}],"collection":[{"href":"https:\/\/www.boyacaleinforma.com\/index.php?rest_route=\/wp\/v2\/posts"}],"about":[{"href":"https:\/\/www.boyacaleinforma.com\/index.php?rest_route=\/wp\/v2\/types\/post"}],"author":[{"embeddable":true,"href":"https:\/\/www.boyacaleinforma.com\/index.php?rest_route=\/wp\/v2\/users\/1"}],"replies":[{"embeddable":true,"href":"https:\/\/www.boyacaleinforma.com\/index.php?rest_route=%2Fwp%2Fv2%2Fcomments&post=42648"}],"version-history":[{"count":0,"href":"https:\/\/www.boyacaleinforma.com\/index.php?rest_route=\/wp\/v2\/posts\/42648\/revisions"}],"wp:featuredmedia":[{"embeddable":true,"href":"https:\/\/www.boyacaleinforma.com\/index.php?rest_route=\/wp\/v2\/media\/42634"}],"wp:attachment":[{"href":"https:\/\/www.boyacaleinforma.com\/index.php?rest_route=%2Fwp%2Fv2%2Fmedia&parent=42648"}],"wp:term":[{"taxonomy":"category","embeddable":true,"href":"https:\/\/www.boyacaleinforma.com\/index.php?rest_route=%2Fwp%2Fv2%2Fcategories&post=42648"},{"taxonomy":"post_tag","embeddable":true,"href":"https:\/\/www.boyacaleinforma.com\/index.php?rest_route=%2Fwp%2Fv2%2Ftags&post=42648"}],"curies":[{"name":"wp","href":"https:\/\/api.w.org\/{rel}","templated":true}]}}