{"id":42650,"date":"2026-03-09T21:55:08","date_gmt":"2026-03-10T02:55:08","guid":{"rendered":"https:\/\/www.boyacaleinforma.com\/?p=42650"},"modified":"2026-03-09T22:00:46","modified_gmt":"2026-03-10T03:00:46","slug":"capturado-otro-implicado-en-el-asesinato-del-exmarine-estadounidense-en-villa-de-leyva-habria-ayudado-a-planear-el-robo","status":"publish","type":"post","link":"https:\/\/www.boyacaleinforma.com\/?p=42650","title":{"rendered":"Capturado otro implicado en el asesinato del exmarine estadounidense en Villa de Leyva: habr\u00eda ayudado a planear el robo"},"content":{"rendered":"\n<p>La Fiscal\u00eda General de la Naci\u00f3n judicializ\u00f3 a Carlos Alberto S\u00e1nchez Jim\u00e9nez, se\u00f1alado de participar en la planeaci\u00f3n del homicidio del ciudadano estadounidense y exintegrante de la Marina, Mart\u00edn George Paige, ocurrido el 2 de febrero de 2025 en Villa de Leyva (Boyac\u00e1). Seg\u00fan la investigaci\u00f3n, el hombre habr\u00eda colaborado en la preparaci\u00f3n del asalto que termin\u00f3 con la muerte del extranjero en su vivienda del barrio Los \u00c1ngeles.<br><br>De acuerdo con el ente acusador, S\u00e1nchez Jim\u00e9nez presuntamente se reuni\u00f3 con otros implicados para definir c\u00f3mo ingresar\u00edan a la residencia de la v\u00edctima con el objetivo de robar joyas y otros objetos de valor. Tambi\u00e9n habr\u00eda facilitado cuerdas y elementos que permitieron someter al exmarine durante el ataque. Las evidencias indican que los responsables se llevaron dos anillos avaluados en m\u00e1s de 25.000 d\u00f3lares, una manilla de plata superior a los 600 d\u00f3lares y otros art\u00edculos.<br><br>El dictamen de Medicina Legal estableci\u00f3 que a la v\u00edctima le suministraron opioides para dejarla inconsciente y que la causa de la muerte fue asfixia mec\u00e1nica. Por estos hechos, la Fiscal\u00eda le imput\u00f3 a S\u00e1nchez Jim\u00e9nez los delitos de homicidio agravado y hurto calificado agravado, cargos que fueron aceptados por el procesado.<br><br>Hasta ahora, tres personas han sido vinculadas formalmente al caso. Jes\u00fas Alberto Ram\u00edrez Machado, hijastro de S\u00e1nchez Jim\u00e9nez, y Eduardo Mois\u00e9s Machado Gonz\u00e1lez ya fueron condenados mediante preacuerdo a 25 a\u00f1os de prisi\u00f3n. Adem\u00e1s, las autoridades gestionaron una notificaci\u00f3n roja de Interpol contra una mujer que tambi\u00e9n estar\u00eda implicada en el crimen.<\/p>\n","protected":false},"excerpt":{"rendered":"<p>La Fiscal\u00eda General de la Naci\u00f3n judicializ\u00f3 a Carlos Alberto S\u00e1nchez Jim\u00e9nez, se\u00f1alado de participar en la planeaci\u00f3n<\/p>\n","protected":false},"author":1,"featured_media":42655,"comment_status":"open","ping_status":"open","sticky":false,"template":"","format":"standard","meta":{"om_disable_all_campaigns":false,"_monsterinsights_skip_tracking":false,"_monsterinsights_sitenote_active":false,"_monsterinsights_sitenote_note":"","_monsterinsights_sitenote_category":0,"footnotes":""},"categories":[8],"tags":[10],"class_list":["post-42650","post","type-post","status-publish","format-standard","has-post-thumbnail","hentry","category-judicial","tag-noticias"],"aioseo_notices":[],"_links":{"self":[{"href":"https:\/\/www.boyacaleinforma.com\/index.php?rest_route=\/wp\/v2\/posts\/42650","targetHints":{"allow":["GET"]}}],"collection":[{"href":"https:\/\/www.boyacaleinforma.com\/index.php?rest_route=\/wp\/v2\/posts"}],"about":[{"href":"https:\/\/www.boyacaleinforma.com\/index.php?rest_route=\/wp\/v2\/types\/post"}],"author":[{"embeddable":true,"href":"https:\/\/www.boyacaleinforma.com\/index.php?rest_route=\/wp\/v2\/users\/1"}],"replies":[{"embeddable":true,"href":"https:\/\/www.boyacaleinforma.com\/index.php?rest_route=%2Fwp%2Fv2%2Fcomments&post=42650"}],"version-history":[{"count":0,"href":"https:\/\/www.boyacaleinforma.com\/index.php?rest_route=\/wp\/v2\/posts\/42650\/revisions"}],"wp:featuredmedia":[{"embeddable":true,"href":"https:\/\/www.boyacaleinforma.com\/index.php?rest_route=\/wp\/v2\/media\/42655"}],"wp:attachment":[{"href":"https:\/\/www.boyacaleinforma.com\/index.php?rest_route=%2Fwp%2Fv2%2Fmedia&parent=42650"}],"wp:term":[{"taxonomy":"category","embeddable":true,"href":"https:\/\/www.boyacaleinforma.com\/index.php?rest_route=%2Fwp%2Fv2%2Fcategories&post=42650"},{"taxonomy":"post_tag","embeddable":true,"href":"https:\/\/www.boyacaleinforma.com\/index.php?rest_route=%2Fwp%2Fv2%2Ftags&post=42650"}],"curies":[{"name":"wp","href":"https:\/\/api.w.org\/{rel}","templated":true}]}}