{"id":42661,"date":"2026-03-09T21:58:01","date_gmt":"2026-03-10T02:58:01","guid":{"rendered":"https:\/\/www.boyacaleinforma.com\/?p=42661"},"modified":"2026-03-09T21:59:53","modified_gmt":"2026-03-10T02:59:53","slug":"petro-hablo-tras-obama-en-funeral-de-jesse-jackson-y-defendio-su-idea-de-hermandad-humana","status":"publish","type":"post","link":"https:\/\/www.boyacaleinforma.com\/?p=42661","title":{"rendered":"Petro habl\u00f3 tras Obama en funeral de Jesse Jackson y defendi\u00f3 su idea de \u201chermandad humana\u201d"},"content":{"rendered":"\n<p>El presidente de Colombia, Gustavo Petro, particip\u00f3 el pasado viernes en las honras f\u00fanebres del hist\u00f3rico l\u00edder de derechos civiles Jesse Jackson en la iglesia House of Hope, en Chicago, Estados Unidos. Durante su intervenci\u00f3n, el mandatario expuso su propuesta del \u201cdi\u00e1logo de los pueblos multicolores unidos al servicio de la hermandad humana\u201d.<br><br>El jefe de Estado intervino en el acto despu\u00e9s del expresidente estadounidense Barack Obama, del reverendo Al Sharpton y del activista James Zogby, quienes tambi\u00e9n rindieron homenaje al reconocido defensor de los derechos civiles.<br><br>Jesse Jackson, considerado una de las figuras m\u00e1s influyentes en la lucha por la igualdad racial en Estados Unidos, falleci\u00f3 el 17 de febrero a los 84 a\u00f1os. Tras conocerse su muerte, Petro lo record\u00f3 como \u201camigo de Colombia\u201d y expres\u00f3 condolencias a su familia y al pueblo estadounidense.<br><br>El mandatario colombiano hab\u00eda llegado a Chicago en la madrugada del mismo viernes para asistir al homenaje, acompa\u00f1ado por la canciller Rosa Villavicencio, el embajador de Colombia en Washington, Daniel Garc\u00eda-Pe\u00f1a, y el jefe de Despacho Presidencial, Jos\u00e9 Ra\u00fal Moreno. Durante la ceremonia participaron l\u00edderes pol\u00edticos, sociales y religiosos que recordaron el legado del activista.<\/p>\n","protected":false},"excerpt":{"rendered":"<p>El presidente de Colombia, Gustavo Petro, particip\u00f3 el pasado viernes en las honras f\u00fanebres del hist\u00f3rico l\u00edder de<\/p>\n","protected":false},"author":1,"featured_media":42653,"comment_status":"open","ping_status":"open","sticky":false,"template":"","format":"standard","meta":{"om_disable_all_campaigns":false,"_monsterinsights_skip_tracking":false,"_monsterinsights_sitenote_active":false,"_monsterinsights_sitenote_note":"","_monsterinsights_sitenote_category":0,"footnotes":""},"categories":[9],"tags":[10],"class_list":["post-42661","post","type-post","status-publish","format-standard","has-post-thumbnail","hentry","category-colombia","tag-noticias"],"aioseo_notices":[],"_links":{"self":[{"href":"https:\/\/www.boyacaleinforma.com\/index.php?rest_route=\/wp\/v2\/posts\/42661","targetHints":{"allow":["GET"]}}],"collection":[{"href":"https:\/\/www.boyacaleinforma.com\/index.php?rest_route=\/wp\/v2\/posts"}],"about":[{"href":"https:\/\/www.boyacaleinforma.com\/index.php?rest_route=\/wp\/v2\/types\/post"}],"author":[{"embeddable":true,"href":"https:\/\/www.boyacaleinforma.com\/index.php?rest_route=\/wp\/v2\/users\/1"}],"replies":[{"embeddable":true,"href":"https:\/\/www.boyacaleinforma.com\/index.php?rest_route=%2Fwp%2Fv2%2Fcomments&post=42661"}],"version-history":[{"count":0,"href":"https:\/\/www.boyacaleinforma.com\/index.php?rest_route=\/wp\/v2\/posts\/42661\/revisions"}],"wp:featuredmedia":[{"embeddable":true,"href":"https:\/\/www.boyacaleinforma.com\/index.php?rest_route=\/wp\/v2\/media\/42653"}],"wp:attachment":[{"href":"https:\/\/www.boyacaleinforma.com\/index.php?rest_route=%2Fwp%2Fv2%2Fmedia&parent=42661"}],"wp:term":[{"taxonomy":"category","embeddable":true,"href":"https:\/\/www.boyacaleinforma.com\/index.php?rest_route=%2Fwp%2Fv2%2Fcategories&post=42661"},{"taxonomy":"post_tag","embeddable":true,"href":"https:\/\/www.boyacaleinforma.com\/index.php?rest_route=%2Fwp%2Fv2%2Ftags&post=42661"}],"curies":[{"name":"wp","href":"https:\/\/api.w.org\/{rel}","templated":true}]}}