{"id":42665,"date":"2026-03-11T04:49:24","date_gmt":"2026-03-11T09:49:24","guid":{"rendered":"https:\/\/www.boyacaleinforma.com\/?p=42665"},"modified":"2026-03-11T05:14:04","modified_gmt":"2026-03-11T10:14:04","slug":"nuevo-presunto-sicariato-sacude-a-santana-asesinan-a-un-ciudadano-en-pleno-parque-principal","status":"publish","type":"post","link":"https:\/\/www.boyacaleinforma.com\/?p=42665","title":{"rendered":"Nuevo presunto sicariato sacude a Santana: asesinan a un ciudadano en pleno parque principal"},"content":{"rendered":"\n<p>Un nuevo hecho de violencia se registr\u00f3 la noche del domingo 8 de marzo en el municipio de Santana, Boyac\u00e1, donde un ciudadano perdi\u00f3 la vida en lo que ser\u00eda un presunto caso de sicariato ocurrido en el parque principal. Seg\u00fan versiones preliminares, la v\u00edctima se encontraba en el lugar cuando fue atacada por hombres armados que se movilizaban en una motocicleta.<br><br>El coronel Fredy Yamid Barbosa Molano, comandante del Departamento de Polic\u00eda de Boyac\u00e1, inform\u00f3 que tras el ataque se desplegaron de inmediato unidades especializadas como el Grupo de Operaciones Especiales (GOES), Polic\u00eda Judicial, inteligencia y el Gaula. Las autoridades ya cuentan con videos y otros elementos recolectados en el lugar de los hechos que hacen parte del material probatorio dentro de la investigaci\u00f3n abierta para esclarecer el homicidio.<br><br>El oficial tambi\u00e9n se\u00f1al\u00f3 que este es el segundo caso similar registrado en menos de una semana en el municipio y reconoci\u00f3 que en los \u00faltimos meses se han presentado varios hechos de este tipo. Sin embargo, asegur\u00f3 que cerca del 80 % de los casos han sido esclarecidos y que, junto con la Fiscal\u00eda General de la Naci\u00f3n, se mantiene una l\u00ednea investigativa activa para identificar y capturar a los responsables.<br><br>Ante la situaci\u00f3n, la Alcald\u00eda de Santana y las autoridades departamentales realizaron un Consejo Extraordinario de Seguridad en el que se adoptaron medidas inmediatas para reforzar el orden p\u00fablico. Entre ellas se estableci\u00f3 toque de queda entre las 8:00 de la noche y las 4:00 de la ma\u00f1ana, restricci\u00f3n de parrillero en motocicleta entre las 4:00 de la ma\u00f1ana y las 8:00 de la noche, adem\u00e1s del refuerzo del pie de fuerza policial y el despliegue de un nuevo pelot\u00f3n del Ej\u00e9rcito en el municipio. Estas acciones buscan garantizar la seguridad y devolver la tranquilidad a los habitantes.<\/p>\n","protected":false},"excerpt":{"rendered":"<p>Un nuevo hecho de violencia se registr\u00f3 la noche del domingo 8 de marzo en el municipio de<\/p>\n","protected":false},"author":1,"featured_media":42667,"comment_status":"open","ping_status":"open","sticky":false,"template":"","format":"standard","meta":{"om_disable_all_campaigns":false,"_monsterinsights_skip_tracking":false,"_monsterinsights_sitenote_active":false,"_monsterinsights_sitenote_note":"","_monsterinsights_sitenote_category":0,"footnotes":""},"categories":[8],"tags":[10],"class_list":["post-42665","post","type-post","status-publish","format-standard","has-post-thumbnail","hentry","category-judicial","tag-noticias"],"aioseo_notices":[],"_links":{"self":[{"href":"https:\/\/www.boyacaleinforma.com\/index.php?rest_route=\/wp\/v2\/posts\/42665","targetHints":{"allow":["GET"]}}],"collection":[{"href":"https:\/\/www.boyacaleinforma.com\/index.php?rest_route=\/wp\/v2\/posts"}],"about":[{"href":"https:\/\/www.boyacaleinforma.com\/index.php?rest_route=\/wp\/v2\/types\/post"}],"author":[{"embeddable":true,"href":"https:\/\/www.boyacaleinforma.com\/index.php?rest_route=\/wp\/v2\/users\/1"}],"replies":[{"embeddable":true,"href":"https:\/\/www.boyacaleinforma.com\/index.php?rest_route=%2Fwp%2Fv2%2Fcomments&post=42665"}],"version-history":[{"count":0,"href":"https:\/\/www.boyacaleinforma.com\/index.php?rest_route=\/wp\/v2\/posts\/42665\/revisions"}],"wp:featuredmedia":[{"embeddable":true,"href":"https:\/\/www.boyacaleinforma.com\/index.php?rest_route=\/wp\/v2\/media\/42667"}],"wp:attachment":[{"href":"https:\/\/www.boyacaleinforma.com\/index.php?rest_route=%2Fwp%2Fv2%2Fmedia&parent=42665"}],"wp:term":[{"taxonomy":"category","embeddable":true,"href":"https:\/\/www.boyacaleinforma.com\/index.php?rest_route=%2Fwp%2Fv2%2Fcategories&post=42665"},{"taxonomy":"post_tag","embeddable":true,"href":"https:\/\/www.boyacaleinforma.com\/index.php?rest_route=%2Fwp%2Fv2%2Ftags&post=42665"}],"curies":[{"name":"wp","href":"https:\/\/api.w.org\/{rel}","templated":true}]}}