{"id":42673,"date":"2026-03-11T04:50:26","date_gmt":"2026-03-11T09:50:26","guid":{"rendered":"https:\/\/www.boyacaleinforma.com\/?p=42673"},"modified":"2026-03-11T05:13:51","modified_gmt":"2026-03-11T10:13:51","slug":"tribunal-condena-a-la-policia-por-muerte-de-ciudadano-durante-procedimiento-en-samaca","status":"publish","type":"post","link":"https:\/\/www.boyacaleinforma.com\/?p=42673","title":{"rendered":"Tribunal condena a la Polic\u00eda por muerte de ciudadano durante procedimiento en Samac\u00e1"},"content":{"rendered":"\n<p>El Tribunal Administrativo de Boyac\u00e1 conden\u00f3 a la Naci\u00f3n \u2013 Ministerio de Defensa \u2013 Polic\u00eda Nacional y a un patrullero por la muerte de un ciudadano ocurrida durante un procedimiento de registro a persona en el municipio de Samac\u00e1. La decisi\u00f3n ordena el pago de perjuicios morales a los familiares de la v\u00edctima tras determinar que hubo uso excesivo de la fuerza por parte del uniformado.<br><br>Los hechos ocurrieron el 4 de agosto de 2018, hacia las 11:09 de la noche, cuando tres hombres ingresaron a un cajero electr\u00f3nico del banco Davivienda en el parque central del municipio para retirar dinero. En ese momento, una patrulla de polic\u00eda lleg\u00f3 al lugar y les orden\u00f3 un registro. Durante la inspecci\u00f3n, los agentes encontraron que uno de los ciudadanos portaba un rev\u00f3lver calibre 38 sin el permiso correspondiente. En medio del procedimiento, el arma se accion\u00f3 y el hombre result\u00f3 herido por un disparo que posteriormente le caus\u00f3 la muerte.<br><br>La sala de decisi\u00f3n n\u00famero 6 del tribunal revoc\u00f3 la sentencia de primera instancia que hab\u00eda negado la demanda y concluy\u00f3 que hubo una falla en el servicio por parte de la Polic\u00eda. Seg\u00fan el fallo, el patrullero utiliz\u00f3 el arma de fuego incautada sin justificaci\u00f3n y sin respetar los principios de necesidad, proporcionalidad y racionalidad que regulan el uso de la fuerza por parte de los uniformados.<br><br>El tribunal tambi\u00e9n determin\u00f3 que el uniformado incumpli\u00f3 su deber de proteger la vida del ciudadano, pues tras ser despojado del arma ya no representaba un peligro. En consecuencia, adem\u00e1s de condenar al Estado, declar\u00f3 al patrullero responsable de responder por el pago de la condena impuesta, equivalente a 250 salarios m\u00ednimos mensuales vigentes al momento de la sentencia.<\/p>\n","protected":false},"excerpt":{"rendered":"<p>El Tribunal Administrativo de Boyac\u00e1 conden\u00f3 a la Naci\u00f3n \u2013 Ministerio de Defensa \u2013 Polic\u00eda Nacional y a<\/p>\n","protected":false},"author":1,"featured_media":42670,"comment_status":"open","ping_status":"open","sticky":false,"template":"","format":"standard","meta":{"om_disable_all_campaigns":false,"_monsterinsights_skip_tracking":false,"_monsterinsights_sitenote_active":false,"_monsterinsights_sitenote_note":"","_monsterinsights_sitenote_category":0,"footnotes":""},"categories":[8],"tags":[10],"class_list":["post-42673","post","type-post","status-publish","format-standard","has-post-thumbnail","hentry","category-judicial","tag-noticias"],"aioseo_notices":[],"_links":{"self":[{"href":"https:\/\/www.boyacaleinforma.com\/index.php?rest_route=\/wp\/v2\/posts\/42673","targetHints":{"allow":["GET"]}}],"collection":[{"href":"https:\/\/www.boyacaleinforma.com\/index.php?rest_route=\/wp\/v2\/posts"}],"about":[{"href":"https:\/\/www.boyacaleinforma.com\/index.php?rest_route=\/wp\/v2\/types\/post"}],"author":[{"embeddable":true,"href":"https:\/\/www.boyacaleinforma.com\/index.php?rest_route=\/wp\/v2\/users\/1"}],"replies":[{"embeddable":true,"href":"https:\/\/www.boyacaleinforma.com\/index.php?rest_route=%2Fwp%2Fv2%2Fcomments&post=42673"}],"version-history":[{"count":0,"href":"https:\/\/www.boyacaleinforma.com\/index.php?rest_route=\/wp\/v2\/posts\/42673\/revisions"}],"wp:featuredmedia":[{"embeddable":true,"href":"https:\/\/www.boyacaleinforma.com\/index.php?rest_route=\/wp\/v2\/media\/42670"}],"wp:attachment":[{"href":"https:\/\/www.boyacaleinforma.com\/index.php?rest_route=%2Fwp%2Fv2%2Fmedia&parent=42673"}],"wp:term":[{"taxonomy":"category","embeddable":true,"href":"https:\/\/www.boyacaleinforma.com\/index.php?rest_route=%2Fwp%2Fv2%2Fcategories&post=42673"},{"taxonomy":"post_tag","embeddable":true,"href":"https:\/\/www.boyacaleinforma.com\/index.php?rest_route=%2Fwp%2Fv2%2Ftags&post=42673"}],"curies":[{"name":"wp","href":"https:\/\/api.w.org\/{rel}","templated":true}]}}