{"id":42677,"date":"2026-03-11T05:01:13","date_gmt":"2026-03-11T10:01:13","guid":{"rendered":"https:\/\/www.boyacaleinforma.com\/?p=42677"},"modified":"2026-03-11T05:13:30","modified_gmt":"2026-03-11T10:13:30","slug":"300-soldados-juraron-defender-la-democracia-reforzaran-la-seguridad-en-elecciones-presidenciales-en-el-eje-cafetero","status":"publish","type":"post","link":"https:\/\/www.boyacaleinforma.com\/?p=42677","title":{"rendered":"300 soldados juraron defender la democracia: reforzar\u00e1n la seguridad en elecciones presidenciales en el Eje Cafetero"},"content":{"rendered":"\n<p>Un total de 300 hombres y mujeres del Ej\u00e9rcito Nacional reforzar\u00e1n la seguridad en la regi\u00f3n cafetera durante las jornadas electorales previstas para 2026. Los uniformados estar\u00e1n desplegados especialmente en 127 puestos de votaci\u00f3n ubicados en zonas rurales, con el objetivo de garantizar el normal desarrollo de las elecciones presidenciales.<br><br>El compromiso fue formalizado mediante ceremonias militares de juramento de bandera realizadas en Pereira y en el municipio de Montenegro, en el departamento del Quind\u00edo. Durante los actos solemnes, los soldados de las unidades de la Octava Brigada reafirmaron ante sus superiores y familiares su compromiso de servir a la patria y proteger la institucionalidad en esta importante regi\u00f3n del pa\u00eds.<br><br>Las ceremonias fueron presididas por el coronel Juli\u00e1n Andr\u00e9s Arango Betancourt, comandante de la Octava Brigada, y por el coronel Yanny Alex\u00e1nder Melo Restrepo, segundo comandante y jefe de Estado Mayor de la unidad militar. En su intervenci\u00f3n, Melo destac\u00f3 que los tres pilares que sostienen a un soldado del Ej\u00e9rcito Nacional son Dios, la familia y la misi\u00f3n asignada, y resalt\u00f3 la valent\u00eda de los j\u00f3venes que decidieron asumir el reto de servir al pa\u00eds y contribuir a la seguridad de la democracia.<\/p>\n","protected":false},"excerpt":{"rendered":"<p>Un total de 300 hombres y mujeres del Ej\u00e9rcito Nacional reforzar\u00e1n la seguridad en la regi\u00f3n cafetera durante<\/p>\n","protected":false},"author":1,"featured_media":42669,"comment_status":"open","ping_status":"open","sticky":false,"template":"","format":"standard","meta":{"om_disable_all_campaigns":false,"_monsterinsights_skip_tracking":false,"_monsterinsights_sitenote_active":false,"_monsterinsights_sitenote_note":"","_monsterinsights_sitenote_category":0,"footnotes":""},"categories":[9],"tags":[10],"class_list":["post-42677","post","type-post","status-publish","format-standard","has-post-thumbnail","hentry","category-colombia","tag-noticias"],"aioseo_notices":[],"_links":{"self":[{"href":"https:\/\/www.boyacaleinforma.com\/index.php?rest_route=\/wp\/v2\/posts\/42677","targetHints":{"allow":["GET"]}}],"collection":[{"href":"https:\/\/www.boyacaleinforma.com\/index.php?rest_route=\/wp\/v2\/posts"}],"about":[{"href":"https:\/\/www.boyacaleinforma.com\/index.php?rest_route=\/wp\/v2\/types\/post"}],"author":[{"embeddable":true,"href":"https:\/\/www.boyacaleinforma.com\/index.php?rest_route=\/wp\/v2\/users\/1"}],"replies":[{"embeddable":true,"href":"https:\/\/www.boyacaleinforma.com\/index.php?rest_route=%2Fwp%2Fv2%2Fcomments&post=42677"}],"version-history":[{"count":0,"href":"https:\/\/www.boyacaleinforma.com\/index.php?rest_route=\/wp\/v2\/posts\/42677\/revisions"}],"wp:featuredmedia":[{"embeddable":true,"href":"https:\/\/www.boyacaleinforma.com\/index.php?rest_route=\/wp\/v2\/media\/42669"}],"wp:attachment":[{"href":"https:\/\/www.boyacaleinforma.com\/index.php?rest_route=%2Fwp%2Fv2%2Fmedia&parent=42677"}],"wp:term":[{"taxonomy":"category","embeddable":true,"href":"https:\/\/www.boyacaleinforma.com\/index.php?rest_route=%2Fwp%2Fv2%2Fcategories&post=42677"},{"taxonomy":"post_tag","embeddable":true,"href":"https:\/\/www.boyacaleinforma.com\/index.php?rest_route=%2Fwp%2Fv2%2Ftags&post=42677"}],"curies":[{"name":"wp","href":"https:\/\/api.w.org\/{rel}","templated":true}]}}