{"id":42690,"date":"2026-03-11T05:07:06","date_gmt":"2026-03-11T10:07:06","guid":{"rendered":"https:\/\/www.boyacaleinforma.com\/?p=42690"},"modified":"2026-03-11T05:07:12","modified_gmt":"2026-03-11T10:07:12","slug":"campana-viaja-seguro-llegas-despierto-garagoa-te-espera-una-pausa-con-sentido-salva-vidas","status":"publish","type":"post","link":"https:\/\/www.boyacaleinforma.com\/?p=42690","title":{"rendered":"Campa\u00f1a \u201cViaja seguro, llegas despierto \u2013 Garagoa te espera\u201d. Una pausa con sentido salva vidas"},"content":{"rendered":"\n<p>Desde la Secretar\u00eda de Tr\u00e1nsito y Transporte de Garagoa, en articulaci\u00f3n con la Polic\u00eda Nacional y Ejercito Nacional llevaron a cabo la campa\u00f1a \u201cViaja seguro, llegas despierto \u2013 Garagoa te espera\u201d, una estrategia pensada desde el coraz\u00f3n, pero con visi\u00f3n t\u00e9cnica y compromiso institucional, que busca proteger lo m\u00e1s valioso: la vida de quienes transitan por las v\u00edas.<\/p>\n\n\n\n<p>Con esta iniciativa fomentan el respeto por los l\u00edmites de velocidad, la prevenci\u00f3n del microsue\u00f1o y la atenci\u00f3n plena al conducir, brindando una pausa activa a los conductores, acompa\u00f1ada de un tinto caliente, orientaci\u00f3n pedag\u00f3gica y una charla corta pero impactante sobre seguridad vial.<\/p>\n\n\n\n<p>Cada conductor que se detiene y recibe este gesto, no solo toma un respiro, tambi\u00e9n recibe un mensaje claro: conducir con responsabilidad es un acto de amor hacia la vida propia y la de los dem\u00e1s.<\/p>\n\n\n\n<p>Esta campa\u00f1a no solo es una acci\u00f3n institucional, es un acto de humanidad. Porque en Garagoa entienden que la seguridad vial no es solo una norma, es una cultura que se construye entre todos. Por eso, desde la Secretar\u00eda siguen trabajando con entrega, presencia activa en carretera y pedagog\u00eda constante, para que cada viaje que inicie, llegue a feliz destino.<\/p>\n","protected":false},"excerpt":{"rendered":"<p>Desde la Secretar\u00eda de Tr\u00e1nsito y Transporte de Garagoa, en articulaci\u00f3n con la Polic\u00eda Nacional y Ejercito Nacional<\/p>\n","protected":false},"author":1,"featured_media":42686,"comment_status":"open","ping_status":"open","sticky":false,"template":"","format":"standard","meta":{"om_disable_all_campaigns":false,"_monsterinsights_skip_tracking":false,"_monsterinsights_sitenote_active":false,"_monsterinsights_sitenote_note":"","_monsterinsights_sitenote_category":0,"footnotes":""},"categories":[1],"tags":[],"class_list":["post-42690","post","type-post","status-publish","format-standard","has-post-thumbnail","hentry","category-uncategorized"],"aioseo_notices":[],"_links":{"self":[{"href":"https:\/\/www.boyacaleinforma.com\/index.php?rest_route=\/wp\/v2\/posts\/42690","targetHints":{"allow":["GET"]}}],"collection":[{"href":"https:\/\/www.boyacaleinforma.com\/index.php?rest_route=\/wp\/v2\/posts"}],"about":[{"href":"https:\/\/www.boyacaleinforma.com\/index.php?rest_route=\/wp\/v2\/types\/post"}],"author":[{"embeddable":true,"href":"https:\/\/www.boyacaleinforma.com\/index.php?rest_route=\/wp\/v2\/users\/1"}],"replies":[{"embeddable":true,"href":"https:\/\/www.boyacaleinforma.com\/index.php?rest_route=%2Fwp%2Fv2%2Fcomments&post=42690"}],"version-history":[{"count":0,"href":"https:\/\/www.boyacaleinforma.com\/index.php?rest_route=\/wp\/v2\/posts\/42690\/revisions"}],"wp:featuredmedia":[{"embeddable":true,"href":"https:\/\/www.boyacaleinforma.com\/index.php?rest_route=\/wp\/v2\/media\/42686"}],"wp:attachment":[{"href":"https:\/\/www.boyacaleinforma.com\/index.php?rest_route=%2Fwp%2Fv2%2Fmedia&parent=42690"}],"wp:term":[{"taxonomy":"category","embeddable":true,"href":"https:\/\/www.boyacaleinforma.com\/index.php?rest_route=%2Fwp%2Fv2%2Fcategories&post=42690"},{"taxonomy":"post_tag","embeddable":true,"href":"https:\/\/www.boyacaleinforma.com\/index.php?rest_route=%2Fwp%2Fv2%2Ftags&post=42690"}],"curies":[{"name":"wp","href":"https:\/\/api.w.org\/{rel}","templated":true}]}}