{"id":42709,"date":"2026-03-12T04:47:27","date_gmt":"2026-03-12T09:47:27","guid":{"rendered":"https:\/\/www.boyacaleinforma.com\/?p=42709"},"modified":"2026-03-12T04:47:34","modified_gmt":"2026-03-12T09:47:34","slug":"casa-abrigo-un-legado-que-se-gestiona-en-garagoa","status":"publish","type":"post","link":"https:\/\/www.boyacaleinforma.com\/?p=42709","title":{"rendered":"Casa abrigo, un legado que se gestiona en Garagoa"},"content":{"rendered":"\n<p>En el marco del compromiso con el desarrollo social y la atenci\u00f3n a las poblaciones m\u00e1s vulnerables, el alcalde municipal, en articulaci\u00f3n con la Secretar\u00eda de Desarrollo Econ\u00f3mico y Social y la Secretar\u00eda de Planeaci\u00f3n, sostuvo en el d\u00eda de hoy una reuni\u00f3n con representantes de la Gobernaci\u00f3n de Boyac\u00e1, con el fin de avanzar en la consolidaci\u00f3n del proyecto del Centro de Atenci\u00f3n Social Articulado \u2013 C.A.S.A. Abrigo en el municipio de Garagoa.<\/p>\n\n\n\n<p>Este proyecto, considerado uno de los m\u00e1s importantes y ambiciosos del Plan de Desarrollo del ingeniero Julio Ernesto Sanabria, busca generar un impacto significativo en la calidad de vida de las comunidades vulnerables de Garagoa y de otros municipios de la Provincia de Neira y el oriente boyacense.<\/p>\n","protected":false},"excerpt":{"rendered":"<p>En el marco del compromiso con el desarrollo social y la atenci\u00f3n a las poblaciones m\u00e1s vulnerables, el<\/p>\n","protected":false},"author":1,"featured_media":42703,"comment_status":"open","ping_status":"open","sticky":false,"template":"","format":"standard","meta":{"om_disable_all_campaigns":false,"_monsterinsights_skip_tracking":false,"_monsterinsights_sitenote_active":false,"_monsterinsights_sitenote_note":"","_monsterinsights_sitenote_category":0,"footnotes":""},"categories":[1],"tags":[],"class_list":["post-42709","post","type-post","status-publish","format-standard","has-post-thumbnail","hentry","category-uncategorized"],"aioseo_notices":[],"_links":{"self":[{"href":"https:\/\/www.boyacaleinforma.com\/index.php?rest_route=\/wp\/v2\/posts\/42709","targetHints":{"allow":["GET"]}}],"collection":[{"href":"https:\/\/www.boyacaleinforma.com\/index.php?rest_route=\/wp\/v2\/posts"}],"about":[{"href":"https:\/\/www.boyacaleinforma.com\/index.php?rest_route=\/wp\/v2\/types\/post"}],"author":[{"embeddable":true,"href":"https:\/\/www.boyacaleinforma.com\/index.php?rest_route=\/wp\/v2\/users\/1"}],"replies":[{"embeddable":true,"href":"https:\/\/www.boyacaleinforma.com\/index.php?rest_route=%2Fwp%2Fv2%2Fcomments&post=42709"}],"version-history":[{"count":0,"href":"https:\/\/www.boyacaleinforma.com\/index.php?rest_route=\/wp\/v2\/posts\/42709\/revisions"}],"wp:featuredmedia":[{"embeddable":true,"href":"https:\/\/www.boyacaleinforma.com\/index.php?rest_route=\/wp\/v2\/media\/42703"}],"wp:attachment":[{"href":"https:\/\/www.boyacaleinforma.com\/index.php?rest_route=%2Fwp%2Fv2%2Fmedia&parent=42709"}],"wp:term":[{"taxonomy":"category","embeddable":true,"href":"https:\/\/www.boyacaleinforma.com\/index.php?rest_route=%2Fwp%2Fv2%2Fcategories&post=42709"},{"taxonomy":"post_tag","embeddable":true,"href":"https:\/\/www.boyacaleinforma.com\/index.php?rest_route=%2Fwp%2Fv2%2Ftags&post=42709"}],"curies":[{"name":"wp","href":"https:\/\/api.w.org\/{rel}","templated":true}]}}