{"id":42711,"date":"2026-03-12T04:48:48","date_gmt":"2026-03-12T09:48:48","guid":{"rendered":"https:\/\/www.boyacaleinforma.com\/?p=42711"},"modified":"2026-03-12T04:48:56","modified_gmt":"2026-03-12T09:48:56","slug":"atencion-orientacion-y-acceso-a-programas-que-fortalecen-la-calidad-de-vida-en-cubara","status":"publish","type":"post","link":"https:\/\/www.boyacaleinforma.com\/?p=42711","title":{"rendered":"Atenci\u00f3n, orientaci\u00f3n y acceso a programas que fortalecen la calidad de vida en Cubar\u00e1"},"content":{"rendered":"\n<p>Porque el bienestar de los Cubarenses es prioridad.<\/p>\n\n\n\n<p>Vivieron la Feria de Servicios, un espacio donde distintas entidades como la ESE Hospital Especial de Cubar\u00e1, la UNAD, el Banco Agrario, la Comisar\u00eda de Familia, la Unidad de Servicios P\u00fablicos, Salud P\u00fablica, Oficina de Sisb\u00e9n y Renta Ciudadana de la Administraci\u00f3n Municipal, unieron esfuerzos para brindar atenci\u00f3n, orientaci\u00f3n y acceso a programas que fortalecen la calidad de vida de los Cubarenses, gracias a todos los que participaron y aprovecharon los servicios disponibles.<\/p>\n\n\n\n<p>Siguen trabajando por un municipio con m\u00e1s oportunidades para todos.<\/p>\n","protected":false},"excerpt":{"rendered":"<p>Porque el bienestar de los Cubarenses es prioridad. Vivieron la Feria de Servicios, un espacio donde distintas entidades<\/p>\n","protected":false},"author":1,"featured_media":42701,"comment_status":"open","ping_status":"open","sticky":false,"template":"","format":"standard","meta":{"om_disable_all_campaigns":false,"_monsterinsights_skip_tracking":false,"_monsterinsights_sitenote_active":false,"_monsterinsights_sitenote_note":"","_monsterinsights_sitenote_category":0,"footnotes":""},"categories":[1],"tags":[],"class_list":["post-42711","post","type-post","status-publish","format-standard","has-post-thumbnail","hentry","category-uncategorized"],"aioseo_notices":[],"_links":{"self":[{"href":"https:\/\/www.boyacaleinforma.com\/index.php?rest_route=\/wp\/v2\/posts\/42711","targetHints":{"allow":["GET"]}}],"collection":[{"href":"https:\/\/www.boyacaleinforma.com\/index.php?rest_route=\/wp\/v2\/posts"}],"about":[{"href":"https:\/\/www.boyacaleinforma.com\/index.php?rest_route=\/wp\/v2\/types\/post"}],"author":[{"embeddable":true,"href":"https:\/\/www.boyacaleinforma.com\/index.php?rest_route=\/wp\/v2\/users\/1"}],"replies":[{"embeddable":true,"href":"https:\/\/www.boyacaleinforma.com\/index.php?rest_route=%2Fwp%2Fv2%2Fcomments&post=42711"}],"version-history":[{"count":0,"href":"https:\/\/www.boyacaleinforma.com\/index.php?rest_route=\/wp\/v2\/posts\/42711\/revisions"}],"wp:featuredmedia":[{"embeddable":true,"href":"https:\/\/www.boyacaleinforma.com\/index.php?rest_route=\/wp\/v2\/media\/42701"}],"wp:attachment":[{"href":"https:\/\/www.boyacaleinforma.com\/index.php?rest_route=%2Fwp%2Fv2%2Fmedia&parent=42711"}],"wp:term":[{"taxonomy":"category","embeddable":true,"href":"https:\/\/www.boyacaleinforma.com\/index.php?rest_route=%2Fwp%2Fv2%2Fcategories&post=42711"},{"taxonomy":"post_tag","embeddable":true,"href":"https:\/\/www.boyacaleinforma.com\/index.php?rest_route=%2Fwp%2Fv2%2Ftags&post=42711"}],"curies":[{"name":"wp","href":"https:\/\/api.w.org\/{rel}","templated":true}]}}