{"id":42757,"date":"2026-03-13T04:59:17","date_gmt":"2026-03-13T09:59:17","guid":{"rendered":"https:\/\/www.boyacaleinforma.com\/?p=42757"},"modified":"2026-03-13T04:59:24","modified_gmt":"2026-03-13T09:59:24","slug":"garagoa-se-proyecta-como-sede-regional-del-sena","status":"publish","type":"post","link":"https:\/\/www.boyacaleinforma.com\/?p=42757","title":{"rendered":"Garagoa se proyecta como sede regional del SENA"},"content":{"rendered":"\n<p>En el marco de la instalaci\u00f3n de los Di\u00e1logos Territoriales Comunitarios Campesinos, el alcalde Julio Ernesto Sanabria recibi\u00f3 a representantes de cuatro municipios de la provincia de Neira y los invit\u00f3 a unir esfuerzos para consolidar una sede regional del SENA en el municipio de Garagoa.<\/p>\n\n\n\n<p>Durante el encuentro, que cont\u00f3 con la participaci\u00f3n de los alcaldes y delegaciones de Chinavita, Macanal, Pachavita y Tenza, el SENA que destac\u00f3 el compromiso del alcalde de Garagoa por ofrecer el espacio f\u00edsico para el funcionamiento del Servicio Nacional de Aprendizaje y las universidades que deseen ampliar su oferta en Garagoa. Asimismo, asegur\u00f3 que continuar\u00e1n los acercamientos institucionales con el fin de ampliar la oferta de programas de formaci\u00f3n que beneficien a los habitantes del Valle de Tenza.<\/p>\n","protected":false},"excerpt":{"rendered":"<p>En el marco de la instalaci\u00f3n de los Di\u00e1logos Territoriales Comunitarios Campesinos, el alcalde Julio Ernesto Sanabria recibi\u00f3<\/p>\n","protected":false},"author":1,"featured_media":42751,"comment_status":"open","ping_status":"open","sticky":false,"template":"","format":"standard","meta":{"om_disable_all_campaigns":false,"_monsterinsights_skip_tracking":false,"_monsterinsights_sitenote_active":false,"_monsterinsights_sitenote_note":"","_monsterinsights_sitenote_category":0,"footnotes":""},"categories":[1],"tags":[],"class_list":["post-42757","post","type-post","status-publish","format-standard","has-post-thumbnail","hentry","category-uncategorized"],"aioseo_notices":[],"_links":{"self":[{"href":"https:\/\/www.boyacaleinforma.com\/index.php?rest_route=\/wp\/v2\/posts\/42757","targetHints":{"allow":["GET"]}}],"collection":[{"href":"https:\/\/www.boyacaleinforma.com\/index.php?rest_route=\/wp\/v2\/posts"}],"about":[{"href":"https:\/\/www.boyacaleinforma.com\/index.php?rest_route=\/wp\/v2\/types\/post"}],"author":[{"embeddable":true,"href":"https:\/\/www.boyacaleinforma.com\/index.php?rest_route=\/wp\/v2\/users\/1"}],"replies":[{"embeddable":true,"href":"https:\/\/www.boyacaleinforma.com\/index.php?rest_route=%2Fwp%2Fv2%2Fcomments&post=42757"}],"version-history":[{"count":0,"href":"https:\/\/www.boyacaleinforma.com\/index.php?rest_route=\/wp\/v2\/posts\/42757\/revisions"}],"wp:featuredmedia":[{"embeddable":true,"href":"https:\/\/www.boyacaleinforma.com\/index.php?rest_route=\/wp\/v2\/media\/42751"}],"wp:attachment":[{"href":"https:\/\/www.boyacaleinforma.com\/index.php?rest_route=%2Fwp%2Fv2%2Fmedia&parent=42757"}],"wp:term":[{"taxonomy":"category","embeddable":true,"href":"https:\/\/www.boyacaleinforma.com\/index.php?rest_route=%2Fwp%2Fv2%2Fcategories&post=42757"},{"taxonomy":"post_tag","embeddable":true,"href":"https:\/\/www.boyacaleinforma.com\/index.php?rest_route=%2Fwp%2Fv2%2Ftags&post=42757"}],"curies":[{"name":"wp","href":"https:\/\/api.w.org\/{rel}","templated":true}]}}