{"id":42761,"date":"2026-03-13T05:01:26","date_gmt":"2026-03-13T10:01:26","guid":{"rendered":"https:\/\/www.boyacaleinforma.com\/?p=42761"},"modified":"2026-03-13T05:01:33","modified_gmt":"2026-03-13T10:01:33","slug":"sede-educativa-llano-de-alarcon-en-cuitiva","status":"publish","type":"post","link":"https:\/\/www.boyacaleinforma.com\/?p=42761","title":{"rendered":"Sede educativa Llano de Alarc\u00f3n en Cu\u00edtiva"},"content":{"rendered":"\n<p>La escuela rural de la vereda promueve actividades educativas y comunitarias como jornadas de educaci\u00f3n ambiental, siembra de \u00e1rboles, cuidado de huertas escolares, caminatas ecol\u00f3gicas y celebraciones con enfoque art\u00edstico y agr\u00edcola. Cuenta con aulas funcionales, zona verde, una peque\u00f1a cancha, huerta escolar y servicios b\u00e1sicos como agua potable, energ\u00eda el\u00e9ctrica y ba\u00f1os. Su acceso es por carretera pavimentada, lo que facilita la llegada en veh\u00edculo o motocicleta.<\/p>\n\n\n\n<p>Es un referente local en conservaci\u00f3n, fomentando el reciclaje, el uso responsable del agua y la siembra de especies nativas. La escuela no solo educa a ni\u00f1os, sino que tambi\u00e9n integra a sus familias en el cuidado del territorio. Representa un espacio clave para la comunidad, s\u00edmbolo de resistencia campesina y derecho a la educaci\u00f3n rural. A lo largo del tiempo, ha sido testigo y guardiana de la memoria hist\u00f3rica de varias generaciones que han crecido en sus aulas.<\/p>\n","protected":false},"excerpt":{"rendered":"<p>La escuela rural de la vereda promueve actividades educativas y comunitarias como jornadas de educaci\u00f3n ambiental, siembra de<\/p>\n","protected":false},"author":1,"featured_media":42750,"comment_status":"open","ping_status":"open","sticky":false,"template":"","format":"standard","meta":{"om_disable_all_campaigns":false,"_monsterinsights_skip_tracking":false,"_monsterinsights_sitenote_active":false,"_monsterinsights_sitenote_note":"","_monsterinsights_sitenote_category":0,"footnotes":""},"categories":[1],"tags":[],"class_list":["post-42761","post","type-post","status-publish","format-standard","has-post-thumbnail","hentry","category-uncategorized"],"aioseo_notices":[],"_links":{"self":[{"href":"https:\/\/www.boyacaleinforma.com\/index.php?rest_route=\/wp\/v2\/posts\/42761","targetHints":{"allow":["GET"]}}],"collection":[{"href":"https:\/\/www.boyacaleinforma.com\/index.php?rest_route=\/wp\/v2\/posts"}],"about":[{"href":"https:\/\/www.boyacaleinforma.com\/index.php?rest_route=\/wp\/v2\/types\/post"}],"author":[{"embeddable":true,"href":"https:\/\/www.boyacaleinforma.com\/index.php?rest_route=\/wp\/v2\/users\/1"}],"replies":[{"embeddable":true,"href":"https:\/\/www.boyacaleinforma.com\/index.php?rest_route=%2Fwp%2Fv2%2Fcomments&post=42761"}],"version-history":[{"count":0,"href":"https:\/\/www.boyacaleinforma.com\/index.php?rest_route=\/wp\/v2\/posts\/42761\/revisions"}],"wp:featuredmedia":[{"embeddable":true,"href":"https:\/\/www.boyacaleinforma.com\/index.php?rest_route=\/wp\/v2\/media\/42750"}],"wp:attachment":[{"href":"https:\/\/www.boyacaleinforma.com\/index.php?rest_route=%2Fwp%2Fv2%2Fmedia&parent=42761"}],"wp:term":[{"taxonomy":"category","embeddable":true,"href":"https:\/\/www.boyacaleinforma.com\/index.php?rest_route=%2Fwp%2Fv2%2Fcategories&post=42761"},{"taxonomy":"post_tag","embeddable":true,"href":"https:\/\/www.boyacaleinforma.com\/index.php?rest_route=%2Fwp%2Fv2%2Ftags&post=42761"}],"curies":[{"name":"wp","href":"https:\/\/api.w.org\/{rel}","templated":true}]}}