{"id":43221,"date":"2026-04-16T06:34:30","date_gmt":"2026-04-16T11:34:30","guid":{"rendered":"https:\/\/www.boyacaleinforma.com\/?p=43221"},"modified":"2026-04-16T06:54:27","modified_gmt":"2026-04-16T11:54:27","slug":"boyaca-enfrenta-al-enemigo-silencioso-ofensiva-sanitaria-busca-frenar-el-chagas-en-comunidades-indigenas","status":"publish","type":"post","link":"https:\/\/www.boyacaleinforma.com\/?p=43221","title":{"rendered":"Boyac\u00e1 enfrenta al \u201cenemigo silencioso\u201d: ofensiva sanitaria busca frenar el Chagas en comunidades ind\u00edgenas"},"content":{"rendered":"\n<p>En las zonas m\u00e1s apartadas de Boyac\u00e1, donde el acceso a la salud a\u00fan enfrenta m\u00faltiples desaf\u00edos, una enfermedad silenciosa sigue afectando a poblaciones vulnerables. Se trata de la enfermedad de Chagas, un padecimiento que puede pasar desapercibido durante a\u00f1os, pero que tiene consecuencias graves si no se detecta a tiempo. Ahora, las autoridades han decidido actuar con una estrategia que va m\u00e1s all\u00e1 de lo convencional.<br><br>La Secretar\u00eda de Salud de Boyac\u00e1 liderar\u00e1 un seminario\u2013taller clave en el municipio de Cubar\u00e1 los d\u00edas 16 y 17 de abril, con el objetivo de eliminar las barreras que dificultan el diagn\u00f3stico y tratamiento de esta enfermedad en comunidades ind\u00edgenas, especialmente en el pueblo U\u2019wa.<br><br>El encuentro reunir\u00e1 a autoridades de salud, l\u00edderes comunitarios, representantes ind\u00edgenas y expertos t\u00e9cnicos, quienes trabajar\u00e1n en conjunto para identificar los principales obst\u00e1culos que impiden una atenci\u00f3n oportuna. Entre ellos se destacan las dificultades geogr\u00e1ficas, las diferencias culturales y las limitaciones en el acceso a servicios m\u00e9dicos especializados.<br><br>A diferencia de otros espacios institucionales, este seminario apostar\u00e1 por un enfoque intercultural, donde el di\u00e1logo de saberes ser\u00e1 fundamental. La meta no es solo mejorar cifras, sino construir soluciones que respeten las tradiciones y realidades de las comunidades, integrando sus conocimientos con la medicina occidental.<br><br>Desde el Gobierno departamental se ha reiterado que la lucha contra el Chagas es una prioridad. A trav\u00e9s del programa de Enfermedades Transmitidas por Vectores, se vienen adelantando acciones de promoci\u00f3n, prevenci\u00f3n, diagn\u00f3stico y tratamiento en todo el territorio, buscando una respuesta integral y sostenida.<br><br>Expertos advierten que el Chagas, transmitido principalmente por insectos conocidos como \u201cpitos\u201d, puede afectar el coraz\u00f3n y otros \u00f3rganos si no se trata a tiempo. Por ello, iniciativas como esta no solo buscan atender casos existentes, sino tambi\u00e9n prevenir nuevos contagios mediante educaci\u00f3n y vigilancia comunitaria.<br><br>Con este tipo de estrategias, Boyac\u00e1 da un paso importante hacia un modelo de salud m\u00e1s inclusivo y equitativo, donde ninguna comunidad quede atr\u00e1s. La apuesta es clara: derribar barreras, salvar vidas y enfrentar con decisi\u00f3n una enfermedad que por a\u00f1os ha permanecido en las sombras.<\/p>\n","protected":false},"excerpt":{"rendered":"<p>En las zonas m\u00e1s apartadas de Boyac\u00e1, donde el acceso a la salud a\u00fan enfrenta m\u00faltiples desaf\u00edos, una<\/p>\n","protected":false},"author":1,"featured_media":43212,"comment_status":"open","ping_status":"open","sticky":false,"template":"","format":"standard","meta":{"om_disable_all_campaigns":false,"_monsterinsights_skip_tracking":false,"_monsterinsights_sitenote_active":false,"_monsterinsights_sitenote_note":"","_monsterinsights_sitenote_category":0,"footnotes":""},"categories":[5],"tags":[10],"class_list":["post-43221","post","type-post","status-publish","format-standard","has-post-thumbnail","hentry","category-boyaca","tag-noticias"],"aioseo_notices":[],"_links":{"self":[{"href":"https:\/\/www.boyacaleinforma.com\/index.php?rest_route=\/wp\/v2\/posts\/43221","targetHints":{"allow":["GET"]}}],"collection":[{"href":"https:\/\/www.boyacaleinforma.com\/index.php?rest_route=\/wp\/v2\/posts"}],"about":[{"href":"https:\/\/www.boyacaleinforma.com\/index.php?rest_route=\/wp\/v2\/types\/post"}],"author":[{"embeddable":true,"href":"https:\/\/www.boyacaleinforma.com\/index.php?rest_route=\/wp\/v2\/users\/1"}],"replies":[{"embeddable":true,"href":"https:\/\/www.boyacaleinforma.com\/index.php?rest_route=%2Fwp%2Fv2%2Fcomments&post=43221"}],"version-history":[{"count":1,"href":"https:\/\/www.boyacaleinforma.com\/index.php?rest_route=\/wp\/v2\/posts\/43221\/revisions"}],"predecessor-version":[{"id":43222,"href":"https:\/\/www.boyacaleinforma.com\/index.php?rest_route=\/wp\/v2\/posts\/43221\/revisions\/43222"}],"wp:featuredmedia":[{"embeddable":true,"href":"https:\/\/www.boyacaleinforma.com\/index.php?rest_route=\/wp\/v2\/media\/43212"}],"wp:attachment":[{"href":"https:\/\/www.boyacaleinforma.com\/index.php?rest_route=%2Fwp%2Fv2%2Fmedia&parent=43221"}],"wp:term":[{"taxonomy":"category","embeddable":true,"href":"https:\/\/www.boyacaleinforma.com\/index.php?rest_route=%2Fwp%2Fv2%2Fcategories&post=43221"},{"taxonomy":"post_tag","embeddable":true,"href":"https:\/\/www.boyacaleinforma.com\/index.php?rest_route=%2Fwp%2Fv2%2Ftags&post=43221"}],"curies":[{"name":"wp","href":"https:\/\/api.w.org\/{rel}","templated":true}]}}