{"id":43235,"date":"2026-04-16T06:45:51","date_gmt":"2026-04-16T11:45:51","guid":{"rendered":"https:\/\/www.boyacaleinforma.com\/?p=43235"},"modified":"2026-04-16T06:46:04","modified_gmt":"2026-04-16T11:46:04","slug":"inauguracion-de-la-sede-primaria-y-restaurante-escolar-de-la-i-e-tecnica-industrial-y-placa-huella-en-turmeque","status":"publish","type":"post","link":"https:\/\/www.boyacaleinforma.com\/?p=43235","title":{"rendered":"Inauguraci\u00f3n de la sede primaria y restaurante escolar de la I.E T\u00e9cnica Industrial y placa huella en Turmequ\u00e9"},"content":{"rendered":"\n<p>Celebran una gran jornada para la educaci\u00f3n y el desarrollo de Turmequ\u00e9.<\/p>\n\n\n\n<p>Con alegr\u00eda recibieron al ministro de Educaci\u00f3n, Daniel Rojas y al gobernador de Boyac\u00e1 Carlos Amaya, para entregar obras que dignifican el presente y futuro de ni\u00f1os, ni\u00f1as y j\u00f3venes.<\/p>\n\n\n\n<p>Inauguraron la nueva sede primaria de la I.E T\u00e9cnica Industrial, con una inversi\u00f3n de $7.570 millones del Ministerio de Educaci\u00f3n, la Gobernaci\u00f3n de Boyac\u00e1 y la Alcald\u00eda liderada por Giovanni Vela Bernal.<\/p>\n\n\n\n<p>Un espacio moderno y digno con:<\/p>\n\n\n\n<p>2 aulas de preescolar<\/p>\n\n\n\n<p>5 aulas de b\u00e1sica primaria<\/p>\n\n\n\n<p>1 biblioteca, 1 aula de biling\u00fcismo, 1 de tecnolog\u00eda y multimedia, 1 aula polivalente y un escenario deportivo.<\/p>\n\n\n\n<p>Tambi\u00e9n entregaron la nueva v\u00eda, aleda\u00f1a a esta sede primaria, construida gracias al esfuerzo de la comunidad, a la gerencia de Convites Comunales de Boyac\u00e1 y a la Junta de Acci\u00f3n Comunal del Centro.<\/p>\n\n\n\n<p>Y celebraron la apertura del nuevo restaurante escolar de la sede secundaria, un espacio digno para la alimentaci\u00f3n de los estudiantes.<\/p>\n","protected":false},"excerpt":{"rendered":"<p>Celebran una gran jornada para la educaci\u00f3n y el desarrollo de Turmequ\u00e9. Con alegr\u00eda recibieron al ministro de<\/p>\n","protected":false},"author":1,"featured_media":43229,"comment_status":"open","ping_status":"open","sticky":false,"template":"","format":"standard","meta":{"om_disable_all_campaigns":false,"_monsterinsights_skip_tracking":false,"_monsterinsights_sitenote_active":false,"_monsterinsights_sitenote_note":"","_monsterinsights_sitenote_category":0,"footnotes":""},"categories":[1],"tags":[],"class_list":["post-43235","post","type-post","status-publish","format-standard","has-post-thumbnail","hentry","category-uncategorized"],"aioseo_notices":[],"_links":{"self":[{"href":"https:\/\/www.boyacaleinforma.com\/index.php?rest_route=\/wp\/v2\/posts\/43235","targetHints":{"allow":["GET"]}}],"collection":[{"href":"https:\/\/www.boyacaleinforma.com\/index.php?rest_route=\/wp\/v2\/posts"}],"about":[{"href":"https:\/\/www.boyacaleinforma.com\/index.php?rest_route=\/wp\/v2\/types\/post"}],"author":[{"embeddable":true,"href":"https:\/\/www.boyacaleinforma.com\/index.php?rest_route=\/wp\/v2\/users\/1"}],"replies":[{"embeddable":true,"href":"https:\/\/www.boyacaleinforma.com\/index.php?rest_route=%2Fwp%2Fv2%2Fcomments&post=43235"}],"version-history":[{"count":1,"href":"https:\/\/www.boyacaleinforma.com\/index.php?rest_route=\/wp\/v2\/posts\/43235\/revisions"}],"predecessor-version":[{"id":43236,"href":"https:\/\/www.boyacaleinforma.com\/index.php?rest_route=\/wp\/v2\/posts\/43235\/revisions\/43236"}],"wp:featuredmedia":[{"embeddable":true,"href":"https:\/\/www.boyacaleinforma.com\/index.php?rest_route=\/wp\/v2\/media\/43229"}],"wp:attachment":[{"href":"https:\/\/www.boyacaleinforma.com\/index.php?rest_route=%2Fwp%2Fv2%2Fmedia&parent=43235"}],"wp:term":[{"taxonomy":"category","embeddable":true,"href":"https:\/\/www.boyacaleinforma.com\/index.php?rest_route=%2Fwp%2Fv2%2Fcategories&post=43235"},{"taxonomy":"post_tag","embeddable":true,"href":"https:\/\/www.boyacaleinforma.com\/index.php?rest_route=%2Fwp%2Fv2%2Ftags&post=43235"}],"curies":[{"name":"wp","href":"https:\/\/api.w.org\/{rel}","templated":true}]}}