{"id":43323,"date":"2026-04-20T22:43:28","date_gmt":"2026-04-21T03:43:28","guid":{"rendered":"https:\/\/www.boyacaleinforma.com\/?p=43323"},"modified":"2026-04-20T22:44:23","modified_gmt":"2026-04-21T03:44:23","slug":"boyaca-activa-gran-cruzada-por-la-salud-vacunacion-masiva-busca-proteger-a-miles-de-familias","status":"publish","type":"post","link":"https:\/\/www.boyacaleinforma.com\/?p=43323","title":{"rendered":"Boyac\u00e1 activa gran cruzada por la salud: vacunaci\u00f3n masiva busca proteger a miles de familias"},"content":{"rendered":"\n<p>Con el objetivo de reforzar la protecci\u00f3n colectiva y prevenir enfermedades inmunoprevenibles, Boyac\u00e1 se prepara para una de las jornadas m\u00e1s importantes en materia de salud p\u00fablica del a\u00f1o: la Segunda Jornada Nacional de Vacunaci\u00f3n, enmarcada en la Semana de Vacunaci\u00f3n de las Am\u00e9ricas y la Semana Mundial de Inmunizaci\u00f3n.<br><br>Bajo el lema \u201cTu decisi\u00f3n marca la diferencia. Inmunizaci\u00f3n para todos\u201d, la estrategia se desarrollar\u00e1 entre el 1 de abril y el 2 de mayo, teniendo como d\u00eda central el pr\u00f3ximo 25 de abril.<br><br>Cobertura ampliada y atenci\u00f3n en todo el territorio<br><br>Desde la Gobernaci\u00f3n de Boyac\u00e1, a trav\u00e9s de la Secretar\u00eda de Salud, se hizo un llamado a instituciones, autoridades locales y ciudadan\u00eda para sumarse activamente a esta campa\u00f1a que prioriza a ni\u00f1os menores de seis a\u00f1os, mujeres gestantes y poblaci\u00f3n en riesgo.<br><br>De acuerdo con Sandra Antol\u00ednez Aunta, referente del Programa Ampliado de Inmunizaciones (PAI), esta jornada busca no solo aumentar las coberturas, sino tambi\u00e9n fortalecer la confianza en las vacunas mediante procesos seguros y con enfoque diferencial.<br><br>Para lograrlo, se implementar\u00e1n estrategias como:<br><br>Ampliaci\u00f3n de horarios en puntos de vacunaci\u00f3n.<br>Jornadas casa a casa en zonas urbanas y rurales.<br>Vacunaci\u00f3n en instituciones educativas y espacios de alta afluencia.<br>Fechas clave de la jornada<br><br>La programaci\u00f3n incluye varias fases para facilitar el acceso de la poblaci\u00f3n:<br><br>Prejornada: del 1 al 24 de abril.<br>D\u00eda central: 25 de abril.<br>Semana intensificada: del 25 de abril al 2 de mayo.<br>Vacunat\u00f3n nocturna: 30 de abril.<br><br>Esta \u00faltima se llevar\u00e1 a cabo en municipios principales como Tunja, Duitama, Sogamoso, Chiquinquir\u00e1 y Puerto Boyac\u00e1, mientras que en otros municipios se realizar\u00e1n jornadas extramurales en la misma fecha.<br><br>Un compromiso con la vida<br><br>Las autoridades de salud recalcan que la vacunaci\u00f3n sigue siendo una de las herramientas m\u00e1s efectivas para prevenir enfermedades y salvar vidas. En este sentido, Candy Samanta Rodr\u00edguez Castillo, directora de Promoci\u00f3n y Prevenci\u00f3n, enfatiz\u00f3 que completar los esquemas de vacunaci\u00f3n es una responsabilidad tanto individual como colectiva.<br><br>Adem\u00e1s, la campa\u00f1a busca garantizar el cumplimiento de lineamientos t\u00e9cnicos, el adecuado reporte de informaci\u00f3n y la ejecuci\u00f3n de planes municipales que permitan alcanzar las metas establecidas.<br><br>La invitaci\u00f3n: vacunarse es proteger<br><br>La jornada no solo representa una acci\u00f3n institucional, sino un esfuerzo conjunto entre el sistema de salud y la comunidad. El llamado es claro: acudir a los puntos habilitados, verificar los carn\u00e9s de vacunaci\u00f3n y completar los esquemas pendientes.<br><br>En Boyac\u00e1, la decisi\u00f3n de vacunarse no solo protege a quien recibe la dosis, sino que fortalece la salud de todo un territorio.<\/p>\n","protected":false},"excerpt":{"rendered":"<p>Con el objetivo de reforzar la protecci\u00f3n colectiva y prevenir enfermedades inmunoprevenibles, Boyac\u00e1 se prepara para una de<\/p>\n","protected":false},"author":1,"featured_media":43312,"comment_status":"open","ping_status":"open","sticky":false,"template":"","format":"standard","meta":{"om_disable_all_campaigns":false,"_monsterinsights_skip_tracking":false,"_monsterinsights_sitenote_active":false,"_monsterinsights_sitenote_note":"","_monsterinsights_sitenote_category":0,"footnotes":""},"categories":[5],"tags":[10],"class_list":["post-43323","post","type-post","status-publish","format-standard","has-post-thumbnail","hentry","category-boyaca","tag-noticias"],"aioseo_notices":[],"_links":{"self":[{"href":"https:\/\/www.boyacaleinforma.com\/index.php?rest_route=\/wp\/v2\/posts\/43323","targetHints":{"allow":["GET"]}}],"collection":[{"href":"https:\/\/www.boyacaleinforma.com\/index.php?rest_route=\/wp\/v2\/posts"}],"about":[{"href":"https:\/\/www.boyacaleinforma.com\/index.php?rest_route=\/wp\/v2\/types\/post"}],"author":[{"embeddable":true,"href":"https:\/\/www.boyacaleinforma.com\/index.php?rest_route=\/wp\/v2\/users\/1"}],"replies":[{"embeddable":true,"href":"https:\/\/www.boyacaleinforma.com\/index.php?rest_route=%2Fwp%2Fv2%2Fcomments&post=43323"}],"version-history":[{"count":1,"href":"https:\/\/www.boyacaleinforma.com\/index.php?rest_route=\/wp\/v2\/posts\/43323\/revisions"}],"predecessor-version":[{"id":43324,"href":"https:\/\/www.boyacaleinforma.com\/index.php?rest_route=\/wp\/v2\/posts\/43323\/revisions\/43324"}],"wp:featuredmedia":[{"embeddable":true,"href":"https:\/\/www.boyacaleinforma.com\/index.php?rest_route=\/wp\/v2\/media\/43312"}],"wp:attachment":[{"href":"https:\/\/www.boyacaleinforma.com\/index.php?rest_route=%2Fwp%2Fv2%2Fmedia&parent=43323"}],"wp:term":[{"taxonomy":"category","embeddable":true,"href":"https:\/\/www.boyacaleinforma.com\/index.php?rest_route=%2Fwp%2Fv2%2Fcategories&post=43323"},{"taxonomy":"post_tag","embeddable":true,"href":"https:\/\/www.boyacaleinforma.com\/index.php?rest_route=%2Fwp%2Fv2%2Ftags&post=43323"}],"curies":[{"name":"wp","href":"https:\/\/api.w.org\/{rel}","templated":true}]}}