{"id":43335,"date":"2026-04-21T08:53:26","date_gmt":"2026-04-21T13:53:26","guid":{"rendered":"https:\/\/www.boyacaleinforma.com\/?p=43335"},"modified":"2026-04-21T08:53:38","modified_gmt":"2026-04-21T13:53:38","slug":"turmeque-realizo-convite-comunitario-en-el-barrio-la-capilla","status":"publish","type":"post","link":"https:\/\/www.boyacaleinforma.com\/?p=43335","title":{"rendered":"Turmequ\u00e9 realiz\u00f3 Convite Comunitario en el barrio La Capilla"},"content":{"rendered":"\n<p>Gracias al compromiso y la entrega de la gente, esta jornada de trabajo conjunto ya muestra importantes avances.<\/p>\n\n\n\n<p>En nombre del alcalde Giovanni Vela Bernal, la Junta de Acci\u00f3n Comunal Central y Convites Comunales de la Gobernaci\u00f3n de Boyac\u00e1, agradecen sinceramente a cada una de las personas que se han sumado con su esfuerzo, tiempo y voluntad para mejorar este sector.<\/p>\n\n\n\n<p>\u00a1Tu ayuda sigue siendo muy valiosa! La invitaci\u00f3n contin\u00faa abierta para que m\u00e1s turmequenses se unan a esta labor colectiva que fortalece los lazos y embellece el municipio.<\/p>\n","protected":false},"excerpt":{"rendered":"<p>Gracias al compromiso y la entrega de la gente, esta jornada de trabajo conjunto ya muestra importantes avances.<\/p>\n","protected":false},"author":1,"featured_media":43330,"comment_status":"open","ping_status":"open","sticky":false,"template":"","format":"standard","meta":{"om_disable_all_campaigns":false,"_monsterinsights_skip_tracking":false,"_monsterinsights_sitenote_active":false,"_monsterinsights_sitenote_note":"","_monsterinsights_sitenote_category":0,"footnotes":""},"categories":[1],"tags":[],"class_list":["post-43335","post","type-post","status-publish","format-standard","has-post-thumbnail","hentry","category-uncategorized"],"aioseo_notices":[],"_links":{"self":[{"href":"https:\/\/www.boyacaleinforma.com\/index.php?rest_route=\/wp\/v2\/posts\/43335","targetHints":{"allow":["GET"]}}],"collection":[{"href":"https:\/\/www.boyacaleinforma.com\/index.php?rest_route=\/wp\/v2\/posts"}],"about":[{"href":"https:\/\/www.boyacaleinforma.com\/index.php?rest_route=\/wp\/v2\/types\/post"}],"author":[{"embeddable":true,"href":"https:\/\/www.boyacaleinforma.com\/index.php?rest_route=\/wp\/v2\/users\/1"}],"replies":[{"embeddable":true,"href":"https:\/\/www.boyacaleinforma.com\/index.php?rest_route=%2Fwp%2Fv2%2Fcomments&post=43335"}],"version-history":[{"count":1,"href":"https:\/\/www.boyacaleinforma.com\/index.php?rest_route=\/wp\/v2\/posts\/43335\/revisions"}],"predecessor-version":[{"id":43336,"href":"https:\/\/www.boyacaleinforma.com\/index.php?rest_route=\/wp\/v2\/posts\/43335\/revisions\/43336"}],"wp:featuredmedia":[{"embeddable":true,"href":"https:\/\/www.boyacaleinforma.com\/index.php?rest_route=\/wp\/v2\/media\/43330"}],"wp:attachment":[{"href":"https:\/\/www.boyacaleinforma.com\/index.php?rest_route=%2Fwp%2Fv2%2Fmedia&parent=43335"}],"wp:term":[{"taxonomy":"category","embeddable":true,"href":"https:\/\/www.boyacaleinforma.com\/index.php?rest_route=%2Fwp%2Fv2%2Fcategories&post=43335"},{"taxonomy":"post_tag","embeddable":true,"href":"https:\/\/www.boyacaleinforma.com\/index.php?rest_route=%2Fwp%2Fv2%2Ftags&post=43335"}],"curies":[{"name":"wp","href":"https:\/\/api.w.org\/{rel}","templated":true}]}}