{"id":43369,"date":"2026-04-22T05:32:45","date_gmt":"2026-04-22T10:32:45","guid":{"rendered":"https:\/\/www.boyacaleinforma.com\/?p=43369"},"modified":"2026-04-22T05:38:24","modified_gmt":"2026-04-22T10:38:24","slug":"boyaca-arrasa-en-medellin-50-medallas-y-un-reinado-absoluto-en-la-gimnasia-ritmica-nacional","status":"publish","type":"post","link":"https:\/\/www.boyacaleinforma.com\/?p=43369","title":{"rendered":"Boyac\u00e1 arrasa en Medell\u00edn: 50 medallas y un reinado absoluto en la gimnasia r\u00edtmica nacional"},"content":{"rendered":"\n<p>Boyac\u00e1 no solo compiti\u00f3\u2026 domin\u00f3. Con una actuaci\u00f3n contundente que dej\u00f3 sin opciones a sus rivales, la delegaci\u00f3n del departamento se coron\u00f3 campeona nacional de gimnasia r\u00edtmica en el campeonato realizado en Medell\u00edn, confirmando lo que ya muchos sospechaban: el territorio boyacense es hoy la gran potencia de esta disciplina en Colombia.<br><br>El equipo, integrado por 32 atletas, logr\u00f3 una cifra impresionante: 26 medallas de oro, 10 de plata y 14 de bronce, para un total de 50 preseas que consolidaron su liderazgo en todas las categor\u00edas, desde Ac1 hasta mayores. Una verdadera exhibici\u00f3n de talento, disciplina y preparaci\u00f3n.<br><br>El respaldo institucional fue clave. El proceso deportivo cont\u00f3 con el apoyo de la Gobernaci\u00f3n de Boyac\u00e1 e Indeportes Boyac\u00e1, entidades que han venido fortaleciendo el desarrollo de las gimnastas y apost\u00e1ndole al alto rendimiento.<br><br>Pero el \u00e9xito no se queda en el \u00e1mbito nacional. Dos de las figuras m\u00e1s destacadas, Mariana Pati\u00f1o y Jimena Mendoza, llevar\u00e1n el nombre del departamento al escenario internacional al competir en el torneo de Portim\u00e3o, Portugal, el pr\u00f3ximo mes de mayo en la modalidad individual senior.<br><br>A esto se suma otro logro significativo: en la modalidad de gimnasia de trampol\u00edn, dos deportistas boyacenses fueron seleccionados para representar a Colombia en el Campeonato Panamericano, reafirmando el alcance del talento regional m\u00e1s all\u00e1 de las fronteras.<br><br>Detr\u00e1s de este triunfo hay un equipo t\u00e9cnico comprometido. La preparaci\u00f3n y direcci\u00f3n de las gimnastas r\u00edtmicas estuvo liderada por la licenciada Mariangel Balza, mientras que la orientaci\u00f3n en trampol\u00edn estuvo a cargo de Ingrid G\u00f3mez. Como instructora particip\u00f3 Deisy Paola Talero, y en calidad de delegado, William G\u00f3mez, presidente de la Liga de Gimnasia de Boyac\u00e1.<br><br>Este nuevo t\u00edtulo no solo suma al palmar\u00e9s del departamento, sino que env\u00eda un mensaje claro: Boyac\u00e1 est\u00e1 marcando el ritmo de la gimnasia en Colombia\u2026 y ahora apunta al mundo.<\/p>\n","protected":false},"excerpt":{"rendered":"<p>Boyac\u00e1 no solo compiti\u00f3\u2026 domin\u00f3. Con una actuaci\u00f3n contundente que dej\u00f3 sin opciones a sus rivales, la delegaci\u00f3n<\/p>\n","protected":false},"author":1,"featured_media":43366,"comment_status":"open","ping_status":"open","sticky":false,"template":"","format":"standard","meta":{"om_disable_all_campaigns":false,"_monsterinsights_skip_tracking":false,"_monsterinsights_sitenote_active":false,"_monsterinsights_sitenote_note":"","_monsterinsights_sitenote_category":0,"footnotes":""},"categories":[7],"tags":[10],"class_list":["post-43369","post","type-post","status-publish","format-standard","has-post-thumbnail","hentry","category-deportes","tag-noticias"],"aioseo_notices":[],"_links":{"self":[{"href":"https:\/\/www.boyacaleinforma.com\/index.php?rest_route=\/wp\/v2\/posts\/43369","targetHints":{"allow":["GET"]}}],"collection":[{"href":"https:\/\/www.boyacaleinforma.com\/index.php?rest_route=\/wp\/v2\/posts"}],"about":[{"href":"https:\/\/www.boyacaleinforma.com\/index.php?rest_route=\/wp\/v2\/types\/post"}],"author":[{"embeddable":true,"href":"https:\/\/www.boyacaleinforma.com\/index.php?rest_route=\/wp\/v2\/users\/1"}],"replies":[{"embeddable":true,"href":"https:\/\/www.boyacaleinforma.com\/index.php?rest_route=%2Fwp%2Fv2%2Fcomments&post=43369"}],"version-history":[{"count":1,"href":"https:\/\/www.boyacaleinforma.com\/index.php?rest_route=\/wp\/v2\/posts\/43369\/revisions"}],"predecessor-version":[{"id":43370,"href":"https:\/\/www.boyacaleinforma.com\/index.php?rest_route=\/wp\/v2\/posts\/43369\/revisions\/43370"}],"wp:featuredmedia":[{"embeddable":true,"href":"https:\/\/www.boyacaleinforma.com\/index.php?rest_route=\/wp\/v2\/media\/43366"}],"wp:attachment":[{"href":"https:\/\/www.boyacaleinforma.com\/index.php?rest_route=%2Fwp%2Fv2%2Fmedia&parent=43369"}],"wp:term":[{"taxonomy":"category","embeddable":true,"href":"https:\/\/www.boyacaleinforma.com\/index.php?rest_route=%2Fwp%2Fv2%2Fcategories&post=43369"},{"taxonomy":"post_tag","embeddable":true,"href":"https:\/\/www.boyacaleinforma.com\/index.php?rest_route=%2Fwp%2Fv2%2Ftags&post=43369"}],"curies":[{"name":"wp","href":"https:\/\/api.w.org\/{rel}","templated":true}]}}