{"id":43373,"date":"2026-04-22T05:35:16","date_gmt":"2026-04-22T10:35:16","guid":{"rendered":"https:\/\/www.boyacaleinforma.com\/?p=43373"},"modified":"2026-04-22T05:37:47","modified_gmt":"2026-04-22T10:37:47","slug":"tunja-seduce-a-inversionistas-y-familias-la-feria-que-movio-mas-de-8-000-millones-y-reactivo-el-sueno-de-vivienda-propia","status":"publish","type":"post","link":"https:\/\/www.boyacaleinforma.com\/?p=43373","title":{"rendered":"Tunja seduce a inversionistas y familias: la feria que movi\u00f3 m\u00e1s de $8.000 millones y reactiv\u00f3 el sue\u00f1o de vivienda propia"},"content":{"rendered":"\n<p>Tunja est\u00e1 dando un paso firme para convertirse en el epicentro inmobiliario de Boyac\u00e1. Lo que ocurri\u00f3 entre el 10 y el 12 de abril no fue solo una feria: fue una muestra clara de c\u00f3mo la capital boyacense est\u00e1 conectando oportunidades, inversi\u00f3n y el anhelo de miles de familias de tener casa propia.<br><br>El escenario fue el Centro Comercial Viva Tunja, donde se llev\u00f3 a cabo la Feria de Vivienda Expovivienda &amp; Construcci\u00f3n 2026, un evento que reuni\u00f3 a 18 constructoras junto a entidades clave del sector como Comfaboy, Banco Agrario de Colombia, Fondo Nacional del Ahorro, adem\u00e1s de la Alcald\u00eda de Tunja y Ecovivienda.<br><br><strong>Una ciudad que conecta oportunidades<\/strong><br><br>Durante tres d\u00edas, Tunja se transform\u00f3 en el punto de encuentro regional para quienes buscan invertir o acceder a vivienda. Familias provenientes de municipios como Sogamoso, Duitama, Paipa y Sorac\u00e1 llegaron con un objetivo claro: encontrar opciones reales para cumplir el sue\u00f1o de tener casa propia.<br><br><strong>Y los resultados hablan por s\u00ed solos.<br><\/strong><br>M\u00e1s de 30 unidades de vivienda fueron vendidas, alcanzando una inversi\u00f3n superior a $8.040 millones, una cifra que refleja la confianza en el mercado inmobiliario local. Pero eso no es todo: se generaron m\u00e1s de 1.000 negocios potenciales que ahora entran en fase de seguimiento, lo que anticipa un impacto econ\u00f3mico a\u00fan mayor en los pr\u00f3ximos meses.<br><br><strong>M\u00e1s que ventas: una apuesta por el desarrollo regional<br><\/strong><br>La feria tambi\u00e9n registr\u00f3 la atenci\u00f3n de m\u00e1s de 6.000 personas, evidenciando el alto inter\u00e9s del p\u00fablico y consolidando a Tunja como un nodo estrat\u00e9gico para el desarrollo urbano en Boyac\u00e1.<br><br>Este tipo de espacios no solo dinamizan la compra y venta de vivienda, sino que fortalecen la econom\u00eda regional, promueven el empleo y consolidan una red de oportunidades entre municipios.<br><br>Tunja ya no es solo la capital hist\u00f3rica del departamento. Hoy, se posiciona como el lugar donde convergen las decisiones de inversi\u00f3n, el crecimiento urbano y los proyectos de vida de miles de familias.<br><br>La pregunta ahora no es si Tunja lidera el mercado\u2026 sino hasta d\u00f3nde puede llegar.<\/p>\n","protected":false},"excerpt":{"rendered":"<p>Tunja est\u00e1 dando un paso firme para convertirse en el epicentro inmobiliario de Boyac\u00e1. Lo que ocurri\u00f3 entre<\/p>\n","protected":false},"author":1,"featured_media":43365,"comment_status":"open","ping_status":"open","sticky":false,"template":"","format":"standard","meta":{"om_disable_all_campaigns":false,"_monsterinsights_skip_tracking":false,"_monsterinsights_sitenote_active":false,"_monsterinsights_sitenote_note":"","_monsterinsights_sitenote_category":0,"footnotes":""},"categories":[6],"tags":[10],"class_list":["post-43373","post","type-post","status-publish","format-standard","has-post-thumbnail","hentry","category-tunja","tag-noticias"],"aioseo_notices":[],"_links":{"self":[{"href":"https:\/\/www.boyacaleinforma.com\/index.php?rest_route=\/wp\/v2\/posts\/43373","targetHints":{"allow":["GET"]}}],"collection":[{"href":"https:\/\/www.boyacaleinforma.com\/index.php?rest_route=\/wp\/v2\/posts"}],"about":[{"href":"https:\/\/www.boyacaleinforma.com\/index.php?rest_route=\/wp\/v2\/types\/post"}],"author":[{"embeddable":true,"href":"https:\/\/www.boyacaleinforma.com\/index.php?rest_route=\/wp\/v2\/users\/1"}],"replies":[{"embeddable":true,"href":"https:\/\/www.boyacaleinforma.com\/index.php?rest_route=%2Fwp%2Fv2%2Fcomments&post=43373"}],"version-history":[{"count":1,"href":"https:\/\/www.boyacaleinforma.com\/index.php?rest_route=\/wp\/v2\/posts\/43373\/revisions"}],"predecessor-version":[{"id":43374,"href":"https:\/\/www.boyacaleinforma.com\/index.php?rest_route=\/wp\/v2\/posts\/43373\/revisions\/43374"}],"wp:featuredmedia":[{"embeddable":true,"href":"https:\/\/www.boyacaleinforma.com\/index.php?rest_route=\/wp\/v2\/media\/43365"}],"wp:attachment":[{"href":"https:\/\/www.boyacaleinforma.com\/index.php?rest_route=%2Fwp%2Fv2%2Fmedia&parent=43373"}],"wp:term":[{"taxonomy":"category","embeddable":true,"href":"https:\/\/www.boyacaleinforma.com\/index.php?rest_route=%2Fwp%2Fv2%2Fcategories&post=43373"},{"taxonomy":"post_tag","embeddable":true,"href":"https:\/\/www.boyacaleinforma.com\/index.php?rest_route=%2Fwp%2Fv2%2Ftags&post=43373"}],"curies":[{"name":"wp","href":"https:\/\/api.w.org\/{rel}","templated":true}]}}