{"id":43454,"date":"2026-04-28T06:26:22","date_gmt":"2026-04-28T11:26:22","guid":{"rendered":"https:\/\/www.boyacaleinforma.com\/?p=43454"},"modified":"2026-04-28T07:04:00","modified_gmt":"2026-04-28T12:04:00","slug":"justicia-respalda-control-de-hipopotamos-en-colombia-avala-la-eutanasia-ante-crisis-ambiental","status":"publish","type":"post","link":"https:\/\/www.boyacaleinforma.com\/?p=43454","title":{"rendered":"Justicia respalda control de hipop\u00f3tamos en Colombia: avala la eutanasia ante crisis ambiental"},"content":{"rendered":"\n<p>Un fallo judicial volvi\u00f3 a poner en el centro del debate nacional el futuro de los hipop\u00f3tamos en Colombia. El Ministerio de Ambiente y Desarrollo Sostenible inform\u00f3 que el Juzgado Tercero Administrativo del Circuito de Bogot\u00e1 declar\u00f3 improcedentes varias acciones de tutela que buscaban frenar las medidas de control sobre esta especie invasora, pero al mismo tiempo respald\u00f3 la eutanasia como una opci\u00f3n v\u00e1lida y necesaria.<br><br><strong>Un fallo que marca el rumbo<br><\/strong><br>La decisi\u00f3n, emitida el 24 de abril de 2026, resolvi\u00f3 de manera conjunta ocho tutelas relacionadas con el manejo de los hipop\u00f3tamos \u2014una especie introducida en el pa\u00eds y catalogada como invasora\u2014. Aunque el juzgado no concedi\u00f3 las solicitudes, s\u00ed dej\u00f3 claro que la llamada \u201ccaza de control\u201d cuenta con sustento legal, t\u00e9cnico y cient\u00edfico.<br><br>El pronunciamiento judicial tambi\u00e9n fue contundente en otro punto: las alternativas no letales, como la esterilizaci\u00f3n o traslado, han sido evaluadas, pero hasta ahora no han demostrado ser suficientes para frenar el crecimiento acelerado de la poblaci\u00f3n.<br><br><strong>Una especie fuera de control<br><\/strong><br>Los hipop\u00f3tamos en Colombia, asociados hist\u00f3ricamente a la antigua Hacienda N\u00e1poles, se han expandido principalmente en la cuenca del r\u00edo Magdalena, generando impactos sobre ecosistemas, fauna nativa y comunidades locales. Diversos estudios han advertido que su r\u00e1pida reproducci\u00f3n podr\u00eda convertir el problema en una crisis ambiental de gran escala si no se toman medidas efectivas.<br><br>En ese contexto, el fallo exhorta a las autoridades a actuar con mayor celeridad para evitar que la poblaci\u00f3n siga aumentando, lo que podr\u00eda agravar los da\u00f1os ecol\u00f3gicos.<br><br><strong>Llamado a decisiones firmes y mejor informaci\u00f3n<br><\/strong><br>Adem\u00e1s de avalar la eutanasia como herramienta de control, el juzgado hizo un llamado a las autoridades ambientales para que act\u00faen de manera \u201cseria, oportuna y eficaz\u201d, evitando que el problema contin\u00fae escalando.<br><br>El tribunal tambi\u00e9n puso sobre la mesa otro desaf\u00edo: la desinformaci\u00f3n. Seg\u00fan el an\u00e1lisis judicial, la circulaci\u00f3n de contenidos incompletos o inexactos ha generado confusi\u00f3n en la opini\u00f3n p\u00fablica, por lo que inst\u00f3 a fortalecer la comunicaci\u00f3n oficial con argumentos claros, t\u00e9cnicos y cient\u00edficos.<br><br><strong>Debate abierto entre conservaci\u00f3n y control<br><\/strong><br>La decisi\u00f3n revive un debate complejo entre sectores ambientalistas, cient\u00edficos y ciudadan\u00eda: c\u00f3mo equilibrar la protecci\u00f3n de la biodiversidad con el control de una especie que no es nativa y que amenaza los ecosistemas.<br><br>Por ahora, el respaldo judicial a la eutanasia marca un precedente clave y deja en manos del Ministerio de Ambiente y Desarrollo Sostenible la implementaci\u00f3n de medidas que, aunque pol\u00e9micas, buscan contener una problem\u00e1tica que ya trasciende lo local y se proyecta como uno de los mayores retos ambientales del pa\u00eds.<\/p>\n","protected":false},"excerpt":{"rendered":"<p>Un fallo judicial volvi\u00f3 a poner en el centro del debate nacional el futuro de los hipop\u00f3tamos en<\/p>\n","protected":false},"author":1,"featured_media":43444,"comment_status":"open","ping_status":"open","sticky":false,"template":"","format":"standard","meta":{"om_disable_all_campaigns":false,"_monsterinsights_skip_tracking":false,"_monsterinsights_sitenote_active":false,"_monsterinsights_sitenote_note":"","_monsterinsights_sitenote_category":0,"footnotes":""},"categories":[9],"tags":[10],"class_list":["post-43454","post","type-post","status-publish","format-standard","has-post-thumbnail","hentry","category-colombia","tag-noticias"],"aioseo_notices":[],"_links":{"self":[{"href":"https:\/\/www.boyacaleinforma.com\/index.php?rest_route=\/wp\/v2\/posts\/43454","targetHints":{"allow":["GET"]}}],"collection":[{"href":"https:\/\/www.boyacaleinforma.com\/index.php?rest_route=\/wp\/v2\/posts"}],"about":[{"href":"https:\/\/www.boyacaleinforma.com\/index.php?rest_route=\/wp\/v2\/types\/post"}],"author":[{"embeddable":true,"href":"https:\/\/www.boyacaleinforma.com\/index.php?rest_route=\/wp\/v2\/users\/1"}],"replies":[{"embeddable":true,"href":"https:\/\/www.boyacaleinforma.com\/index.php?rest_route=%2Fwp%2Fv2%2Fcomments&post=43454"}],"version-history":[{"count":1,"href":"https:\/\/www.boyacaleinforma.com\/index.php?rest_route=\/wp\/v2\/posts\/43454\/revisions"}],"predecessor-version":[{"id":43455,"href":"https:\/\/www.boyacaleinforma.com\/index.php?rest_route=\/wp\/v2\/posts\/43454\/revisions\/43455"}],"wp:featuredmedia":[{"embeddable":true,"href":"https:\/\/www.boyacaleinforma.com\/index.php?rest_route=\/wp\/v2\/media\/43444"}],"wp:attachment":[{"href":"https:\/\/www.boyacaleinforma.com\/index.php?rest_route=%2Fwp%2Fv2%2Fmedia&parent=43454"}],"wp:term":[{"taxonomy":"category","embeddable":true,"href":"https:\/\/www.boyacaleinforma.com\/index.php?rest_route=%2Fwp%2Fv2%2Fcategories&post=43454"},{"taxonomy":"post_tag","embeddable":true,"href":"https:\/\/www.boyacaleinforma.com\/index.php?rest_route=%2Fwp%2Fv2%2Ftags&post=43454"}],"curies":[{"name":"wp","href":"https:\/\/api.w.org\/{rel}","templated":true}]}}