{"id":43476,"date":"2026-04-29T04:03:01","date_gmt":"2026-04-29T09:03:01","guid":{"rendered":"https:\/\/www.boyacaleinforma.com\/?p=43476"},"modified":"2026-04-29T04:03:10","modified_gmt":"2026-04-29T09:03:10","slug":"se-llevo-a-cabo-la-gran-papaton-en-chiquinquira","status":"publish","type":"post","link":"https:\/\/www.boyacaleinforma.com\/?p=43476","title":{"rendered":"Se llev\u00f3 a cabo la gran Papat\u00f3n en Chiquinquir\u00e1"},"content":{"rendered":"\n<p>Una iniciativa liderada por el gobernador Carlos Amaya a trav\u00e9s de la estrategia \u00abPapa\u2019 Todos\u00bb. El objetivo es apoyar a los campesinos y reconocer el valor de su trabajo en la tierra que nos alimenta d\u00eda a d\u00eda.<\/p>\n\n\n\n<p>Estuvieron en el Parque Julio Fl\u00f3rez, y los invitan sumarse a esta causa campesina. Al comprar una papa, estar\u00e1n respaldando directamente a quienes cultivan y los proveen alimentos esenciales.<\/p>\n","protected":false},"excerpt":{"rendered":"<p>Una iniciativa liderada por el gobernador Carlos Amaya a trav\u00e9s de la estrategia \u00abPapa\u2019 Todos\u00bb. El objetivo es<\/p>\n","protected":false},"author":1,"featured_media":43478,"comment_status":"open","ping_status":"open","sticky":false,"template":"","format":"standard","meta":{"om_disable_all_campaigns":false,"_monsterinsights_skip_tracking":false,"_monsterinsights_sitenote_active":false,"_monsterinsights_sitenote_note":"","_monsterinsights_sitenote_category":0,"footnotes":""},"categories":[1],"tags":[],"class_list":["post-43476","post","type-post","status-publish","format-standard","has-post-thumbnail","hentry","category-uncategorized"],"aioseo_notices":[],"_links":{"self":[{"href":"https:\/\/www.boyacaleinforma.com\/index.php?rest_route=\/wp\/v2\/posts\/43476","targetHints":{"allow":["GET"]}}],"collection":[{"href":"https:\/\/www.boyacaleinforma.com\/index.php?rest_route=\/wp\/v2\/posts"}],"about":[{"href":"https:\/\/www.boyacaleinforma.com\/index.php?rest_route=\/wp\/v2\/types\/post"}],"author":[{"embeddable":true,"href":"https:\/\/www.boyacaleinforma.com\/index.php?rest_route=\/wp\/v2\/users\/1"}],"replies":[{"embeddable":true,"href":"https:\/\/www.boyacaleinforma.com\/index.php?rest_route=%2Fwp%2Fv2%2Fcomments&post=43476"}],"version-history":[{"count":1,"href":"https:\/\/www.boyacaleinforma.com\/index.php?rest_route=\/wp\/v2\/posts\/43476\/revisions"}],"predecessor-version":[{"id":43480,"href":"https:\/\/www.boyacaleinforma.com\/index.php?rest_route=\/wp\/v2\/posts\/43476\/revisions\/43480"}],"wp:featuredmedia":[{"embeddable":true,"href":"https:\/\/www.boyacaleinforma.com\/index.php?rest_route=\/wp\/v2\/media\/43478"}],"wp:attachment":[{"href":"https:\/\/www.boyacaleinforma.com\/index.php?rest_route=%2Fwp%2Fv2%2Fmedia&parent=43476"}],"wp:term":[{"taxonomy":"category","embeddable":true,"href":"https:\/\/www.boyacaleinforma.com\/index.php?rest_route=%2Fwp%2Fv2%2Fcategories&post=43476"},{"taxonomy":"post_tag","embeddable":true,"href":"https:\/\/www.boyacaleinforma.com\/index.php?rest_route=%2Fwp%2Fv2%2Ftags&post=43476"}],"curies":[{"name":"wp","href":"https:\/\/api.w.org\/{rel}","templated":true}]}}