{"id":43505,"date":"2026-04-29T04:21:27","date_gmt":"2026-04-29T09:21:27","guid":{"rendered":"https:\/\/www.boyacaleinforma.com\/?p=43505"},"modified":"2026-04-29T04:24:08","modified_gmt":"2026-04-29T09:24:08","slug":"boyaca-abre-el-debate-por-la-alimentacion-escolar-llega-la-primera-mesa-publica-del-pae-2026","status":"publish","type":"post","link":"https:\/\/www.boyacaleinforma.com\/?p=43505","title":{"rendered":"Boyac\u00e1 abre el debate por la alimentaci\u00f3n escolar: llega la primera Mesa P\u00fablica del PAE 2026"},"content":{"rendered":"\n<p>La alimentaci\u00f3n de miles de estudiantes vuelve al centro de la conversaci\u00f3n p\u00fablica. Este 29 de abril, el departamento dar\u00e1 un paso clave hacia el fortalecimiento del Programa de Alimentaci\u00f3n Escolar con la realizaci\u00f3n de la Primera Mesa P\u00fablica del PAE 2026, un espacio que busca escuchar, ajustar y mejorar uno de los programas sociales m\u00e1s sensibles del territorio.<br>El encuentro se llevar\u00e1 a cabo en el auditorio Boyaquir\u00e1 de Tunja, convocado por la Gobernaci\u00f3n de Boyac\u00e1 a trav\u00e9s de su Secretar\u00eda de Educaci\u00f3n, con el objetivo de consolidar el modelo \u2018AliMente en Grande\u2019 como referente nacional en calidad y cobertura.<br><strong>Un espacio para escuchar y construir<br><\/strong>La Mesa P\u00fablica reunir\u00e1 a todos los actores del ecosistema educativo: rectores, docentes, estudiantes, padres de familia, alcaldes, personeros, operadores del programa y veedur\u00edas ciudadanas. La apuesta es clara: convertir el di\u00e1logo en acciones concretas que impacten directamente la nutrici\u00f3n y bienestar de los ni\u00f1os, ni\u00f1as y j\u00f3venes.<br>\u201cEste proceso lo construimos juntos, pensando siempre en el bienestar de nuestros estudiantes y en c\u00f3mo acompa\u00f1arlos mejor cada d\u00eda\u201d, afirm\u00f3 la secretaria de Educaci\u00f3n, Marcela Blanco.<br>Por su parte, el subdirector del PAE, \u00d3scar Carrillo, subray\u00f3 la importancia de la participaci\u00f3n colectiva: cada voz, dijo, es clave para garantizar una alimentaci\u00f3n digna y de calidad en todo el departamento.<br><strong>Un programa bajo la lupa p\u00fablica<br><\/strong>El Programa de Alimentaci\u00f3n Escolar (PAE) ha sido hist\u00f3ricamente uno de los pilares para combatir la deserci\u00f3n y mejorar el rendimiento acad\u00e9mico en Colombia. Sin embargo, tambi\u00e9n ha enfrentado retos en ejecuci\u00f3n, cobertura y control, lo que hace de estos espacios de participaci\u00f3n ciudadana una herramienta fundamental para su fortalecimiento.<br>En Boyac\u00e1, el modelo \u2018AliMente en Grande\u2019 ha buscado diferenciarse mediante procesos m\u00e1s transparentes, mayor seguimiento y enfoque territorial, integrando a las comunidades en la toma de decisiones.<br><strong>M\u00e1s que alimentaci\u00f3n: bienestar integral<br><\/strong>M\u00e1s all\u00e1 de garantizar un plato de comida, el PAE representa una estrategia de equidad. Para muchos estudiantes, estos alimentos son clave en su desarrollo f\u00edsico y cognitivo, as\u00ed como en su permanencia en el sistema educativo.<br><strong>Una cita clave para el futuro del PAE<br><\/strong>La Primera Mesa P\u00fablica de 2026 no ser\u00e1 solo un evento institucional: ser\u00e1 un term\u00f3metro del estado actual del programa y una oportunidad para proyectar su evoluci\u00f3n.<br>En Boyac\u00e1, el mensaje es claro: la alimentaci\u00f3n escolar no se impone, se construye entre todos.<\/p>\n","protected":false},"excerpt":{"rendered":"<p>La alimentaci\u00f3n de miles de estudiantes vuelve al centro de la conversaci\u00f3n p\u00fablica. Este 29 de abril, el<\/p>\n","protected":false},"author":1,"featured_media":43496,"comment_status":"open","ping_status":"open","sticky":false,"template":"","format":"standard","meta":{"om_disable_all_campaigns":false,"_monsterinsights_skip_tracking":false,"_monsterinsights_sitenote_active":false,"_monsterinsights_sitenote_note":"","_monsterinsights_sitenote_category":0,"footnotes":""},"categories":[5],"tags":[10],"class_list":["post-43505","post","type-post","status-publish","format-standard","has-post-thumbnail","hentry","category-boyaca","tag-noticias"],"aioseo_notices":[],"_links":{"self":[{"href":"https:\/\/www.boyacaleinforma.com\/index.php?rest_route=\/wp\/v2\/posts\/43505","targetHints":{"allow":["GET"]}}],"collection":[{"href":"https:\/\/www.boyacaleinforma.com\/index.php?rest_route=\/wp\/v2\/posts"}],"about":[{"href":"https:\/\/www.boyacaleinforma.com\/index.php?rest_route=\/wp\/v2\/types\/post"}],"author":[{"embeddable":true,"href":"https:\/\/www.boyacaleinforma.com\/index.php?rest_route=\/wp\/v2\/users\/1"}],"replies":[{"embeddable":true,"href":"https:\/\/www.boyacaleinforma.com\/index.php?rest_route=%2Fwp%2Fv2%2Fcomments&post=43505"}],"version-history":[{"count":1,"href":"https:\/\/www.boyacaleinforma.com\/index.php?rest_route=\/wp\/v2\/posts\/43505\/revisions"}],"predecessor-version":[{"id":43506,"href":"https:\/\/www.boyacaleinforma.com\/index.php?rest_route=\/wp\/v2\/posts\/43505\/revisions\/43506"}],"wp:featuredmedia":[{"embeddable":true,"href":"https:\/\/www.boyacaleinforma.com\/index.php?rest_route=\/wp\/v2\/media\/43496"}],"wp:attachment":[{"href":"https:\/\/www.boyacaleinforma.com\/index.php?rest_route=%2Fwp%2Fv2%2Fmedia&parent=43505"}],"wp:term":[{"taxonomy":"category","embeddable":true,"href":"https:\/\/www.boyacaleinforma.com\/index.php?rest_route=%2Fwp%2Fv2%2Fcategories&post=43505"},{"taxonomy":"post_tag","embeddable":true,"href":"https:\/\/www.boyacaleinforma.com\/index.php?rest_route=%2Fwp%2Fv2%2Ftags&post=43505"}],"curies":[{"name":"wp","href":"https:\/\/api.w.org\/{rel}","templated":true}]}}