{"id":43510,"date":"2026-04-30T04:22:03","date_gmt":"2026-04-30T09:22:03","guid":{"rendered":"https:\/\/www.boyacaleinforma.com\/?p=43510"},"modified":"2026-04-30T04:38:04","modified_gmt":"2026-04-30T09:38:04","slug":"nairo-quintana-sigue-haciendo-historia-campeon-en-asturias-y-colombia-mantiene-protagonismo-en-europa","status":"publish","type":"post","link":"https:\/\/www.boyacaleinforma.com\/?p=43510","title":{"rendered":"Nairo Quintana sigue haciendo historia: campe\u00f3n en Asturias y Colombia mantiene protagonismo en Europa"},"content":{"rendered":"\n<p>A cuatro d\u00edas de su consagraci\u00f3n, el triunfo de Nairo Quintana en la Vuelta a Asturias 2026 contin\u00faa generando repercusiones y consolidando un balance positivo para el deporte colombiano en Europa, donde varias figuras nacionales dejaron huella durante el fin de semana.<\/p>\n\n\n\n<p>El experimentado corredor del Movistar Team ratific\u00f3 su vigencia al lograr su tercer t\u00edtulo en territorio asturiano, tras los conseguidos en 2017 y 2021. Su actuaci\u00f3n, marcada por inteligencia t\u00e1ctica y solidez en la monta\u00f1a, le permiti\u00f3 defender el liderato hasta la \u00faltima etapa y sellar una victoria que hoy sigue siendo destacada por medios especializados.<\/p>\n\n\n\n<p>M\u00e1s all\u00e1 del t\u00edtulo, el resultado cobra relevancia por el contexto: Quintana, uno de los referentes hist\u00f3ricos del ciclismo colombiano, demuestra que a\u00fan puede competir al m\u00e1s alto nivel y liderar a su equipo en carreras europeas, enviando un mensaje claro de continuidad y experiencia.<\/p>\n\n\n\n<p>El balance colombiano en Asturias tambi\u00e9n dej\u00f3 una grata sorpresa con Diego Pescador, quien se subi\u00f3 al podio en la tercera posici\u00f3n de la clasificaci\u00f3n general, confirmando su proyecci\u00f3n como una de las j\u00f3venes promesas del pa\u00eds. El segundo lugar fue para el espa\u00f1ol Adri\u00e0 Pericas, a escasos segundos del campe\u00f3n.<\/p>\n\n\n\n<p><strong>Buen momento tambi\u00e9n sobre dos ruedas<\/strong><\/p>\n\n\n\n<p>En paralelo, el motociclismo colombiano sigue mostrando se\u00f1ales de crecimiento. El piloto David Alonso, quien compite en la categor\u00eda Moto2, firm\u00f3 un destacado cuarto lugar en el Gran Premio de Espa\u00f1a de Moto2 2026, disputado en Jerez.<\/p>\n\n\n\n<p>Aunque la carrera no fue sencilla \u2014tras una salida que lo dej\u00f3 rezagado\u2014, Alonso logr\u00f3 recuperarse con determinaci\u00f3n, protagonizando una remontada que lo dej\u00f3 a las puertas del podio. Su desempe\u00f1o, analizado d\u00edas despu\u00e9s, refuerza su progresi\u00f3n y lo mantiene como una de las grandes apuestas del motociclismo nacional.<\/p>\n\n\n\n<p><br>Un resultado que se proyecta<br>Con el paso de los d\u00edas, la jornada deportiva del pasado fin de semana no pierde vigencia. Por el contrario, se consolida como un indicador del buen momento que atraviesa Colombia en el deporte internacional. La experiencia de Nairo Quintana, sumada al empuje de nuevas figuras como Pescador y Alonso, dibuja un panorama optimista de cara a las pr\u00f3ximas competencias del calendario europeo.<\/p>\n\n\n\n<p><br>El mensaje es claro: Colombia no solo celebra victorias, sino que sigue construyendo presente y futuro en la \u00e9lite del deporte mundial.<\/p>\n","protected":false},"excerpt":{"rendered":"<p>A cuatro d\u00edas de su consagraci\u00f3n, el triunfo de Nairo Quintana en la Vuelta a Asturias 2026 contin\u00faa<\/p>\n","protected":false},"author":1,"featured_media":43513,"comment_status":"open","ping_status":"open","sticky":false,"template":"","format":"standard","meta":{"om_disable_all_campaigns":false,"_monsterinsights_skip_tracking":false,"_monsterinsights_sitenote_active":false,"_monsterinsights_sitenote_note":"","_monsterinsights_sitenote_category":0,"footnotes":""},"categories":[7],"tags":[10],"class_list":["post-43510","post","type-post","status-publish","format-standard","has-post-thumbnail","hentry","category-deportes","tag-noticias"],"aioseo_notices":[],"_links":{"self":[{"href":"https:\/\/www.boyacaleinforma.com\/index.php?rest_route=\/wp\/v2\/posts\/43510","targetHints":{"allow":["GET"]}}],"collection":[{"href":"https:\/\/www.boyacaleinforma.com\/index.php?rest_route=\/wp\/v2\/posts"}],"about":[{"href":"https:\/\/www.boyacaleinforma.com\/index.php?rest_route=\/wp\/v2\/types\/post"}],"author":[{"embeddable":true,"href":"https:\/\/www.boyacaleinforma.com\/index.php?rest_route=\/wp\/v2\/users\/1"}],"replies":[{"embeddable":true,"href":"https:\/\/www.boyacaleinforma.com\/index.php?rest_route=%2Fwp%2Fv2%2Fcomments&post=43510"}],"version-history":[{"count":1,"href":"https:\/\/www.boyacaleinforma.com\/index.php?rest_route=\/wp\/v2\/posts\/43510\/revisions"}],"predecessor-version":[{"id":43516,"href":"https:\/\/www.boyacaleinforma.com\/index.php?rest_route=\/wp\/v2\/posts\/43510\/revisions\/43516"}],"wp:featuredmedia":[{"embeddable":true,"href":"https:\/\/www.boyacaleinforma.com\/index.php?rest_route=\/wp\/v2\/media\/43513"}],"wp:attachment":[{"href":"https:\/\/www.boyacaleinforma.com\/index.php?rest_route=%2Fwp%2Fv2%2Fmedia&parent=43510"}],"wp:term":[{"taxonomy":"category","embeddable":true,"href":"https:\/\/www.boyacaleinforma.com\/index.php?rest_route=%2Fwp%2Fv2%2Fcategories&post=43510"},{"taxonomy":"post_tag","embeddable":true,"href":"https:\/\/www.boyacaleinforma.com\/index.php?rest_route=%2Fwp%2Fv2%2Ftags&post=43510"}],"curies":[{"name":"wp","href":"https:\/\/api.w.org\/{rel}","templated":true}]}}