{"id":43519,"date":"2026-04-30T04:25:16","date_gmt":"2026-04-30T09:25:16","guid":{"rendered":"https:\/\/www.boyacaleinforma.com\/?p=43519"},"modified":"2026-04-30T04:37:37","modified_gmt":"2026-04-30T09:37:37","slug":"tunja-alista-un-giro-historico-una-mujer-podria-asumir-la-alcaldia-en-medio-de-la-transicion","status":"publish","type":"post","link":"https:\/\/www.boyacaleinforma.com\/?p=43519","title":{"rendered":"Tunja alista un giro hist\u00f3rico: una mujer podr\u00eda asumir la Alcald\u00eda en medio de la transici\u00f3n"},"content":{"rendered":"\n<p>La capital boyacense se encuentra a las puertas de una decisi\u00f3n sin precedentes. En cuesti\u00f3n de horas, Carlos Andr\u00e9s Amaya deber\u00e1 designar a quien asumir\u00e1 la Alcald\u00eda de Tunja de manera encargada, en un escenario pol\u00edtico que apunta a un hecho hist\u00f3rico: la posible llegada de la primera mujer al cargo, aunque sea de forma transitoria.<br><br>El movimiento se da tras el inminente vencimiento del encargo de Carlos Gabriel Hern\u00e1ndez, lo que obliga al mandatario departamental a tomar una decisi\u00f3n clave mientras se convoca a elecciones at\u00edpicas. Estas definir\u00e1n al nuevo alcalde o alcaldesa que culminar\u00e1 el periodo administrativo.<br><br><strong>Una terna femenina toma fuerza<br><\/strong><br>Desde el partido La Fuerza de la Paz, liderado por Roy Barreras, se impulsa la presentaci\u00f3n de una terna integrada exclusivamente por mujeres, lo que marcar\u00eda un hito en la historia pol\u00edtica de la ciudad.<br><br>De concretarse esta propuesta, ser\u00eda la primera vez desde la instauraci\u00f3n de la elecci\u00f3n popular de alcaldes en 1988 que una mujer ocupa la Alcald\u00eda de Tunja, rompiendo una tradici\u00f3n de m\u00e1s de tres d\u00e9cadas en la que el cargo ha sido ejercido \u00fanicamente por hombres.<br><br>Entre los nombres que empiezan a sonar se encuentra Elizabeth Buitrago Castro, profesional en comunicaci\u00f3n pol\u00edtica con trayectoria cercana a las din\u00e1micas del partido y participaci\u00f3n en procesos de coordinaci\u00f3n en Boyac\u00e1.<br><br><strong>Elecciones at\u00edpicas en el horizonte<br><\/strong><br>De manera paralela, el gobernador deber\u00e1 coordinar con la Registradur\u00eda Nacional del Estado Civil y el Consejo Nacional Electoral la convocatoria a elecciones at\u00edpicas, un proceso que pondr\u00e1 a Tunja en modo campa\u00f1a en los pr\u00f3ximos d\u00edas.<br><br>Aunque a\u00fan no hay fecha oficial, Amaya ha se\u00f1alado que los comicios podr\u00edan realizarse hacia mediados de julio. De ser as\u00ed, el calendario electoral se activar\u00eda r\u00e1pidamente: inscripci\u00f3n de candidatos en los pr\u00f3ximos d\u00edas y una campa\u00f1a que arrancar\u00eda formalmente a mediados de mayo, con poco m\u00e1s de 50 d\u00edas para conquistar al electorado.<br><br><strong>Movidas pol\u00edticas y tensiones<br><\/strong><br>El panorama no est\u00e1 exento de lecturas pol\u00edticas. Sectores locales han recordado el papel de Rodrigo Rojas, actual jefe de la bancada de oposici\u00f3n en la Asamblea de Boyac\u00e1, en decisiones anteriores relacionadas con avales pol\u00edticos, lo que a\u00f1ade contexto a las negociaciones alrededor de la eventual terna.<br><br>En paralelo, el nombre de Mikhail Krasnov sigue presente en el debate pol\u00edtico local, reflejando la complejidad del escenario que atraviesa la capital boyacense.<br><br><strong>Expectativa total en la ciudad<br><\/strong><br>Mientras se define qui\u00e9n tomar\u00e1 las riendas del municipio de forma temporal, Tunja entra en una etapa de alta tensi\u00f3n pol\u00edtica y expectativa ciudadana. La decisi\u00f3n del gobernador no solo marcar\u00e1 el rumbo administrativo inmediato, sino que tambi\u00e9n podr\u00eda abrir la puerta a un cambio simb\u00f3lico en la representaci\u00f3n del poder local.<br><br>La capital de Boyac\u00e1 est\u00e1, literalmente, a horas de escribir un nuevo cap\u00edtulo en su historia pol\u00edtica.<\/p>\n","protected":false},"excerpt":{"rendered":"<p>La capital boyacense se encuentra a las puertas de una decisi\u00f3n sin precedentes. En cuesti\u00f3n de horas, Carlos<\/p>\n","protected":false},"author":1,"featured_media":43512,"comment_status":"open","ping_status":"open","sticky":false,"template":"","format":"standard","meta":{"om_disable_all_campaigns":false,"_monsterinsights_skip_tracking":false,"_monsterinsights_sitenote_active":false,"_monsterinsights_sitenote_note":"","_monsterinsights_sitenote_category":0,"footnotes":""},"categories":[6],"tags":[10],"class_list":["post-43519","post","type-post","status-publish","format-standard","has-post-thumbnail","hentry","category-tunja","tag-noticias"],"aioseo_notices":[],"_links":{"self":[{"href":"https:\/\/www.boyacaleinforma.com\/index.php?rest_route=\/wp\/v2\/posts\/43519","targetHints":{"allow":["GET"]}}],"collection":[{"href":"https:\/\/www.boyacaleinforma.com\/index.php?rest_route=\/wp\/v2\/posts"}],"about":[{"href":"https:\/\/www.boyacaleinforma.com\/index.php?rest_route=\/wp\/v2\/types\/post"}],"author":[{"embeddable":true,"href":"https:\/\/www.boyacaleinforma.com\/index.php?rest_route=\/wp\/v2\/users\/1"}],"replies":[{"embeddable":true,"href":"https:\/\/www.boyacaleinforma.com\/index.php?rest_route=%2Fwp%2Fv2%2Fcomments&post=43519"}],"version-history":[{"count":1,"href":"https:\/\/www.boyacaleinforma.com\/index.php?rest_route=\/wp\/v2\/posts\/43519\/revisions"}],"predecessor-version":[{"id":43520,"href":"https:\/\/www.boyacaleinforma.com\/index.php?rest_route=\/wp\/v2\/posts\/43519\/revisions\/43520"}],"wp:featuredmedia":[{"embeddable":true,"href":"https:\/\/www.boyacaleinforma.com\/index.php?rest_route=\/wp\/v2\/media\/43512"}],"wp:attachment":[{"href":"https:\/\/www.boyacaleinforma.com\/index.php?rest_route=%2Fwp%2Fv2%2Fmedia&parent=43519"}],"wp:term":[{"taxonomy":"category","embeddable":true,"href":"https:\/\/www.boyacaleinforma.com\/index.php?rest_route=%2Fwp%2Fv2%2Fcategories&post=43519"},{"taxonomy":"post_tag","embeddable":true,"href":"https:\/\/www.boyacaleinforma.com\/index.php?rest_route=%2Fwp%2Fv2%2Ftags&post=43519"}],"curies":[{"name":"wp","href":"https:\/\/api.w.org\/{rel}","templated":true}]}}