{"id":43521,"date":"2026-04-30T04:26:52","date_gmt":"2026-04-30T09:26:52","guid":{"rendered":"https:\/\/www.boyacaleinforma.com\/?p=43521"},"modified":"2026-04-30T04:37:21","modified_gmt":"2026-04-30T09:37:21","slug":"la-poesia-vuelve-a-latir-en-boyaca-abren-inscripciones-para-el-concurso-nacional-julio-florez-2026","status":"publish","type":"post","link":"https:\/\/www.boyacaleinforma.com\/?p=43521","title":{"rendered":"La poes\u00eda vuelve a latir en Boyac\u00e1: abren inscripciones para el Concurso Nacional Julio Fl\u00f3rez 2026"},"content":{"rendered":"\n<p>La palabra hecha arte vuelve a tomar protagonismo en Boyac\u00e1. Hasta el pr\u00f3ximo 11 de mayo estar\u00e1n abiertas las inscripciones para participar en el V Concurso Nacional de Poes\u00eda Julio Fl\u00f3rez, un evento que rinde homenaje al legado del insigne poeta Julio Fl\u00f3rez y que este a\u00f1o promete convocar a escritores de todo el pa\u00eds en torno a la sensibilidad y la creaci\u00f3n literaria.<br><br>La iniciativa, liderada por la Instituci\u00f3n Educativa T\u00e9cnico Industrial Julio Fl\u00f3rez en el municipio de Chiquinquir\u00e1, se realiza en el marco de los 159 a\u00f1os del natalicio del autor boyacense, reconocido como una de las voces m\u00e1s emblem\u00e1ticas del romanticismo en Colombia.<br><br><strong>Versos que nacen desde la familia<br><\/strong><br>Para esta edici\u00f3n 2026, el concurso llega con el eslogan \u201cHerencia en versos que entrelazan: la familia, el coraz\u00f3n de la sociedad\u201d, una invitaci\u00f3n a explorar, desde la poes\u00eda, los v\u00ednculos que construyen la base social y emocional de las comunidades.<br><br>La convocatoria est\u00e1 abierta a la comunidad educativa y al p\u00fablico en general, tanto de Boyac\u00e1 como del resto del pa\u00eds, consolid\u00e1ndose como un espacio incluyente para nuevos talentos y amantes de la literatura.<br><br><strong>Modalidad h\u00edbrida y alcance nacional<br><\/strong><br>El certamen se desarrollar\u00e1 bajo una modalidad h\u00edbrida: una fase eliminatoria virtual que permitir\u00e1 la participaci\u00f3n desde diferentes regiones, y etapas semifinal y final que se llevar\u00e1n a cabo de manera presencial en Chiquinquir\u00e1, fortaleciendo as\u00ed el encuentro cultural en el territorio.<br><br>Desde la Secretar\u00eda de Educaci\u00f3n de Boyac\u00e1 destacaron la importancia de este tipo de iniciativas para fomentar la creatividad, el pensamiento cr\u00edtico y la apropiaci\u00f3n del patrimonio cultural en ni\u00f1os, j\u00f3venes y adultos.<br><br><strong>\u00daltimos d\u00edas para participar<br><\/strong><br>Las personas interesadas podr\u00e1n inscribirse diligenciando el formulario dispuesto por la organizaci\u00f3n antes del cierre oficial, el 11 de mayo. La expectativa es alta, teniendo en cuenta el crecimiento del concurso en ediciones anteriores y su consolidaci\u00f3n como uno de los espacios literarios m\u00e1s relevantes del departamento.<br><br>M\u00e1s que un concurso, esta iniciativa se ha convertido en un escenario para mantener viva la memoria de Julio Fl\u00f3rez y proyectar nuevas voces que, a trav\u00e9s de la poes\u00eda, siguen narrando las emociones, los v\u00ednculos y las historias que definen a la sociedad.<br><br>En Boyac\u00e1, los versos ya est\u00e1n en marcha.<\/p>\n","protected":false},"excerpt":{"rendered":"<p>La palabra hecha arte vuelve a tomar protagonismo en Boyac\u00e1. Hasta el pr\u00f3ximo 11 de mayo estar\u00e1n abiertas<\/p>\n","protected":false},"author":1,"featured_media":43514,"comment_status":"open","ping_status":"open","sticky":false,"template":"","format":"standard","meta":{"om_disable_all_campaigns":false,"_monsterinsights_skip_tracking":false,"_monsterinsights_sitenote_active":false,"_monsterinsights_sitenote_note":"","_monsterinsights_sitenote_category":0,"footnotes":""},"categories":[5],"tags":[10],"class_list":["post-43521","post","type-post","status-publish","format-standard","has-post-thumbnail","hentry","category-boyaca","tag-noticias"],"aioseo_notices":[],"_links":{"self":[{"href":"https:\/\/www.boyacaleinforma.com\/index.php?rest_route=\/wp\/v2\/posts\/43521","targetHints":{"allow":["GET"]}}],"collection":[{"href":"https:\/\/www.boyacaleinforma.com\/index.php?rest_route=\/wp\/v2\/posts"}],"about":[{"href":"https:\/\/www.boyacaleinforma.com\/index.php?rest_route=\/wp\/v2\/types\/post"}],"author":[{"embeddable":true,"href":"https:\/\/www.boyacaleinforma.com\/index.php?rest_route=\/wp\/v2\/users\/1"}],"replies":[{"embeddable":true,"href":"https:\/\/www.boyacaleinforma.com\/index.php?rest_route=%2Fwp%2Fv2%2Fcomments&post=43521"}],"version-history":[{"count":1,"href":"https:\/\/www.boyacaleinforma.com\/index.php?rest_route=\/wp\/v2\/posts\/43521\/revisions"}],"predecessor-version":[{"id":43522,"href":"https:\/\/www.boyacaleinforma.com\/index.php?rest_route=\/wp\/v2\/posts\/43521\/revisions\/43522"}],"wp:featuredmedia":[{"embeddable":true,"href":"https:\/\/www.boyacaleinforma.com\/index.php?rest_route=\/wp\/v2\/media\/43514"}],"wp:attachment":[{"href":"https:\/\/www.boyacaleinforma.com\/index.php?rest_route=%2Fwp%2Fv2%2Fmedia&parent=43521"}],"wp:term":[{"taxonomy":"category","embeddable":true,"href":"https:\/\/www.boyacaleinforma.com\/index.php?rest_route=%2Fwp%2Fv2%2Fcategories&post=43521"},{"taxonomy":"post_tag","embeddable":true,"href":"https:\/\/www.boyacaleinforma.com\/index.php?rest_route=%2Fwp%2Fv2%2Ftags&post=43521"}],"curies":[{"name":"wp","href":"https:\/\/api.w.org\/{rel}","templated":true}]}}