{"id":43523,"date":"2026-04-30T04:28:05","date_gmt":"2026-04-30T09:28:05","guid":{"rendered":"https:\/\/www.boyacaleinforma.com\/?p=43523"},"modified":"2026-04-30T04:37:08","modified_gmt":"2026-04-30T09:37:08","slug":"petro-lanza-advertencia-global-la-crisis-climatica-exige-unidad-inmediata-de-los-pueblos","status":"publish","type":"post","link":"https:\/\/www.boyacaleinforma.com\/?p=43523","title":{"rendered":"Petro lanza advertencia global: \u201cla crisis clim\u00e1tica exige unidad inmediata de los pueblos\u201d"},"content":{"rendered":"\n<p>En medio de un escenario internacional cada vez m\u00e1s tensionado por los efectos del cambio clim\u00e1tico, el presidente de Colombia, Gustavo Petro, lanz\u00f3 un llamado urgente a la acci\u00f3n colectiva global, advirtiendo que la humanidad enfrenta un punto de no retorno si no act\u00faa de manera inmediata y conjunta.<br><br>Durante su intervenci\u00f3n en la Primera Conferencia Internacional para la Transici\u00f3n m\u00e1s all\u00e1 de los combustibles f\u00f3siles, el mandatario fue enf\u00e1tico: la respuesta frente a la crisis clim\u00e1tica no puede seguir siendo lenta ni fragmentada. \u201cTiene que ser ya, inmediata, y debe implicar la unidad de los pueblos, no solo de los Estados\u201d, afirm\u00f3.<br><br><strong>Crisis clim\u00e1tica y conflictos globales<br><\/strong><br>El jefe de Estado alert\u00f3 sobre un fen\u00f3meno que, seg\u00fan dijo, se intensifica en todo el mundo: el aumento de conflictos pol\u00edticos derivados de la crisis ambiental. Petro vincul\u00f3 directamente estos efectos con eventos recientes en Colombia, como el frente \u00e1rtico que impact\u00f3 la regi\u00f3n Caribe y oblig\u00f3 al Gobierno a decretar una nueva emergencia econ\u00f3mica a comienzos de a\u00f1o.<br><br>Para el presidente, estos episodios son se\u00f1ales claras de un sistema que no est\u00e1 respondiendo con la urgencia necesaria. En ese sentido, cuestion\u00f3 la capacidad de los organismos multilaterales y los acuerdos internacionales para enfrentar la magnitud del problema.<br><br>\u201cLa unidad de Estados ha fracasado en espacios como las COP y la ONU. Existe una impotencia para resolver tanto la guerra como la crisis clim\u00e1tica\u201d, asegur\u00f3.<br><br><strong>Cr\u00edtica al capitalismo y al \u201ccapitalismo verde\u201d<br><\/strong><br>Uno de los puntos m\u00e1s contundentes de su discurso fue la cr\u00edtica directa al modelo econ\u00f3mico dominante. Petro puso en duda que el capitalismo pueda adaptarse realmente a una transici\u00f3n energ\u00e9tica sin combustibles f\u00f3siles.<br><br>Record\u00f3 que, en los primeros a\u00f1os de su gobierno, ve\u00eda posible una transformaci\u00f3n del sistema. Sin embargo, su postura ha cambiado. \u201cHoy soy esc\u00e9ptico cuando en las COP se propon\u00eda que el mercado, a trav\u00e9s de aseguradoras, resolver\u00eda la crisis. A eso lo llamaron \u2018capitalismo verde\u2019\u201d, explic\u00f3.<br><br>Seg\u00fan el mandatario, este enfoque busca mantener la l\u00f3gica de maximizaci\u00f3n de ganancias, incluso en medio de una crisis ambiental sin precedentes, lo que considera una contradicci\u00f3n estructural.<br><br><strong>\u201cEl tiempo del planeta se agota\u201d<br><\/strong><br>El presidente fue m\u00e1s all\u00e1 al advertir que la humanidad podr\u00eda estar perdiendo un tiempo crucial. \u201cLa barbarie nos puede llevar a agotar el cron\u00f3metro de la vida del planeta\u201d, expres\u00f3, en una de las frases m\u00e1s contundentes de su intervenci\u00f3n.<br><br>En su reflexi\u00f3n final, Petro plante\u00f3 un escenario inquietante: que el propio sistema econ\u00f3mico global est\u00e9 conduciendo a la humanidad hacia su autodestrucci\u00f3n. \u201cEl capital puede suicidarse con la humanidad incluida, y con la vida incluida\u201d, concluy\u00f3.<br><br><strong>Un llamado a la acci\u00f3n global<br><\/strong><br>El mensaje del mandatario colombiano se suma a una creciente ola de voces internacionales que piden transformaciones profundas en la forma en que se abordan las pol\u00edticas clim\u00e1ticas. Sin embargo, su \u00e9nfasis en la \u201cunidad de los pueblos\u201d introduce un enfoque que trasciende los gobiernos y apunta directamente a la movilizaci\u00f3n social global.<br><br>En un contexto donde los efectos del cambio clim\u00e1tico son cada vez m\u00e1s visibles y urgentes, la intervenci\u00f3n de Petro reabre el debate sobre si las soluciones actuales son suficientes o si, como \u00e9l plantea, se necesita un cambio radical e inmediato en la forma de actuar como sociedad global.<\/p>\n","protected":false},"excerpt":{"rendered":"<p>En medio de un escenario internacional cada vez m\u00e1s tensionado por los efectos del cambio clim\u00e1tico, el presidente<\/p>\n","protected":false},"author":1,"featured_media":43511,"comment_status":"open","ping_status":"open","sticky":false,"template":"","format":"standard","meta":{"om_disable_all_campaigns":false,"_monsterinsights_skip_tracking":false,"_monsterinsights_sitenote_active":false,"_monsterinsights_sitenote_note":"","_monsterinsights_sitenote_category":0,"footnotes":""},"categories":[9],"tags":[10],"class_list":["post-43523","post","type-post","status-publish","format-standard","has-post-thumbnail","hentry","category-colombia","tag-noticias"],"aioseo_notices":[],"_links":{"self":[{"href":"https:\/\/www.boyacaleinforma.com\/index.php?rest_route=\/wp\/v2\/posts\/43523","targetHints":{"allow":["GET"]}}],"collection":[{"href":"https:\/\/www.boyacaleinforma.com\/index.php?rest_route=\/wp\/v2\/posts"}],"about":[{"href":"https:\/\/www.boyacaleinforma.com\/index.php?rest_route=\/wp\/v2\/types\/post"}],"author":[{"embeddable":true,"href":"https:\/\/www.boyacaleinforma.com\/index.php?rest_route=\/wp\/v2\/users\/1"}],"replies":[{"embeddable":true,"href":"https:\/\/www.boyacaleinforma.com\/index.php?rest_route=%2Fwp%2Fv2%2Fcomments&post=43523"}],"version-history":[{"count":1,"href":"https:\/\/www.boyacaleinforma.com\/index.php?rest_route=\/wp\/v2\/posts\/43523\/revisions"}],"predecessor-version":[{"id":43524,"href":"https:\/\/www.boyacaleinforma.com\/index.php?rest_route=\/wp\/v2\/posts\/43523\/revisions\/43524"}],"wp:featuredmedia":[{"embeddable":true,"href":"https:\/\/www.boyacaleinforma.com\/index.php?rest_route=\/wp\/v2\/media\/43511"}],"wp:attachment":[{"href":"https:\/\/www.boyacaleinforma.com\/index.php?rest_route=%2Fwp%2Fv2%2Fmedia&parent=43523"}],"wp:term":[{"taxonomy":"category","embeddable":true,"href":"https:\/\/www.boyacaleinforma.com\/index.php?rest_route=%2Fwp%2Fv2%2Fcategories&post=43523"},{"taxonomy":"post_tag","embeddable":true,"href":"https:\/\/www.boyacaleinforma.com\/index.php?rest_route=%2Fwp%2Fv2%2Ftags&post=43523"}],"curies":[{"name":"wp","href":"https:\/\/api.w.org\/{rel}","templated":true}]}}