{"id":43525,"date":"2026-04-30T04:29:37","date_gmt":"2026-04-30T09:29:37","guid":{"rendered":"https:\/\/www.boyacaleinforma.com\/?p=43525"},"modified":"2026-04-30T04:29:37","modified_gmt":"2026-04-30T09:29:37","slug":"entrega-de-certificados-a-colaboradores-de-la-primera-feria-de-la-esmeralda-en-chiquinquira","status":"publish","type":"post","link":"https:\/\/www.boyacaleinforma.com\/?p=43525","title":{"rendered":"Entrega de certificados a colaboradores de la Primera Feria de la Esmeralda en Chiquinquir\u00e1"},"content":{"rendered":"\n<p>Recientemente, el alcalde Jefferson Caro, junto al gerente de la Corporaci\u00f3n de Desarrollo, Luis Cort\u00e9s, hicieron entrega de certificados a estudiantes, exalumnos y docentes de la Instituci\u00f3n Educativa T\u00e9cnico Industrial Julio Fl\u00f3rez, as\u00ed como a comerciantes, asociaciones y la cooperativa que hicieron posible el \u00e9xito de la Primera Feria de la Esmeralda en Chiquinquir\u00e1, realizada los d\u00edas 21 y 22 de junio.<\/p>\n\n\n\n<p>Gracias a su compromiso, talento y dedicaci\u00f3n logramos fortalecer este espacio cultural, comercial y artesanal que impulsa el desarrollo y proyecta la regi\u00f3n con orgullo.<\/p>\n","protected":false},"excerpt":{"rendered":"<p>Recientemente, el alcalde Jefferson Caro, junto al gerente de la Corporaci\u00f3n de Desarrollo, Luis Cort\u00e9s, hicieron entrega de<\/p>\n","protected":false},"author":1,"featured_media":43526,"comment_status":"open","ping_status":"open","sticky":false,"template":"","format":"standard","meta":{"om_disable_all_campaigns":false,"_monsterinsights_skip_tracking":false,"_monsterinsights_sitenote_active":false,"_monsterinsights_sitenote_note":"","_monsterinsights_sitenote_category":0,"footnotes":""},"categories":[1],"tags":[],"class_list":["post-43525","post","type-post","status-publish","format-standard","has-post-thumbnail","hentry","category-uncategorized"],"aioseo_notices":[],"_links":{"self":[{"href":"https:\/\/www.boyacaleinforma.com\/index.php?rest_route=\/wp\/v2\/posts\/43525","targetHints":{"allow":["GET"]}}],"collection":[{"href":"https:\/\/www.boyacaleinforma.com\/index.php?rest_route=\/wp\/v2\/posts"}],"about":[{"href":"https:\/\/www.boyacaleinforma.com\/index.php?rest_route=\/wp\/v2\/types\/post"}],"author":[{"embeddable":true,"href":"https:\/\/www.boyacaleinforma.com\/index.php?rest_route=\/wp\/v2\/users\/1"}],"replies":[{"embeddable":true,"href":"https:\/\/www.boyacaleinforma.com\/index.php?rest_route=%2Fwp%2Fv2%2Fcomments&post=43525"}],"version-history":[{"count":1,"href":"https:\/\/www.boyacaleinforma.com\/index.php?rest_route=\/wp\/v2\/posts\/43525\/revisions"}],"predecessor-version":[{"id":43529,"href":"https:\/\/www.boyacaleinforma.com\/index.php?rest_route=\/wp\/v2\/posts\/43525\/revisions\/43529"}],"wp:featuredmedia":[{"embeddable":true,"href":"https:\/\/www.boyacaleinforma.com\/index.php?rest_route=\/wp\/v2\/media\/43526"}],"wp:attachment":[{"href":"https:\/\/www.boyacaleinforma.com\/index.php?rest_route=%2Fwp%2Fv2%2Fmedia&parent=43525"}],"wp:term":[{"taxonomy":"category","embeddable":true,"href":"https:\/\/www.boyacaleinforma.com\/index.php?rest_route=%2Fwp%2Fv2%2Fcategories&post=43525"},{"taxonomy":"post_tag","embeddable":true,"href":"https:\/\/www.boyacaleinforma.com\/index.php?rest_route=%2Fwp%2Fv2%2Ftags&post=43525"}],"curies":[{"name":"wp","href":"https:\/\/api.w.org\/{rel}","templated":true}]}}