{"id":43539,"date":"2026-04-30T04:35:10","date_gmt":"2026-04-30T09:35:10","guid":{"rendered":"https:\/\/www.boyacaleinforma.com\/?p=43539"},"modified":"2026-04-30T04:35:18","modified_gmt":"2026-04-30T09:35:18","slug":"cubara-presente-en-la-asamblea-departamental-de-juventudes","status":"publish","type":"post","link":"https:\/\/www.boyacaleinforma.com\/?p=43539","title":{"rendered":"Cubar\u00e1 presente en la Asamblea Departamental de Juventudes"},"content":{"rendered":"\n<p>Cuando la juventud se une, el cambio es imparable<\/p>\n\n\n\n<p>Aquitania fue sede de la Cuarta Asamblea Departamental de Juventudes, espacio m\u00e1ximo de consulta de la juventud Boyacense, contando con la participaci\u00f3n de todas las formas de expresi\u00f3n juvenil, tanto asociadas como no asociadas<\/p>\n\n\n\n<p>En representaci\u00f3n del distrito fronterizo, una destacada delegaci\u00f3n de j\u00f3venes de Cubar\u00e1 particip\u00f3 activamente en este espacio de encuentro, reflexi\u00f3n y crecimiento, aportando a la visi\u00f3n de un Departamento m\u00e1s equitativo, participativo y consciente<\/p>\n\n\n\n<p>Siguen apostando por l\u00edderes que transforman<\/p>\n","protected":false},"excerpt":{"rendered":"<p>Cuando la juventud se une, el cambio es imparable Aquitania fue sede de la Cuarta Asamblea Departamental de<\/p>\n","protected":false},"author":1,"featured_media":43540,"comment_status":"open","ping_status":"open","sticky":false,"template":"","format":"standard","meta":{"om_disable_all_campaigns":false,"_monsterinsights_skip_tracking":false,"_monsterinsights_sitenote_active":false,"_monsterinsights_sitenote_note":"","_monsterinsights_sitenote_category":0,"footnotes":""},"categories":[1],"tags":[],"class_list":["post-43539","post","type-post","status-publish","format-standard","has-post-thumbnail","hentry","category-uncategorized"],"aioseo_notices":[],"_links":{"self":[{"href":"https:\/\/www.boyacaleinforma.com\/index.php?rest_route=\/wp\/v2\/posts\/43539","targetHints":{"allow":["GET"]}}],"collection":[{"href":"https:\/\/www.boyacaleinforma.com\/index.php?rest_route=\/wp\/v2\/posts"}],"about":[{"href":"https:\/\/www.boyacaleinforma.com\/index.php?rest_route=\/wp\/v2\/types\/post"}],"author":[{"embeddable":true,"href":"https:\/\/www.boyacaleinforma.com\/index.php?rest_route=\/wp\/v2\/users\/1"}],"replies":[{"embeddable":true,"href":"https:\/\/www.boyacaleinforma.com\/index.php?rest_route=%2Fwp%2Fv2%2Fcomments&post=43539"}],"version-history":[{"count":1,"href":"https:\/\/www.boyacaleinforma.com\/index.php?rest_route=\/wp\/v2\/posts\/43539\/revisions"}],"predecessor-version":[{"id":43542,"href":"https:\/\/www.boyacaleinforma.com\/index.php?rest_route=\/wp\/v2\/posts\/43539\/revisions\/43542"}],"wp:featuredmedia":[{"embeddable":true,"href":"https:\/\/www.boyacaleinforma.com\/index.php?rest_route=\/wp\/v2\/media\/43540"}],"wp:attachment":[{"href":"https:\/\/www.boyacaleinforma.com\/index.php?rest_route=%2Fwp%2Fv2%2Fmedia&parent=43539"}],"wp:term":[{"taxonomy":"category","embeddable":true,"href":"https:\/\/www.boyacaleinforma.com\/index.php?rest_route=%2Fwp%2Fv2%2Fcategories&post=43539"},{"taxonomy":"post_tag","embeddable":true,"href":"https:\/\/www.boyacaleinforma.com\/index.php?rest_route=%2Fwp%2Fv2%2Ftags&post=43539"}],"curies":[{"name":"wp","href":"https:\/\/api.w.org\/{rel}","templated":true}]}}