{"id":43565,"date":"2026-05-01T09:57:04","date_gmt":"2026-05-01T14:57:04","guid":{"rendered":"https:\/\/www.boyacaleinforma.com\/?p=43565"},"modified":"2026-05-01T09:59:52","modified_gmt":"2026-05-01T14:59:52","slug":"boyaca-rinde-cuentas-y-muestra-resultados-pobreza-rural-sigue-en-descenso-y-ciudadania-toma-la-palabra","status":"publish","type":"post","link":"https:\/\/www.boyacaleinforma.com\/?p=43565","title":{"rendered":"Boyac\u00e1 rinde cuentas y muestra resultados: pobreza rural sigue en descenso y ciudadan\u00eda toma la palabra"},"content":{"rendered":"\n<p>En un ejercicio que combin\u00f3 balance institucional y participaci\u00f3n ciudadana, la Gobernaci\u00f3n de Boyac\u00e1 present\u00f3 los resultados de su gesti\u00f3n durante la vigencia 2025, destacando avances sociales y abriendo el di\u00e1logo directo con la comunidad sobre el rumbo del departamento.<br><br>La Audiencia P\u00fablica de Rendici\u00f3n de Cuentas se llev\u00f3 a cabo en la Instituci\u00f3n Educativa T\u00e9cnica Rafael Reyes, en Duitama, con la asistencia de l\u00edderes sociales, representantes de distintos sectores y ciudadan\u00eda en general, quienes no solo conocieron los resultados, sino que tambi\u00e9n plantearon inquietudes y propuestas.<br><br>Durante la jornada, la administraci\u00f3n departamental expuso los avances del Plan de Desarrollo \u201cNuestro Gran Plan es Boyac\u00e1 2024-2027\u201d, destacando la inversi\u00f3n en sectores estrat\u00e9gicos como agua potable, gasificaci\u00f3n, infraestructura vial, educaci\u00f3n, salud y programas sociales. Seg\u00fan el balance presentado, estos esfuerzos han contribuido a consolidar al departamento como referente nacional en indicadores sociales.<br><br>Uno de los anuncios m\u00e1s relevantes fue la reducci\u00f3n sostenida de la pobreza multidimensional, especialmente en las zonas rurales. De acuerdo con las cifras expuestas, Boyac\u00e1 se mantiene desde 2018 como uno de los territorios con mejores resultados en este indicador, ocupando el primer lugar en reducci\u00f3n de pobreza rural y el segundo a nivel nacional en la disminuci\u00f3n total.<br><br>El espacio tambi\u00e9n sirvi\u00f3 para presentar resultados en \u00e1reas clave como juventudes, gesti\u00f3n social, transparencia y \u00e9tica p\u00fablica, pilares que la administraci\u00f3n considera fundamentales para fortalecer la confianza institucional.<br><br>M\u00e1s all\u00e1 de los datos, la audiencia se convirti\u00f3 en un escenario de interacci\u00f3n directa. Los asistentes tuvieron la oportunidad de formular preguntas y expresar preocupaciones, en un ejercicio que busc\u00f3 ir m\u00e1s all\u00e1 de la rendici\u00f3n formal para convertirse en un di\u00e1logo abierto sobre las necesidades del territorio.<br><br>Bajo el lema institucional \u201cDonde se gobierna bien, se vive mejor\u201d, la Gobernaci\u00f3n reafirm\u00f3 su apuesta por una gesti\u00f3n cercana y participativa, en la que la ciudadan\u00eda no solo recibe informaci\u00f3n, sino que incide en las decisiones p\u00fablicas.<br><br>El evento cerr\u00f3 con un mensaje claro: la rendici\u00f3n de cuentas no es solo un requisito legal, sino una herramienta para construir confianza y orientar el desarrollo. En Boyac\u00e1, al menos seg\u00fan lo visto en Duitama, la conversaci\u00f3n entre gobierno y comunidad sigue abierta.<\/p>\n","protected":false},"excerpt":{"rendered":"<p>En un ejercicio que combin\u00f3 balance institucional y participaci\u00f3n ciudadana, la Gobernaci\u00f3n de Boyac\u00e1 present\u00f3 los resultados de<\/p>\n","protected":false},"author":1,"featured_media":43557,"comment_status":"open","ping_status":"open","sticky":false,"template":"","format":"standard","meta":{"om_disable_all_campaigns":false,"_monsterinsights_skip_tracking":false,"_monsterinsights_sitenote_active":false,"_monsterinsights_sitenote_note":"","_monsterinsights_sitenote_category":0,"footnotes":""},"categories":[5],"tags":[10],"class_list":["post-43565","post","type-post","status-publish","format-standard","has-post-thumbnail","hentry","category-boyaca","tag-noticias"],"aioseo_notices":[],"_links":{"self":[{"href":"https:\/\/www.boyacaleinforma.com\/index.php?rest_route=\/wp\/v2\/posts\/43565","targetHints":{"allow":["GET"]}}],"collection":[{"href":"https:\/\/www.boyacaleinforma.com\/index.php?rest_route=\/wp\/v2\/posts"}],"about":[{"href":"https:\/\/www.boyacaleinforma.com\/index.php?rest_route=\/wp\/v2\/types\/post"}],"author":[{"embeddable":true,"href":"https:\/\/www.boyacaleinforma.com\/index.php?rest_route=\/wp\/v2\/users\/1"}],"replies":[{"embeddable":true,"href":"https:\/\/www.boyacaleinforma.com\/index.php?rest_route=%2Fwp%2Fv2%2Fcomments&post=43565"}],"version-history":[{"count":1,"href":"https:\/\/www.boyacaleinforma.com\/index.php?rest_route=\/wp\/v2\/posts\/43565\/revisions"}],"predecessor-version":[{"id":43566,"href":"https:\/\/www.boyacaleinforma.com\/index.php?rest_route=\/wp\/v2\/posts\/43565\/revisions\/43566"}],"wp:featuredmedia":[{"embeddable":true,"href":"https:\/\/www.boyacaleinforma.com\/index.php?rest_route=\/wp\/v2\/media\/43557"}],"wp:attachment":[{"href":"https:\/\/www.boyacaleinforma.com\/index.php?rest_route=%2Fwp%2Fv2%2Fmedia&parent=43565"}],"wp:term":[{"taxonomy":"category","embeddable":true,"href":"https:\/\/www.boyacaleinforma.com\/index.php?rest_route=%2Fwp%2Fv2%2Fcategories&post=43565"},{"taxonomy":"post_tag","embeddable":true,"href":"https:\/\/www.boyacaleinforma.com\/index.php?rest_route=%2Fwp%2Fv2%2Ftags&post=43565"}],"curies":[{"name":"wp","href":"https:\/\/api.w.org\/{rel}","templated":true}]}}