{"id":43567,"date":"2026-05-01T09:58:49","date_gmt":"2026-05-01T14:58:49","guid":{"rendered":"https:\/\/www.boyacaleinforma.com\/?p=43567"},"modified":"2026-05-01T09:59:38","modified_gmt":"2026-05-01T14:59:38","slug":"petro-insiste-en-la-constituyente-propone-dos-nuevos-capitulos-para-reformas-sociales-y-lucha-anticorrupcion","status":"publish","type":"post","link":"https:\/\/www.boyacaleinforma.com\/?p=43567","title":{"rendered":"Petro insiste en la Constituyente: propone dos nuevos cap\u00edtulos para reformas sociales y lucha anticorrupci\u00f3n"},"content":{"rendered":"\n<p>El debate pol\u00edtico en Colombia vuelve a girar en torno a una posible Asamblea Constituyente. Esta vez, el presidente Gustavo Petro aclar\u00f3 el alcance de su propuesta y busc\u00f3 bajar el tono de las cr\u00edticas: no se tratar\u00eda de reemplazar la Constituci\u00f3n vigente, sino de complementarla.<\/p>\n\n\n\n<p>Desde San Juan del Cesar, durante una jornada de econom\u00eda popular, el mandatario explic\u00f3 que la iniciativa apunta a agregar dos cap\u00edtulos espec\u00edficos a la Constituci\u00f3n Pol\u00edtica de 1991: uno enfocado en consolidar las reformas sociales y otro orientado a transformar el sistema pol\u00edtico para combatir la corrupci\u00f3n.<\/p>\n\n\n\n<p>\u201cEs una Constituci\u00f3n democr\u00e1tica y favorable a una Colombia mejor\u201d, afirm\u00f3 el jefe de Estado, al insistir en que su propuesta no busca desmontar el orden constitucional vigente. Seg\u00fan Petro, la Constituyente tendr\u00eda un alcance limitado y concreto, centrado en destrabar reformas que \u2014seg\u00fan \u00e9l\u2014 no han avanzado en el Congreso.<\/p>\n\n\n\n<p>El presidente se\u00f1al\u00f3 que iniciativas clave como la reforma a la salud, la pensional y la laboral han enfrentado obst\u00e1culos pol\u00edticos e institucionales. En su intervenci\u00f3n, cuestion\u00f3 la falta de avances legislativos y asegur\u00f3 que estos cambios son necesarios para garantizar derechos b\u00e1sicos a la poblaci\u00f3n, especialmente en temas como el acceso a la pensi\u00f3n y la protecci\u00f3n social.<\/p>\n\n\n\n<p>En ese contexto, Petro plante\u00f3 que una Asamblea Constituyente podr\u00eda convertirse en el escenario para materializar esas transformaciones. A su juicio, el actual Congreso presenta dificultades estructurales para aprobar este tipo de reformas, debido a pr\u00e1cticas pol\u00edticas que, seg\u00fan afirm\u00f3, priorizan intereses particulares sobre el bienestar general.<\/p>\n\n\n\n<p>Adem\u00e1s del componente social, el mandatario puso sobre la mesa la necesidad de reformar el sistema pol\u00edtico colombiano para enfrentar la corrupci\u00f3n. La idea, explic\u00f3, es establecer mecanismos que orienten la acci\u00f3n p\u00fablica hacia el inter\u00e9s general y reduzcan pr\u00e1cticas como la compra de votos o la intermediaci\u00f3n indebida en la gesti\u00f3n estatal.<\/p>\n\n\n\n<p>El llamado del presidente incluye una invitaci\u00f3n a la ciudadan\u00eda para respaldar la convocatoria de la Constituyente, lo que anticipa un nuevo cap\u00edtulo de discusi\u00f3n nacional sobre los mecanismos de participaci\u00f3n y el futuro institucional del pa\u00eds.<\/p>\n\n\n\n<p>La propuesta, sin embargo, se perfila como uno de los temas m\u00e1s controvertidos del escenario pol\u00edtico actual, en un momento en que Colombia se encamina hacia un nuevo ciclo electoral. Mientras el Gobierno defiende la necesidad de abrir este camino, distintos sectores ya han comenzado a debatir sus implicaciones jur\u00eddicas y pol\u00edticas.<\/p>\n","protected":false},"excerpt":{"rendered":"<p>El debate pol\u00edtico en Colombia vuelve a girar en torno a una posible Asamblea Constituyente. Esta vez, el<\/p>\n","protected":false},"author":1,"featured_media":43559,"comment_status":"open","ping_status":"open","sticky":false,"template":"","format":"standard","meta":{"om_disable_all_campaigns":false,"_monsterinsights_skip_tracking":false,"_monsterinsights_sitenote_active":false,"_monsterinsights_sitenote_note":"","_monsterinsights_sitenote_category":0,"footnotes":""},"categories":[9],"tags":[10],"class_list":["post-43567","post","type-post","status-publish","format-standard","has-post-thumbnail","hentry","category-colombia","tag-noticias"],"aioseo_notices":[],"_links":{"self":[{"href":"https:\/\/www.boyacaleinforma.com\/index.php?rest_route=\/wp\/v2\/posts\/43567","targetHints":{"allow":["GET"]}}],"collection":[{"href":"https:\/\/www.boyacaleinforma.com\/index.php?rest_route=\/wp\/v2\/posts"}],"about":[{"href":"https:\/\/www.boyacaleinforma.com\/index.php?rest_route=\/wp\/v2\/types\/post"}],"author":[{"embeddable":true,"href":"https:\/\/www.boyacaleinforma.com\/index.php?rest_route=\/wp\/v2\/users\/1"}],"replies":[{"embeddable":true,"href":"https:\/\/www.boyacaleinforma.com\/index.php?rest_route=%2Fwp%2Fv2%2Fcomments&post=43567"}],"version-history":[{"count":1,"href":"https:\/\/www.boyacaleinforma.com\/index.php?rest_route=\/wp\/v2\/posts\/43567\/revisions"}],"predecessor-version":[{"id":43568,"href":"https:\/\/www.boyacaleinforma.com\/index.php?rest_route=\/wp\/v2\/posts\/43567\/revisions\/43568"}],"wp:featuredmedia":[{"embeddable":true,"href":"https:\/\/www.boyacaleinforma.com\/index.php?rest_route=\/wp\/v2\/media\/43559"}],"wp:attachment":[{"href":"https:\/\/www.boyacaleinforma.com\/index.php?rest_route=%2Fwp%2Fv2%2Fmedia&parent=43567"}],"wp:term":[{"taxonomy":"category","embeddable":true,"href":"https:\/\/www.boyacaleinforma.com\/index.php?rest_route=%2Fwp%2Fv2%2Fcategories&post=43567"},{"taxonomy":"post_tag","embeddable":true,"href":"https:\/\/www.boyacaleinforma.com\/index.php?rest_route=%2Fwp%2Fv2%2Ftags&post=43567"}],"curies":[{"name":"wp","href":"https:\/\/api.w.org\/{rel}","templated":true}]}}