{"id":46025,"date":"2026-08-30T22:16:05","date_gmt":"2026-08-31T03:16:05","guid":{"rendered":"https:\/\/www.boyacaleinforma.com\/?p=46025"},"modified":"2026-08-30T22:16:13","modified_gmt":"2026-08-31T03:16:13","slug":"asi-vivieron-en-paez-el-mercado-campesino-y-la-feria-de-servicios","status":"publish","type":"post","link":"https:\/\/www.boyacaleinforma.com\/?p=46025","title":{"rendered":"As\u00ed vivieron en P\u00e1ez el Mercado Campesino y la Feria de Servicios"},"content":{"rendered":"\n<p class=\"wp-block-paragraph\">El Municipio de P\u00e1ez vivi\u00f3 una exitosa jornada del D\u00eda de Mercado Campesino y Feria de Servicios, en la que participaron entidades p\u00fablicas y privadas que ofrecieron asesor\u00eda, orientaci\u00f3n y acompa\u00f1amiento en diversos tr\u00e1mites y programas.<\/p>\n\n\n\n<p class=\"wp-block-paragraph\">La Administraci\u00f3n Municipal de P\u00e1ez, liderada por el alcalde Juan Diego Morales Calder\u00f3n, reafirma su compromiso con el bienestar de la comunidad, promoviendo espacios que fortalecen la participaci\u00f3n ciudadana, el desarrollo rural y la atenci\u00f3n a las familias paences.<\/p>\n","protected":false},"excerpt":{"rendered":"<p>El Municipio de P\u00e1ez vivi\u00f3 una exitosa jornada del D\u00eda de Mercado Campesino y Feria de Servicios, en<\/p>\n","protected":false},"author":1,"featured_media":46017,"comment_status":"open","ping_status":"open","sticky":false,"template":"","format":"standard","meta":{"om_disable_all_campaigns":false,"_monsterinsights_skip_tracking":false,"footnotes":""},"categories":[1],"tags":[],"class_list":["post-46025","post","type-post","status-publish","format-standard","has-post-thumbnail","hentry","category-uncategorized"],"aioseo_notices":[],"aioseo_head":"\n\t\t<!-- All in One SEO 5.0.1.1 - aioseo.com -->\n\t<meta name=\"description\" content=\"El Municipio de P\u00e1ez vivi\u00f3 una exitosa jornada del D\u00eda de Mercado Campesino y Feria de Servicios, en la que participaron entidades p\u00fablicas y privadas que ofrecieron asesor\u00eda, orientaci\u00f3n y acompa\u00f1amiento en diversos tr\u00e1mites y programas. La Administraci\u00f3n Municipal de P\u00e1ez, liderada por el alcalde Juan Diego Morales Calder\u00f3n, reafirma su compromiso con el bienestar\" \/>\n\t<meta name=\"robots\" content=\"max-image-preview:large\" \/>\n\t<meta name=\"author\" content=\"Lorena\"\/>\n\t<link rel=\"canonical\" href=\"https:\/\/www.boyacaleinforma.com\/?p=46025\" \/>\n\t<meta name=\"generator\" content=\"All in One SEO (AIOSEO) 5.0.1.1\" \/>\n\t\t<meta property=\"og:locale\" content=\"es_ES\" \/>\n\t\t<meta property=\"og:site_name\" content=\"Boyac\u00e1 Le Informa - Nosotros informamos, usted elige el punto de vista\" \/>\n\t\t<meta property=\"og:type\" content=\"article\" \/>\n\t\t<meta property=\"og:title\" content=\"As\u00ed vivieron en P\u00e1ez el Mercado Campesino y la Feria de Servicios - Boyac\u00e1 Le Informa\" \/>\n\t\t<meta property=\"og:description\" content=\"El Municipio de P\u00e1ez vivi\u00f3 una exitosa jornada del D\u00eda de Mercado Campesino y Feria de Servicios, en la que participaron entidades p\u00fablicas y privadas que ofrecieron asesor\u00eda, orientaci\u00f3n y acompa\u00f1amiento en diversos tr\u00e1mites y programas. La Administraci\u00f3n Municipal de P\u00e1ez, liderada por el alcalde Juan Diego Morales Calder\u00f3n, reafirma su compromiso con el bienestar\" \/>\n\t\t<meta property=\"og:url\" content=\"https:\/\/www.boyacaleinforma.com\/?p=46025\" \/>\n\t\t<meta property=\"og:image\" content=\"https:\/\/www.boyacaleinforma.com\/wp-content\/uploads\/2023\/01\/cropped-boyca-le-informa-png.png\" \/>\n\t\t<meta property=\"og:image:secure_url\" content=\"https:\/\/www.boyacaleinforma.com\/wp-content\/uploads\/2023\/01\/cropped-boyca-le-informa-png.png\" \/>\n\t\t<meta property=\"og:image:width\" content=\"1201\" \/>\n\t\t<meta property=\"og:image:height\" content=\"830\" \/>\n\t\t<meta property=\"article:published_time\" content=\"2026-08-31T03:16:05+00:00\" \/>\n\t\t<meta property=\"article:modified_time\" content=\"2026-08-31T03:16:13+00:00\" \/>\n\t\t<meta property=\"article:publisher\" content=\"https:\/\/facebook.com\/Boyac\u00e1 Le Informa\" \/>\n\t\t<meta name=\"twitter:card\" content=\"summary_large_image\" \/>\n\t\t<meta name=\"twitter:site\" content=\"@Boyac\u00e1%20Le%20Informa\" \/>\n\t\t<meta name=\"twitter:title\" content=\"As\u00ed vivieron en P\u00e1ez el Mercado Campesino y la Feria de Servicios - Boyac\u00e1 Le Informa\" \/>\n\t\t<meta name=\"twitter:description\" content=\"El Municipio de P\u00e1ez vivi\u00f3 una exitosa jornada del D\u00eda de Mercado Campesino y Feria de Servicios, en la que participaron entidades p\u00fablicas y privadas que ofrecieron asesor\u00eda, orientaci\u00f3n y acompa\u00f1amiento en diversos tr\u00e1mites y programas. La Administraci\u00f3n Municipal de P\u00e1ez, liderada por el alcalde Juan Diego Morales Calder\u00f3n, reafirma su compromiso con el bienestar\" \/>\n\t\t<meta name=\"twitter:creator\" content=\"@Boyac\u00e1%20Le%20Informa\" \/>\n\t\t<meta name=\"twitter:image\" content=\"https:\/\/www.boyacaleinforma.com\/wp-content\/uploads\/2023\/01\/cropped-boyca-le-informa-png.png\" \/>\n\t\t<script type=\"application\/ld+json\" class=\"aioseo-schema\">\n\t\t\t{\"@context\":\"https:\\\/\\\/schema.org\",\"@graph\":[{\"@type\":\"BlogPosting\",\"@id\":\"https:\\\/\\\/www.boyacaleinforma.com\\\/?p=46025#blogposting\",\"name\":\"As\\u00ed vivieron en P\\u00e1ez el Mercado Campesino y la Feria de Servicios - Boyac\\u00e1 Le Informa\",\"headline\":\"As\\u00ed vivieron en P\\u00e1ez el Mercado Campesino y la Feria de Servicios\",\"author\":{\"@id\":\"https:\\\/\\\/www.boyacaleinforma.com\\\/?author=1#author\"},\"publisher\":{\"@id\":\"https:\\\/\\\/www.boyacaleinforma.com\\\/#organization\"},\"image\":{\"@type\":\"ImageObject\",\"url\":\"https:\\\/\\\/www.boyacaleinforma.com\\\/wp-content\\\/uploads\\\/2026\\\/08\\\/Paez-3.jpg\",\"width\":900,\"height\":600},\"datePublished\":\"2026-08-30T22:16:05-05:00\",\"dateModified\":\"2026-08-30T22:16:13-05:00\",\"inLanguage\":\"es-ES\",\"mainEntityOfPage\":{\"@id\":\"https:\\\/\\\/www.boyacaleinforma.com\\\/?p=46025#webpage\"},\"isPartOf\":{\"@id\":\"https:\\\/\\\/www.boyacaleinforma.com\\\/?p=46025#webpage\"},\"articleSection\":\"Uncategorized\"},{\"@type\":\"BreadcrumbList\",\"@id\":\"https:\\\/\\\/www.boyacaleinforma.com\\\/?p=46025#breadcrumblist\",\"itemListElement\":[{\"@type\":\"ListItem\",\"@id\":\"https:\\\/\\\/www.boyacaleinforma.com#listItem\",\"position\":1,\"name\":\"Home\",\"item\":\"https:\\\/\\\/www.boyacaleinforma.com\",\"nextItem\":{\"@type\":\"ListItem\",\"@id\":\"https:\\\/\\\/www.boyacaleinforma.com\\\/?cat=1#listItem\",\"name\":\"Uncategorized\"}},{\"@type\":\"ListItem\",\"@id\":\"https:\\\/\\\/www.boyacaleinforma.com\\\/?cat=1#listItem\",\"position\":2,\"name\":\"Uncategorized\",\"item\":\"https:\\\/\\\/www.boyacaleinforma.com\\\/?cat=1\",\"nextItem\":{\"@type\":\"ListItem\",\"@id\":\"https:\\\/\\\/www.boyacaleinforma.com\\\/?p=46025#listItem\",\"name\":\"As\\u00ed vivieron en P\\u00e1ez el Mercado Campesino y la Feria de Servicios\"},\"previousItem\":{\"@type\":\"ListItem\",\"@id\":\"https:\\\/\\\/www.boyacaleinforma.com#listItem\",\"name\":\"Home\"}},{\"@type\":\"ListItem\",\"@id\":\"https:\\\/\\\/www.boyacaleinforma.com\\\/?p=46025#listItem\",\"position\":3,\"name\":\"As\\u00ed vivieron en P\\u00e1ez el Mercado Campesino y la Feria de Servicios\",\"previousItem\":{\"@type\":\"ListItem\",\"@id\":\"https:\\\/\\\/www.boyacaleinforma.com\\\/?cat=1#listItem\",\"name\":\"Uncategorized\"}}]},{\"@type\":\"Organization\",\"@id\":\"https:\\\/\\\/www.boyacaleinforma.com\\\/#organization\",\"name\":\"Boyac\\u00e1 Le Informa\",\"description\":\"Nosotros informamos, usted elige el punto de vista\",\"url\":\"https:\\\/\\\/www.boyacaleinforma.com\\\/\",\"logo\":{\"@type\":\"ImageObject\",\"url\":\"https:\\\/\\\/www.boyacaleinforma.com\\\/wp-content\\\/uploads\\\/2023\\\/11\\\/WhatsApp-Image-2023-01-16-at-8.43.37-PM.jpeg\",\"@id\":\"https:\\\/\\\/www.boyacaleinforma.com\\\/?p=46025\\\/#organizationLogo\",\"width\":1201,\"height\":830},\"image\":{\"@id\":\"https:\\\/\\\/www.boyacaleinforma.com\\\/?p=46025\\\/#organizationLogo\"},\"sameAs\":[\"https:\\\/\\\/facebook.com\\\/Boyac\\u00e1 Le Informa\",\"https:\\\/\\\/x.com\\\/Boyac\\u00e1 Le Informa\",\"https:\\\/\\\/instagram.com\\\/Boyac\\u00e1 Le Informa\",\"https:\\\/\\\/pinterest.com\\\/Boyac\\u00e1 Le Informa\",\"https:\\\/\\\/youtube.com\\\/Boyac\\u00e1 Le Informa\",\"https:\\\/\\\/linkedin.com\\\/in\\\/Boyac\\u00e1 Le Informa\"]},{\"@type\":\"Person\",\"@id\":\"https:\\\/\\\/www.boyacaleinforma.com\\\/?author=1#author\",\"url\":\"https:\\\/\\\/www.boyacaleinforma.com\\\/?author=1\",\"name\":\"Lorena\",\"image\":{\"@type\":\"ImageObject\",\"@id\":\"https:\\\/\\\/www.boyacaleinforma.com\\\/?p=46025#authorImage\",\"url\":\"https:\\\/\\\/secure.gravatar.com\\\/avatar\\\/7ff34fbccee2466596270b966ef097be212f54fd0df5cd4afb0c375c83169e45?s=96&d=mm&r=g\",\"width\":96,\"height\":96,\"caption\":\"Lorena\"}},{\"@type\":\"WebPage\",\"@id\":\"https:\\\/\\\/www.boyacaleinforma.com\\\/?p=46025#webpage\",\"url\":\"https:\\\/\\\/www.boyacaleinforma.com\\\/?p=46025\",\"name\":\"As\\u00ed vivieron en P\\u00e1ez el Mercado Campesino y la Feria de Servicios - Boyac\\u00e1 Le Informa\",\"description\":\"El Municipio de P\\u00e1ez vivi\\u00f3 una exitosa jornada del D\\u00eda de Mercado Campesino y Feria de Servicios, en la que participaron entidades p\\u00fablicas y privadas que ofrecieron asesor\\u00eda, orientaci\\u00f3n y acompa\\u00f1amiento en diversos tr\\u00e1mites y programas. La Administraci\\u00f3n Municipal de P\\u00e1ez, liderada por el alcalde Juan Diego Morales Calder\\u00f3n, reafirma su compromiso con el bienestar\",\"inLanguage\":\"es-ES\",\"isPartOf\":{\"@id\":\"https:\\\/\\\/www.boyacaleinforma.com\\\/#website\"},\"breadcrumb\":{\"@id\":\"https:\\\/\\\/www.boyacaleinforma.com\\\/?p=46025#breadcrumblist\"},\"author\":{\"@id\":\"https:\\\/\\\/www.boyacaleinforma.com\\\/?author=1#author\"},\"creator\":{\"@id\":\"https:\\\/\\\/www.boyacaleinforma.com\\\/?author=1#author\"},\"image\":{\"@type\":\"ImageObject\",\"url\":\"https:\\\/\\\/www.boyacaleinforma.com\\\/wp-content\\\/uploads\\\/2026\\\/08\\\/Paez-3.jpg\",\"@id\":\"https:\\\/\\\/www.boyacaleinforma.com\\\/?p=46025\\\/#mainImage\",\"width\":900,\"height\":600},\"primaryImageOfPage\":{\"@id\":\"https:\\\/\\\/www.boyacaleinforma.com\\\/?p=46025#mainImage\"},\"datePublished\":\"2026-08-30T22:16:05-05:00\",\"dateModified\":\"2026-08-30T22:16:13-05:00\"},{\"@type\":\"WebSite\",\"@id\":\"https:\\\/\\\/www.boyacaleinforma.com\\\/#website\",\"url\":\"https:\\\/\\\/www.boyacaleinforma.com\\\/\",\"name\":\"Boyac\\u00e1 Le Informa\",\"description\":\"Nosotros informamos, usted elige el punto de vista\",\"inLanguage\":\"es-ES\",\"publisher\":{\"@id\":\"https:\\\/\\\/www.boyacaleinforma.com\\\/#organization\"}}]}\n\t\t<\/script>\n\t\t<!-- All in One SEO -->\n\n","aioseo_head_json":{"title":"As\u00ed vivieron en P\u00e1ez el Mercado Campesino y la Feria de Servicios - Boyac\u00e1 Le Informa","description":"El Municipio de P\u00e1ez vivi\u00f3 una exitosa jornada del D\u00eda de Mercado Campesino y Feria de Servicios, en la que participaron entidades p\u00fablicas y privadas que ofrecieron asesor\u00eda, orientaci\u00f3n y acompa\u00f1amiento en diversos tr\u00e1mites y programas. La Administraci\u00f3n Municipal de P\u00e1ez, liderada por el alcalde Juan Diego Morales Calder\u00f3n, reafirma su compromiso con el bienestar","canonical_url":"https:\/\/www.boyacaleinforma.com\/?p=46025","robots":"max-image-preview:large","keywords":"","webmasterTools":{"miscellaneous":""},"schema":{"@context":"https:\/\/schema.org","@graph":[{"@type":"BlogPosting","@id":"https:\/\/www.boyacaleinforma.com\/?p=46025#blogposting","name":"As\u00ed vivieron en P\u00e1ez el Mercado Campesino y la Feria de Servicios - Boyac\u00e1 Le Informa","headline":"As\u00ed vivieron en P\u00e1ez el Mercado Campesino y la Feria de Servicios","author":{"@id":"https:\/\/www.boyacaleinforma.com\/?author=1#author"},"publisher":{"@id":"https:\/\/www.boyacaleinforma.com\/#organization"},"image":{"@type":"ImageObject","url":"https:\/\/www.boyacaleinforma.com\/wp-content\/uploads\/2026\/08\/Paez-3.jpg","width":900,"height":600},"datePublished":"2026-08-30T22:16:05-05:00","dateModified":"2026-08-30T22:16:13-05:00","inLanguage":"es-ES","mainEntityOfPage":{"@id":"https:\/\/www.boyacaleinforma.com\/?p=46025#webpage"},"isPartOf":{"@id":"https:\/\/www.boyacaleinforma.com\/?p=46025#webpage"},"articleSection":"Uncategorized"},{"@type":"BreadcrumbList","@id":"https:\/\/www.boyacaleinforma.com\/?p=46025#breadcrumblist","itemListElement":[{"@type":"ListItem","@id":"https:\/\/www.boyacaleinforma.com#listItem","position":1,"name":"Home","item":"https:\/\/www.boyacaleinforma.com","nextItem":{"@type":"ListItem","@id":"https:\/\/www.boyacaleinforma.com\/?cat=1#listItem","name":"Uncategorized"}},{"@type":"ListItem","@id":"https:\/\/www.boyacaleinforma.com\/?cat=1#listItem","position":2,"name":"Uncategorized","item":"https:\/\/www.boyacaleinforma.com\/?cat=1","nextItem":{"@type":"ListItem","@id":"https:\/\/www.boyacaleinforma.com\/?p=46025#listItem","name":"As\u00ed vivieron en P\u00e1ez el Mercado Campesino y la Feria de Servicios"},"previousItem":{"@type":"ListItem","@id":"https:\/\/www.boyacaleinforma.com#listItem","name":"Home"}},{"@type":"ListItem","@id":"https:\/\/www.boyacaleinforma.com\/?p=46025#listItem","position":3,"name":"As\u00ed vivieron en P\u00e1ez el Mercado Campesino y la Feria de Servicios","previousItem":{"@type":"ListItem","@id":"https:\/\/www.boyacaleinforma.com\/?cat=1#listItem","name":"Uncategorized"}}]},{"@type":"Organization","@id":"https:\/\/www.boyacaleinforma.com\/#organization","name":"Boyac\u00e1 Le Informa","description":"Nosotros informamos, usted elige el punto de vista","url":"https:\/\/www.boyacaleinforma.com\/","logo":{"@type":"ImageObject","url":"https:\/\/www.boyacaleinforma.com\/wp-content\/uploads\/2023\/11\/WhatsApp-Image-2023-01-16-at-8.43.37-PM.jpeg","@id":"https:\/\/www.boyacaleinforma.com\/?p=46025\/#organizationLogo","width":1201,"height":830},"image":{"@id":"https:\/\/www.boyacaleinforma.com\/?p=46025\/#organizationLogo"},"sameAs":["https:\/\/facebook.com\/Boyac\u00e1 Le Informa","https:\/\/x.com\/Boyac\u00e1 Le Informa","https:\/\/instagram.com\/Boyac\u00e1 Le Informa","https:\/\/pinterest.com\/Boyac\u00e1 Le Informa","https:\/\/youtube.com\/Boyac\u00e1 Le Informa","https:\/\/linkedin.com\/in\/Boyac\u00e1 Le Informa"]},{"@type":"Person","@id":"https:\/\/www.boyacaleinforma.com\/?author=1#author","url":"https:\/\/www.boyacaleinforma.com\/?author=1","name":"Lorena","image":{"@type":"ImageObject","@id":"https:\/\/www.boyacaleinforma.com\/?p=46025#authorImage","url":"https:\/\/secure.gravatar.com\/avatar\/7ff34fbccee2466596270b966ef097be212f54fd0df5cd4afb0c375c83169e45?s=96&d=mm&r=g","width":96,"height":96,"caption":"Lorena"}},{"@type":"WebPage","@id":"https:\/\/www.boyacaleinforma.com\/?p=46025#webpage","url":"https:\/\/www.boyacaleinforma.com\/?p=46025","name":"As\u00ed vivieron en P\u00e1ez el Mercado Campesino y la Feria de Servicios - Boyac\u00e1 Le Informa","description":"El Municipio de P\u00e1ez vivi\u00f3 una exitosa jornada del D\u00eda de Mercado Campesino y Feria de Servicios, en la que participaron entidades p\u00fablicas y privadas que ofrecieron asesor\u00eda, orientaci\u00f3n y acompa\u00f1amiento en diversos tr\u00e1mites y programas. La Administraci\u00f3n Municipal de P\u00e1ez, liderada por el alcalde Juan Diego Morales Calder\u00f3n, reafirma su compromiso con el bienestar","inLanguage":"es-ES","isPartOf":{"@id":"https:\/\/www.boyacaleinforma.com\/#website"},"breadcrumb":{"@id":"https:\/\/www.boyacaleinforma.com\/?p=46025#breadcrumblist"},"author":{"@id":"https:\/\/www.boyacaleinforma.com\/?author=1#author"},"creator":{"@id":"https:\/\/www.boyacaleinforma.com\/?author=1#author"},"image":{"@type":"ImageObject","url":"https:\/\/www.boyacaleinforma.com\/wp-content\/uploads\/2026\/08\/Paez-3.jpg","@id":"https:\/\/www.boyacaleinforma.com\/?p=46025\/#mainImage","width":900,"height":600},"primaryImageOfPage":{"@id":"https:\/\/www.boyacaleinforma.com\/?p=46025#mainImage"},"datePublished":"2026-08-30T22:16:05-05:00","dateModified":"2026-08-30T22:16:13-05:00"},{"@type":"WebSite","@id":"https:\/\/www.boyacaleinforma.com\/#website","url":"https:\/\/www.boyacaleinforma.com\/","name":"Boyac\u00e1 Le Informa","description":"Nosotros informamos, usted elige el punto de vista","inLanguage":"es-ES","publisher":{"@id":"https:\/\/www.boyacaleinforma.com\/#organization"}}]},"og:locale":"es_ES","og:site_name":"Boyac\u00e1 Le Informa - Nosotros informamos, usted elige el punto de vista","og:type":"article","og:title":"As\u00ed vivieron en P\u00e1ez el Mercado Campesino y la Feria de Servicios - Boyac\u00e1 Le Informa","og:description":"El Municipio de P\u00e1ez vivi\u00f3 una exitosa jornada del D\u00eda de Mercado Campesino y Feria de Servicios, en la que participaron entidades p\u00fablicas y privadas que ofrecieron asesor\u00eda, orientaci\u00f3n y acompa\u00f1amiento en diversos tr\u00e1mites y programas. La Administraci\u00f3n Municipal de P\u00e1ez, liderada por el alcalde Juan Diego Morales Calder\u00f3n, reafirma su compromiso con el bienestar","og:url":"https:\/\/www.boyacaleinforma.com\/?p=46025","og:image":"https:\/\/www.boyacaleinforma.com\/wp-content\/uploads\/2023\/01\/cropped-boyca-le-informa-png.png","og:image:secure_url":"https:\/\/www.boyacaleinforma.com\/wp-content\/uploads\/2023\/01\/cropped-boyca-le-informa-png.png","og:image:width":1201,"og:image:height":830,"article:published_time":"2026-08-31T03:16:05+00:00","article:modified_time":"2026-08-31T03:16:13+00:00","article:publisher":"https:\/\/facebook.com\/Boyac\u00e1 Le Informa","twitter:card":"summary_large_image","twitter:site":"@Boyac\u00e1%20Le%20Informa","twitter:title":"As\u00ed vivieron en P\u00e1ez el Mercado Campesino y la Feria de Servicios - Boyac\u00e1 Le Informa","twitter:description":"El Municipio de P\u00e1ez vivi\u00f3 una exitosa jornada del D\u00eda de Mercado Campesino y Feria de Servicios, en la que participaron entidades p\u00fablicas y privadas que ofrecieron asesor\u00eda, orientaci\u00f3n y acompa\u00f1amiento en diversos tr\u00e1mites y programas. La Administraci\u00f3n Municipal de P\u00e1ez, liderada por el alcalde Juan Diego Morales Calder\u00f3n, reafirma su compromiso con el bienestar","twitter:creator":"@Boyac\u00e1%20Le%20Informa","twitter:image":"https:\/\/www.boyacaleinforma.com\/wp-content\/uploads\/2023\/01\/cropped-boyca-le-informa-png.png"},"aioseo_meta_data":{"post_id":"46025","title":null,"description":null,"keywords":null,"keyphrases":{"focus":{"keyphrase":"","score":0,"analysis":{"keyphraseInTitle":{"score":0,"maxScore":9,"error":1}}},"additional":[]},"primary_term":null,"canonical_url":null,"og_title":null,"og_description":null,"og_object_type":"default","og_image_type":"default","og_image_url":null,"og_image_width":null,"og_image_height":null,"og_image_custom_url":null,"og_image_custom_fields":null,"og_video":"","og_custom_url":null,"og_article_section":null,"og_article_tags":null,"twitter_use_og":false,"twitter_card":"default","twitter_image_type":"default","twitter_image_url":null,"twitter_image_custom_url":null,"twitter_image_custom_fields":null,"twitter_title":null,"twitter_description":null,"schema":{"blockGraphs":[],"customGraphs":[],"default":{"data":{"Article":[],"Course":[],"Dataset":[],"FAQPage":[],"Movie":[],"Person":[],"Product":[],"ProductReview":[],"Car":[],"Recipe":[],"Service":[],"SoftwareApplication":[],"WebPage":[]},"graphName":"BlogPosting","isEnabled":true},"graphs":[]},"schema_type":"default","schema_type_options":null,"pillar_content":false,"robots_default":true,"robots_noindex":false,"robots_noarchive":false,"robots_nosnippet":false,"robots_nofollow":false,"robots_noimageindex":false,"robots_noodp":false,"robots_notranslate":false,"robots_max_snippet":"-1","robots_max_videopreview":"-1","robots_max_imagepreview":"large","priority":null,"frequency":"default","local_seo":null,"breadcrumb_settings":null,"limit_modified_date":false,"ai":{"faqs":[],"keyPoints":[],"schemas":[],"titles":[],"descriptions":[],"socialPosts":{"email":{"subject":"","preview":"","content":""},"linkedin":[],"twitter":[],"facebook":[],"instagram":[]}},"created":"2026-08-31 03:16:13","updated":"2026-08-31 03:16:13","seo_analyzer_scan_date":null,"focus_keyword":null,"additional_keywords":null,"truseo_locale":null},"aioseo_breadcrumb":"<div class=\"aioseo-breadcrumbs\"><span class=\"aioseo-breadcrumb\">\n\t\t\t<a href=\"https:\/\/www.boyacaleinforma.com\" title=\"Home\">Home<\/a>\n\t\t<\/span><span class=\"aioseo-breadcrumb-separator\">&raquo;<\/span><span class=\"aioseo-breadcrumb\">\n\t\t\t<a href=\"https:\/\/www.boyacaleinforma.com\/?cat=1\" title=\"Uncategorized\">Uncategorized<\/a>\n\t\t<\/span><span class=\"aioseo-breadcrumb-separator\">&raquo;<\/span><span class=\"aioseo-breadcrumb\">\n\t\t\tAs\u00ed vivieron en P\u00e1ez el Mercado Campesino y la Feria de Servicios\n\t\t<\/span><\/div>","aioseo_breadcrumb_json":[{"label":"Home","link":"https:\/\/www.boyacaleinforma.com"},{"label":"Uncategorized","link":"https:\/\/www.boyacaleinforma.com\/?cat=1"},{"label":"As\u00ed vivieron en P\u00e1ez el Mercado Campesino y la Feria de Servicios","link":"https:\/\/www.boyacaleinforma.com\/?p=46025"}],"_links":{"self":[{"href":"https:\/\/www.boyacaleinforma.com\/index.php?rest_route=\/wp\/v2\/posts\/46025","targetHints":{"allow":["GET"]}}],"collection":[{"href":"https:\/\/www.boyacaleinforma.com\/index.php?rest_route=\/wp\/v2\/posts"}],"about":[{"href":"https:\/\/www.boyacaleinforma.com\/index.php?rest_route=\/wp\/v2\/types\/post"}],"author":[{"embeddable":true,"href":"https:\/\/www.boyacaleinforma.com\/index.php?rest_route=\/wp\/v2\/users\/1"}],"replies":[{"embeddable":true,"href":"https:\/\/www.boyacaleinforma.com\/index.php?rest_route=%2Fwp%2Fv2%2Fcomments&post=46025"}],"version-history":[{"count":1,"href":"https:\/\/www.boyacaleinforma.com\/index.php?rest_route=\/wp\/v2\/posts\/46025\/revisions"}],"predecessor-version":[{"id":46026,"href":"https:\/\/www.boyacaleinforma.com\/index.php?rest_route=\/wp\/v2\/posts\/46025\/revisions\/46026"}],"wp:featuredmedia":[{"embeddable":true,"href":"https:\/\/www.boyacaleinforma.com\/index.php?rest_route=\/wp\/v2\/media\/46017"}],"wp:attachment":[{"href":"https:\/\/www.boyacaleinforma.com\/index.php?rest_route=%2Fwp%2Fv2%2Fmedia&parent=46025"}],"wp:term":[{"taxonomy":"category","embeddable":true,"href":"https:\/\/www.boyacaleinforma.com\/index.php?rest_route=%2Fwp%2Fv2%2Fcategories&post=46025"},{"taxonomy":"post_tag","embeddable":true,"href":"https:\/\/www.boyacaleinforma.com\/index.php?rest_route=%2Fwp%2Fv2%2Ftags&post=46025"}],"curies":[{"name":"wp","href":"https:\/\/api.w.org\/{rel}","templated":true}]}}