{"id":46031,"date":"2026-08-30T22:23:28","date_gmt":"2026-08-31T03:23:28","guid":{"rendered":"https:\/\/www.boyacaleinforma.com\/?p=46031"},"modified":"2026-08-30T22:34:24","modified_gmt":"2026-08-31T03:34:24","slug":"colombia-se-corona-campeona-en-los-panamericanos-de-la-juventud-sorda","status":"publish","type":"post","link":"https:\/\/www.boyacaleinforma.com\/?p=46031","title":{"rendered":"Colombia se corona campeona en los Panamericanos de la Juventud Sorda"},"content":{"rendered":"\n<p class=\"wp-block-paragraph\">El deporte colombiano volvi\u00f3 a dar motivos de orgullo. La delegaci\u00f3n nacional de deportistas sordos se consagr\u00f3 campeona del medallero general en los VI Juegos Panamericanos de la Juventud Sorda, disputados en Guayaquil, Ecuador, tras cuatro d\u00edas de competencia que dejaron a Colombia en lo m\u00e1s alto del podio en su primera participaci\u00f3n en la historia de este certamen.<br><br>Con solo 13 deportistas entre los 14 y los 18 a\u00f1os, el equipo colombiano logr\u00f3 un total de 35 medallas: 16 de oro, 14 de plata y 5 de bronce, superando a Cuba, que termin\u00f3 segunda con 25 preseas, y a Argentina, que cerr\u00f3 el podio general con 24. Los j\u00f3venes atletas subieron al podio en las cuatro disciplinas en las que compitieron: nataci\u00f3n, atletismo, ajedrez y tenis de mesa.<br><br>La nataci\u00f3n fue la disciplina m\u00e1s productiva para el pa\u00eds, con 18 de las 35 medallas conseguidas: nueve de oro, siete de plata y dos de bronce. Dentro de ese grupo se destac\u00f3 Linda Guerao, quien conquist\u00f3 siete t\u00edtulos dorados y se convirti\u00f3 en la m\u00e1xima figura de la delegaci\u00f3n colombiana.<br><br>El atletismo tambi\u00e9n dej\u00f3 actuaciones sobresalientes. Dilan Castillo, de apenas 15 a\u00f1os, gan\u00f3 el oro en los 100 y 200 metros en su debut internacional, mientras que la abanderada de la delegaci\u00f3n, Thalyana Tarapu\u00e9s, sum\u00f3 tres medallas de plata en los 100, 200 y 400 metros. Por su parte, Mar\u00eda Isabel Hern\u00e1ndez aport\u00f3 dos platas y un bronce en pruebas de lanzamiento.<br><br>En tenis de mesa, Ariel Ram\u00edrez y \u00c9rica L\u00f3pez se quedaron con el t\u00edtulo de dobles mixto, mientras que Ram\u00edrez, junto a Oliver Ariza, se coron\u00f3 adem\u00e1s bicampe\u00f3n panamericano en otra modalidad del deporte.<br><br>El torneo, que reuni\u00f3 a 100 deportistas sordos de 11 pa\u00edses, marc\u00f3 un hito para el deporte adaptado colombiano. John Fredy Mart\u00ednez, presidente de la Federaci\u00f3n Colombiana de Deportes para Sordos (Fecoldes), destac\u00f3 el crecimiento del proceso deportivo nacional y resalt\u00f3 que el equipo logr\u00f3 superar a selecciones hist\u00f3ricamente fuertes como Brasil y Argentina.<br><br>El resultado se dio en un contexto de respaldo institucional: el Ministerio del Deporte destin\u00f3 este a\u00f1o $1.000 millones para apoyar la gesti\u00f3n de Fecoldes, una inversi\u00f3n que se refleja en el desempe\u00f1o de la nueva generaci\u00f3n del deporte sordol\u00edmpico colombiano.<\/p>\n","protected":false},"excerpt":{"rendered":"<p>El deporte colombiano volvi\u00f3 a dar motivos de orgullo. La delegaci\u00f3n nacional de deportistas sordos se consagr\u00f3 campeona<\/p>\n","protected":false},"author":1,"featured_media":46032,"comment_status":"open","ping_status":"open","sticky":false,"template":"","format":"standard","meta":{"om_disable_all_campaigns":false,"_monsterinsights_skip_tracking":false,"footnotes":""},"categories":[7],"tags":[10],"class_list":["post-46031","post","type-post","status-publish","format-standard","has-post-thumbnail","hentry","category-deportes","tag-noticias"],"aioseo_notices":[],"aioseo_head":"\n\t\t<!-- All in One SEO 5.0.1.1 - aioseo.com -->\n\t<meta name=\"description\" content=\"El deporte colombiano volvi\u00f3 a dar motivos de orgullo. La delegaci\u00f3n nacional de deportistas sordos se consagr\u00f3 campeona del medallero general en los VI Juegos Panamericanos de la Juventud Sorda, disputados en Guayaquil, Ecuador, tras cuatro d\u00edas de competencia que dejaron a Colombia en lo m\u00e1s alto del podio en su primera participaci\u00f3n en la\" \/>\n\t<meta name=\"robots\" content=\"max-image-preview:large\" \/>\n\t<meta name=\"author\" content=\"Lorena\"\/>\n\t<link rel=\"canonical\" href=\"https:\/\/www.boyacaleinforma.com\/?p=46031\" \/>\n\t<meta name=\"generator\" content=\"All in One SEO (AIOSEO) 5.0.1.1\" \/>\n\t\t<meta property=\"og:locale\" content=\"es_ES\" \/>\n\t\t<meta property=\"og:site_name\" content=\"Boyac\u00e1 Le Informa - Nosotros informamos, usted elige el punto de vista\" \/>\n\t\t<meta property=\"og:type\" content=\"article\" \/>\n\t\t<meta property=\"og:title\" content=\"Colombia se corona campeona en los Panamericanos de la Juventud Sorda - Boyac\u00e1 Le Informa\" \/>\n\t\t<meta property=\"og:description\" content=\"El deporte colombiano volvi\u00f3 a dar motivos de orgullo. La delegaci\u00f3n nacional de deportistas sordos se consagr\u00f3 campeona del medallero general en los VI Juegos Panamericanos de la Juventud Sorda, disputados en Guayaquil, Ecuador, tras cuatro d\u00edas de competencia que dejaron a Colombia en lo m\u00e1s alto del podio en su primera participaci\u00f3n en la\" \/>\n\t\t<meta property=\"og:url\" content=\"https:\/\/www.boyacaleinforma.com\/?p=46031\" \/>\n\t\t<meta property=\"og:image\" content=\"https:\/\/www.boyacaleinforma.com\/wp-content\/uploads\/2023\/01\/cropped-boyca-le-informa-png.png\" \/>\n\t\t<meta property=\"og:image:secure_url\" content=\"https:\/\/www.boyacaleinforma.com\/wp-content\/uploads\/2023\/01\/cropped-boyca-le-informa-png.png\" \/>\n\t\t<meta property=\"og:image:width\" content=\"1201\" \/>\n\t\t<meta property=\"og:image:height\" content=\"830\" \/>\n\t\t<meta property=\"article:published_time\" content=\"2026-08-31T03:23:28+00:00\" \/>\n\t\t<meta property=\"article:modified_time\" content=\"2026-08-31T03:34:24+00:00\" \/>\n\t\t<meta property=\"article:publisher\" content=\"https:\/\/facebook.com\/Boyac\u00e1 Le Informa\" \/>\n\t\t<meta name=\"twitter:card\" content=\"summary_large_image\" \/>\n\t\t<meta name=\"twitter:site\" content=\"@Boyac\u00e1%20Le%20Informa\" \/>\n\t\t<meta name=\"twitter:title\" content=\"Colombia se corona campeona en los Panamericanos de la Juventud Sorda - Boyac\u00e1 Le Informa\" \/>\n\t\t<meta name=\"twitter:description\" content=\"El deporte colombiano volvi\u00f3 a dar motivos de orgullo. La delegaci\u00f3n nacional de deportistas sordos se consagr\u00f3 campeona del medallero general en los VI Juegos Panamericanos de la Juventud Sorda, disputados en Guayaquil, Ecuador, tras cuatro d\u00edas de competencia que dejaron a Colombia en lo m\u00e1s alto del podio en su primera participaci\u00f3n en la\" \/>\n\t\t<meta name=\"twitter:creator\" content=\"@Boyac\u00e1%20Le%20Informa\" \/>\n\t\t<meta name=\"twitter:image\" content=\"https:\/\/www.boyacaleinforma.com\/wp-content\/uploads\/2023\/01\/cropped-boyca-le-informa-png.png\" \/>\n\t\t<script type=\"application\/ld+json\" class=\"aioseo-schema\">\n\t\t\t{\"@context\":\"https:\\\/\\\/schema.org\",\"@graph\":[{\"@type\":\"BlogPosting\",\"@id\":\"https:\\\/\\\/www.boyacaleinforma.com\\\/?p=46031#blogposting\",\"name\":\"Colombia se corona campeona en los Panamericanos de la Juventud Sorda - Boyac\\u00e1 Le Informa\",\"headline\":\"Colombia se corona campeona en los Panamericanos de la Juventud Sorda\",\"author\":{\"@id\":\"https:\\\/\\\/www.boyacaleinforma.com\\\/?author=1#author\"},\"publisher\":{\"@id\":\"https:\\\/\\\/www.boyacaleinforma.com\\\/#organization\"},\"image\":{\"@type\":\"ImageObject\",\"url\":\"https:\\\/\\\/www.boyacaleinforma.com\\\/wp-content\\\/uploads\\\/2026\\\/08\\\/El-Informador.jpg\",\"width\":600,\"height\":400},\"datePublished\":\"2026-08-30T22:23:28-05:00\",\"dateModified\":\"2026-08-30T22:34:24-05:00\",\"inLanguage\":\"es-ES\",\"mainEntityOfPage\":{\"@id\":\"https:\\\/\\\/www.boyacaleinforma.com\\\/?p=46031#webpage\"},\"isPartOf\":{\"@id\":\"https:\\\/\\\/www.boyacaleinforma.com\\\/?p=46031#webpage\"},\"articleSection\":\"Deportes, Noticias\"},{\"@type\":\"BreadcrumbList\",\"@id\":\"https:\\\/\\\/www.boyacaleinforma.com\\\/?p=46031#breadcrumblist\",\"itemListElement\":[{\"@type\":\"ListItem\",\"@id\":\"https:\\\/\\\/www.boyacaleinforma.com#listItem\",\"position\":1,\"name\":\"Home\",\"item\":\"https:\\\/\\\/www.boyacaleinforma.com\",\"nextItem\":{\"@type\":\"ListItem\",\"@id\":\"https:\\\/\\\/www.boyacaleinforma.com\\\/?cat=7#listItem\",\"name\":\"Deportes\"}},{\"@type\":\"ListItem\",\"@id\":\"https:\\\/\\\/www.boyacaleinforma.com\\\/?cat=7#listItem\",\"position\":2,\"name\":\"Deportes\",\"item\":\"https:\\\/\\\/www.boyacaleinforma.com\\\/?cat=7\",\"nextItem\":{\"@type\":\"ListItem\",\"@id\":\"https:\\\/\\\/www.boyacaleinforma.com\\\/?p=46031#listItem\",\"name\":\"Colombia se corona campeona en los Panamericanos de la Juventud Sorda\"},\"previousItem\":{\"@type\":\"ListItem\",\"@id\":\"https:\\\/\\\/www.boyacaleinforma.com#listItem\",\"name\":\"Home\"}},{\"@type\":\"ListItem\",\"@id\":\"https:\\\/\\\/www.boyacaleinforma.com\\\/?p=46031#listItem\",\"position\":3,\"name\":\"Colombia se corona campeona en los Panamericanos de la Juventud Sorda\",\"previousItem\":{\"@type\":\"ListItem\",\"@id\":\"https:\\\/\\\/www.boyacaleinforma.com\\\/?cat=7#listItem\",\"name\":\"Deportes\"}}]},{\"@type\":\"Organization\",\"@id\":\"https:\\\/\\\/www.boyacaleinforma.com\\\/#organization\",\"name\":\"Boyac\\u00e1 Le Informa\",\"description\":\"Nosotros informamos, usted elige el punto de vista\",\"url\":\"https:\\\/\\\/www.boyacaleinforma.com\\\/\",\"logo\":{\"@type\":\"ImageObject\",\"url\":\"https:\\\/\\\/www.boyacaleinforma.com\\\/wp-content\\\/uploads\\\/2023\\\/11\\\/WhatsApp-Image-2023-01-16-at-8.43.37-PM.jpeg\",\"@id\":\"https:\\\/\\\/www.boyacaleinforma.com\\\/?p=46031\\\/#organizationLogo\",\"width\":1201,\"height\":830},\"image\":{\"@id\":\"https:\\\/\\\/www.boyacaleinforma.com\\\/?p=46031\\\/#organizationLogo\"},\"sameAs\":[\"https:\\\/\\\/facebook.com\\\/Boyac\\u00e1 Le Informa\",\"https:\\\/\\\/x.com\\\/Boyac\\u00e1 Le Informa\",\"https:\\\/\\\/instagram.com\\\/Boyac\\u00e1 Le Informa\",\"https:\\\/\\\/pinterest.com\\\/Boyac\\u00e1 Le Informa\",\"https:\\\/\\\/youtube.com\\\/Boyac\\u00e1 Le Informa\",\"https:\\\/\\\/linkedin.com\\\/in\\\/Boyac\\u00e1 Le Informa\"]},{\"@type\":\"Person\",\"@id\":\"https:\\\/\\\/www.boyacaleinforma.com\\\/?author=1#author\",\"url\":\"https:\\\/\\\/www.boyacaleinforma.com\\\/?author=1\",\"name\":\"Lorena\",\"image\":{\"@type\":\"ImageObject\",\"@id\":\"https:\\\/\\\/www.boyacaleinforma.com\\\/?p=46031#authorImage\",\"url\":\"https:\\\/\\\/secure.gravatar.com\\\/avatar\\\/7ff34fbccee2466596270b966ef097be212f54fd0df5cd4afb0c375c83169e45?s=96&d=mm&r=g\",\"width\":96,\"height\":96,\"caption\":\"Lorena\"}},{\"@type\":\"WebPage\",\"@id\":\"https:\\\/\\\/www.boyacaleinforma.com\\\/?p=46031#webpage\",\"url\":\"https:\\\/\\\/www.boyacaleinforma.com\\\/?p=46031\",\"name\":\"Colombia se corona campeona en los Panamericanos de la Juventud Sorda - Boyac\\u00e1 Le Informa\",\"description\":\"El deporte colombiano volvi\\u00f3 a dar motivos de orgullo. La delegaci\\u00f3n nacional de deportistas sordos se consagr\\u00f3 campeona del medallero general en los VI Juegos Panamericanos de la Juventud Sorda, disputados en Guayaquil, Ecuador, tras cuatro d\\u00edas de competencia que dejaron a Colombia en lo m\\u00e1s alto del podio en su primera participaci\\u00f3n en la\",\"inLanguage\":\"es-ES\",\"isPartOf\":{\"@id\":\"https:\\\/\\\/www.boyacaleinforma.com\\\/#website\"},\"breadcrumb\":{\"@id\":\"https:\\\/\\\/www.boyacaleinforma.com\\\/?p=46031#breadcrumblist\"},\"author\":{\"@id\":\"https:\\\/\\\/www.boyacaleinforma.com\\\/?author=1#author\"},\"creator\":{\"@id\":\"https:\\\/\\\/www.boyacaleinforma.com\\\/?author=1#author\"},\"image\":{\"@type\":\"ImageObject\",\"url\":\"https:\\\/\\\/www.boyacaleinforma.com\\\/wp-content\\\/uploads\\\/2026\\\/08\\\/El-Informador.jpg\",\"@id\":\"https:\\\/\\\/www.boyacaleinforma.com\\\/?p=46031\\\/#mainImage\",\"width\":600,\"height\":400},\"primaryImageOfPage\":{\"@id\":\"https:\\\/\\\/www.boyacaleinforma.com\\\/?p=46031#mainImage\"},\"datePublished\":\"2026-08-30T22:23:28-05:00\",\"dateModified\":\"2026-08-30T22:34:24-05:00\"},{\"@type\":\"WebSite\",\"@id\":\"https:\\\/\\\/www.boyacaleinforma.com\\\/#website\",\"url\":\"https:\\\/\\\/www.boyacaleinforma.com\\\/\",\"name\":\"Boyac\\u00e1 Le Informa\",\"description\":\"Nosotros informamos, usted elige el punto de vista\",\"inLanguage\":\"es-ES\",\"publisher\":{\"@id\":\"https:\\\/\\\/www.boyacaleinforma.com\\\/#organization\"}}]}\n\t\t<\/script>\n\t\t<!-- All in One SEO -->\n\n","aioseo_head_json":{"title":"Colombia se corona campeona en los Panamericanos de la Juventud Sorda - Boyac\u00e1 Le Informa","description":"El deporte colombiano volvi\u00f3 a dar motivos de orgullo. La delegaci\u00f3n nacional de deportistas sordos se consagr\u00f3 campeona del medallero general en los VI Juegos Panamericanos de la Juventud Sorda, disputados en Guayaquil, Ecuador, tras cuatro d\u00edas de competencia que dejaron a Colombia en lo m\u00e1s alto del podio en su primera participaci\u00f3n en la","canonical_url":"https:\/\/www.boyacaleinforma.com\/?p=46031","robots":"max-image-preview:large","keywords":"","webmasterTools":{"miscellaneous":""},"schema":{"@context":"https:\/\/schema.org","@graph":[{"@type":"BlogPosting","@id":"https:\/\/www.boyacaleinforma.com\/?p=46031#blogposting","name":"Colombia se corona campeona en los Panamericanos de la Juventud Sorda - Boyac\u00e1 Le Informa","headline":"Colombia se corona campeona en los Panamericanos de la Juventud Sorda","author":{"@id":"https:\/\/www.boyacaleinforma.com\/?author=1#author"},"publisher":{"@id":"https:\/\/www.boyacaleinforma.com\/#organization"},"image":{"@type":"ImageObject","url":"https:\/\/www.boyacaleinforma.com\/wp-content\/uploads\/2026\/08\/El-Informador.jpg","width":600,"height":400},"datePublished":"2026-08-30T22:23:28-05:00","dateModified":"2026-08-30T22:34:24-05:00","inLanguage":"es-ES","mainEntityOfPage":{"@id":"https:\/\/www.boyacaleinforma.com\/?p=46031#webpage"},"isPartOf":{"@id":"https:\/\/www.boyacaleinforma.com\/?p=46031#webpage"},"articleSection":"Deportes, Noticias"},{"@type":"BreadcrumbList","@id":"https:\/\/www.boyacaleinforma.com\/?p=46031#breadcrumblist","itemListElement":[{"@type":"ListItem","@id":"https:\/\/www.boyacaleinforma.com#listItem","position":1,"name":"Home","item":"https:\/\/www.boyacaleinforma.com","nextItem":{"@type":"ListItem","@id":"https:\/\/www.boyacaleinforma.com\/?cat=7#listItem","name":"Deportes"}},{"@type":"ListItem","@id":"https:\/\/www.boyacaleinforma.com\/?cat=7#listItem","position":2,"name":"Deportes","item":"https:\/\/www.boyacaleinforma.com\/?cat=7","nextItem":{"@type":"ListItem","@id":"https:\/\/www.boyacaleinforma.com\/?p=46031#listItem","name":"Colombia se corona campeona en los Panamericanos de la Juventud Sorda"},"previousItem":{"@type":"ListItem","@id":"https:\/\/www.boyacaleinforma.com#listItem","name":"Home"}},{"@type":"ListItem","@id":"https:\/\/www.boyacaleinforma.com\/?p=46031#listItem","position":3,"name":"Colombia se corona campeona en los Panamericanos de la Juventud Sorda","previousItem":{"@type":"ListItem","@id":"https:\/\/www.boyacaleinforma.com\/?cat=7#listItem","name":"Deportes"}}]},{"@type":"Organization","@id":"https:\/\/www.boyacaleinforma.com\/#organization","name":"Boyac\u00e1 Le Informa","description":"Nosotros informamos, usted elige el punto de vista","url":"https:\/\/www.boyacaleinforma.com\/","logo":{"@type":"ImageObject","url":"https:\/\/www.boyacaleinforma.com\/wp-content\/uploads\/2023\/11\/WhatsApp-Image-2023-01-16-at-8.43.37-PM.jpeg","@id":"https:\/\/www.boyacaleinforma.com\/?p=46031\/#organizationLogo","width":1201,"height":830},"image":{"@id":"https:\/\/www.boyacaleinforma.com\/?p=46031\/#organizationLogo"},"sameAs":["https:\/\/facebook.com\/Boyac\u00e1 Le Informa","https:\/\/x.com\/Boyac\u00e1 Le Informa","https:\/\/instagram.com\/Boyac\u00e1 Le Informa","https:\/\/pinterest.com\/Boyac\u00e1 Le Informa","https:\/\/youtube.com\/Boyac\u00e1 Le Informa","https:\/\/linkedin.com\/in\/Boyac\u00e1 Le Informa"]},{"@type":"Person","@id":"https:\/\/www.boyacaleinforma.com\/?author=1#author","url":"https:\/\/www.boyacaleinforma.com\/?author=1","name":"Lorena","image":{"@type":"ImageObject","@id":"https:\/\/www.boyacaleinforma.com\/?p=46031#authorImage","url":"https:\/\/secure.gravatar.com\/avatar\/7ff34fbccee2466596270b966ef097be212f54fd0df5cd4afb0c375c83169e45?s=96&d=mm&r=g","width":96,"height":96,"caption":"Lorena"}},{"@type":"WebPage","@id":"https:\/\/www.boyacaleinforma.com\/?p=46031#webpage","url":"https:\/\/www.boyacaleinforma.com\/?p=46031","name":"Colombia se corona campeona en los Panamericanos de la Juventud Sorda - Boyac\u00e1 Le Informa","description":"El deporte colombiano volvi\u00f3 a dar motivos de orgullo. La delegaci\u00f3n nacional de deportistas sordos se consagr\u00f3 campeona del medallero general en los VI Juegos Panamericanos de la Juventud Sorda, disputados en Guayaquil, Ecuador, tras cuatro d\u00edas de competencia que dejaron a Colombia en lo m\u00e1s alto del podio en su primera participaci\u00f3n en la","inLanguage":"es-ES","isPartOf":{"@id":"https:\/\/www.boyacaleinforma.com\/#website"},"breadcrumb":{"@id":"https:\/\/www.boyacaleinforma.com\/?p=46031#breadcrumblist"},"author":{"@id":"https:\/\/www.boyacaleinforma.com\/?author=1#author"},"creator":{"@id":"https:\/\/www.boyacaleinforma.com\/?author=1#author"},"image":{"@type":"ImageObject","url":"https:\/\/www.boyacaleinforma.com\/wp-content\/uploads\/2026\/08\/El-Informador.jpg","@id":"https:\/\/www.boyacaleinforma.com\/?p=46031\/#mainImage","width":600,"height":400},"primaryImageOfPage":{"@id":"https:\/\/www.boyacaleinforma.com\/?p=46031#mainImage"},"datePublished":"2026-08-30T22:23:28-05:00","dateModified":"2026-08-30T22:34:24-05:00"},{"@type":"WebSite","@id":"https:\/\/www.boyacaleinforma.com\/#website","url":"https:\/\/www.boyacaleinforma.com\/","name":"Boyac\u00e1 Le Informa","description":"Nosotros informamos, usted elige el punto de vista","inLanguage":"es-ES","publisher":{"@id":"https:\/\/www.boyacaleinforma.com\/#organization"}}]},"og:locale":"es_ES","og:site_name":"Boyac\u00e1 Le Informa - Nosotros informamos, usted elige el punto de vista","og:type":"article","og:title":"Colombia se corona campeona en los Panamericanos de la Juventud Sorda - Boyac\u00e1 Le Informa","og:description":"El deporte colombiano volvi\u00f3 a dar motivos de orgullo. La delegaci\u00f3n nacional de deportistas sordos se consagr\u00f3 campeona del medallero general en los VI Juegos Panamericanos de la Juventud Sorda, disputados en Guayaquil, Ecuador, tras cuatro d\u00edas de competencia que dejaron a Colombia en lo m\u00e1s alto del podio en su primera participaci\u00f3n en la","og:url":"https:\/\/www.boyacaleinforma.com\/?p=46031","og:image":"https:\/\/www.boyacaleinforma.com\/wp-content\/uploads\/2023\/01\/cropped-boyca-le-informa-png.png","og:image:secure_url":"https:\/\/www.boyacaleinforma.com\/wp-content\/uploads\/2023\/01\/cropped-boyca-le-informa-png.png","og:image:width":1201,"og:image:height":830,"article:published_time":"2026-08-31T03:23:28+00:00","article:modified_time":"2026-08-31T03:34:24+00:00","article:publisher":"https:\/\/facebook.com\/Boyac\u00e1 Le Informa","twitter:card":"summary_large_image","twitter:site":"@Boyac\u00e1%20Le%20Informa","twitter:title":"Colombia se corona campeona en los Panamericanos de la Juventud Sorda - Boyac\u00e1 Le Informa","twitter:description":"El deporte colombiano volvi\u00f3 a dar motivos de orgullo. La delegaci\u00f3n nacional de deportistas sordos se consagr\u00f3 campeona del medallero general en los VI Juegos Panamericanos de la Juventud Sorda, disputados en Guayaquil, Ecuador, tras cuatro d\u00edas de competencia que dejaron a Colombia en lo m\u00e1s alto del podio en su primera participaci\u00f3n en la","twitter:creator":"@Boyac\u00e1%20Le%20Informa","twitter:image":"https:\/\/www.boyacaleinforma.com\/wp-content\/uploads\/2023\/01\/cropped-boyca-le-informa-png.png"},"aioseo_meta_data":{"post_id":"46031","title":null,"description":null,"keywords":null,"keyphrases":{"focus":[],"additional":[]},"primary_term":null,"canonical_url":null,"og_title":null,"og_description":null,"og_object_type":"default","og_image_type":"default","og_image_url":null,"og_image_width":null,"og_image_height":null,"og_image_custom_url":null,"og_image_custom_fields":null,"og_video":null,"og_custom_url":null,"og_article_section":null,"og_article_tags":null,"twitter_use_og":false,"twitter_card":"default","twitter_image_type":"default","twitter_image_url":null,"twitter_image_custom_url":null,"twitter_image_custom_fields":null,"twitter_title":null,"twitter_description":null,"schema":{"blockGraphs":[],"customGraphs":[],"default":{"data":{"Article":[],"Course":[],"Dataset":[],"FAQPage":[],"Movie":[],"Person":[],"Product":[],"ProductReview":[],"Car":[],"Recipe":[],"Service":[],"SoftwareApplication":[],"WebPage":[]},"graphName":"","isEnabled":true},"graphs":[]},"schema_type":"default","schema_type_options":null,"pillar_content":false,"robots_default":true,"robots_noindex":false,"robots_noarchive":false,"robots_nosnippet":false,"robots_nofollow":false,"robots_noimageindex":false,"robots_noodp":false,"robots_notranslate":false,"robots_max_snippet":null,"robots_max_videopreview":null,"robots_max_imagepreview":"large","priority":null,"frequency":null,"local_seo":null,"breadcrumb_settings":null,"limit_modified_date":false,"ai":null,"created":"2026-08-31 03:33:44","updated":"2026-08-31 03:34:24","seo_analyzer_scan_date":null,"focus_keyword":null,"additional_keywords":null,"truseo_locale":null},"aioseo_breadcrumb":"<div class=\"aioseo-breadcrumbs\"><span class=\"aioseo-breadcrumb\">\n\t\t\t<a href=\"https:\/\/www.boyacaleinforma.com\" title=\"Home\">Home<\/a>\n\t\t<\/span><span class=\"aioseo-breadcrumb-separator\">&raquo;<\/span><span class=\"aioseo-breadcrumb\">\n\t\t\t<a href=\"https:\/\/www.boyacaleinforma.com\/?cat=7\" title=\"Deportes\">Deportes<\/a>\n\t\t<\/span><span class=\"aioseo-breadcrumb-separator\">&raquo;<\/span><span class=\"aioseo-breadcrumb\">\n\t\t\tColombia se corona campeona en los Panamericanos de la Juventud Sorda\n\t\t<\/span><\/div>","aioseo_breadcrumb_json":[{"label":"Home","link":"https:\/\/www.boyacaleinforma.com"},{"label":"Deportes","link":"https:\/\/www.boyacaleinforma.com\/?cat=7"},{"label":"Colombia se corona campeona en los Panamericanos de la Juventud Sorda","link":"https:\/\/www.boyacaleinforma.com\/?p=46031"}],"_links":{"self":[{"href":"https:\/\/www.boyacaleinforma.com\/index.php?rest_route=\/wp\/v2\/posts\/46031","targetHints":{"allow":["GET"]}}],"collection":[{"href":"https:\/\/www.boyacaleinforma.com\/index.php?rest_route=\/wp\/v2\/posts"}],"about":[{"href":"https:\/\/www.boyacaleinforma.com\/index.php?rest_route=\/wp\/v2\/types\/post"}],"author":[{"embeddable":true,"href":"https:\/\/www.boyacaleinforma.com\/index.php?rest_route=\/wp\/v2\/users\/1"}],"replies":[{"embeddable":true,"href":"https:\/\/www.boyacaleinforma.com\/index.php?rest_route=%2Fwp%2Fv2%2Fcomments&post=46031"}],"version-history":[{"count":1,"href":"https:\/\/www.boyacaleinforma.com\/index.php?rest_route=\/wp\/v2\/posts\/46031\/revisions"}],"predecessor-version":[{"id":46037,"href":"https:\/\/www.boyacaleinforma.com\/index.php?rest_route=\/wp\/v2\/posts\/46031\/revisions\/46037"}],"wp:featuredmedia":[{"embeddable":true,"href":"https:\/\/www.boyacaleinforma.com\/index.php?rest_route=\/wp\/v2\/media\/46032"}],"wp:attachment":[{"href":"https:\/\/www.boyacaleinforma.com\/index.php?rest_route=%2Fwp%2Fv2%2Fmedia&parent=46031"}],"wp:term":[{"taxonomy":"category","embeddable":true,"href":"https:\/\/www.boyacaleinforma.com\/index.php?rest_route=%2Fwp%2Fv2%2Fcategories&post=46031"},{"taxonomy":"post_tag","embeddable":true,"href":"https:\/\/www.boyacaleinforma.com\/index.php?rest_route=%2Fwp%2Fv2%2Ftags&post=46031"}],"curies":[{"name":"wp","href":"https:\/\/api.w.org\/{rel}","templated":true}]}}