{"id":46091,"date":"2026-09-01T22:49:34","date_gmt":"2026-09-02T03:49:34","guid":{"rendered":"https:\/\/www.boyacaleinforma.com\/?p=46091"},"modified":"2026-09-01T22:49:34","modified_gmt":"2026-09-02T03:49:34","slug":"reconocimiento-del-centro-de-proteccion-de-tipacoque","status":"publish","type":"post","link":"https:\/\/www.boyacaleinforma.com\/?p=46091","title":{"rendered":"Reconocimiento del centro de protecci\u00f3n de Tipacoque"},"content":{"rendered":"\n<p class=\"wp-block-paragraph\">Comparten una noticia que llena de satisfacci\u00f3n a toda la comunidad: el Centro de Protecci\u00f3n de Tipacoque ha sido reconocido por la Gobernaci\u00f3n de Boyac\u00e1 como uno de los Centros de Protecci\u00f3n Oficiales destacados en el departamento dentro de la zona Norte est\u00e1n en primer lugar, por su calidad, compromiso y buenas pr\u00e1cticas en la atenci\u00f3n a las personas mayores del norte de Boyac\u00e1.<\/p>\n\n\n\n<p class=\"wp-block-paragraph\">Este reconocimiento resalta el trabajo constante, humano y dedicado que se realiza d\u00eda a d\u00eda para brindar cuidado, respeto, bienestar y una vida digna a nuestros adultos mayores, convirtiendo al Centro de Protecci\u00f3n de Tipacoque en un ejemplo para toda la regi\u00f3n.<\/p>\n\n\n\n<p class=\"wp-block-paragraph\">Felicitan a todo el equipo humano, cuidadores, profesionales y a cada persona que hace posible este logro, as\u00ed como a la Administraci\u00f3n Municipal en cabeza de H\u00e9ctor Segundo Ram\u00edrez Alcalde Municipal y la Gestora Social Rubiela LLanes, que con compromiso y amor por su gente contin\u00faa fortaleciendo espacios de protecci\u00f3n y cuidado integral.<\/p>\n","protected":false},"excerpt":{"rendered":"<p>Comparten una noticia que llena de satisfacci\u00f3n a toda la comunidad: el Centro de Protecci\u00f3n de Tipacoque ha<\/p>\n","protected":false},"author":1,"featured_media":46086,"comment_status":"open","ping_status":"open","sticky":false,"template":"","format":"standard","meta":{"om_disable_all_campaigns":false,"_monsterinsights_skip_tracking":false,"footnotes":""},"categories":[1],"tags":[],"class_list":["post-46091","post","type-post","status-publish","format-standard","has-post-thumbnail","hentry","category-uncategorized"],"aioseo_notices":[],"aioseo_head":"\n\t\t<!-- All in One SEO 5.0.1.1 - aioseo.com -->\n\t<meta name=\"description\" content=\"Comparten una noticia que llena de satisfacci\u00f3n a toda la comunidad: el Centro de Protecci\u00f3n de Tipacoque ha sido reconocido por la Gobernaci\u00f3n de Boyac\u00e1 como uno de los Centros de Protecci\u00f3n Oficiales destacados en el departamento dentro de la zona Norte est\u00e1n en primer lugar, por su calidad, compromiso y buenas pr\u00e1cticas en la\" \/>\n\t<meta name=\"robots\" content=\"max-image-preview:large\" \/>\n\t<meta name=\"author\" content=\"Lorena\"\/>\n\t<link rel=\"canonical\" href=\"https:\/\/www.boyacaleinforma.com\/?p=46091\" \/>\n\t<meta name=\"generator\" content=\"All in One SEO (AIOSEO) 5.0.1.1\" \/>\n\t\t<meta property=\"og:locale\" content=\"es_ES\" \/>\n\t\t<meta property=\"og:site_name\" content=\"Boyac\u00e1 Le Informa - Nosotros informamos, usted elige el punto de vista\" \/>\n\t\t<meta property=\"og:type\" content=\"article\" \/>\n\t\t<meta property=\"og:title\" content=\"Reconocimiento del centro de protecci\u00f3n de Tipacoque - Boyac\u00e1 Le Informa\" \/>\n\t\t<meta property=\"og:description\" content=\"Comparten una noticia que llena de satisfacci\u00f3n a toda la comunidad: el Centro de Protecci\u00f3n de Tipacoque ha sido reconocido por la Gobernaci\u00f3n de Boyac\u00e1 como uno de los Centros de Protecci\u00f3n Oficiales destacados en el departamento dentro de la zona Norte est\u00e1n en primer lugar, por su calidad, compromiso y buenas pr\u00e1cticas en la\" \/>\n\t\t<meta property=\"og:url\" content=\"https:\/\/www.boyacaleinforma.com\/?p=46091\" \/>\n\t\t<meta property=\"og:image\" content=\"https:\/\/www.boyacaleinforma.com\/wp-content\/uploads\/2023\/01\/cropped-boyca-le-informa-png.png\" \/>\n\t\t<meta property=\"og:image:secure_url\" content=\"https:\/\/www.boyacaleinforma.com\/wp-content\/uploads\/2023\/01\/cropped-boyca-le-informa-png.png\" \/>\n\t\t<meta property=\"og:image:width\" content=\"1201\" \/>\n\t\t<meta property=\"og:image:height\" content=\"830\" \/>\n\t\t<meta property=\"article:published_time\" content=\"2026-09-02T03:49:34+00:00\" \/>\n\t\t<meta property=\"article:modified_time\" content=\"2026-09-02T03:49:34+00:00\" \/>\n\t\t<meta property=\"article:publisher\" content=\"https:\/\/facebook.com\/Boyac\u00e1 Le Informa\" \/>\n\t\t<meta name=\"twitter:card\" content=\"summary_large_image\" \/>\n\t\t<meta name=\"twitter:site\" content=\"@Boyac\u00e1%20Le%20Informa\" \/>\n\t\t<meta name=\"twitter:title\" content=\"Reconocimiento del centro de protecci\u00f3n de Tipacoque - Boyac\u00e1 Le Informa\" \/>\n\t\t<meta name=\"twitter:description\" content=\"Comparten una noticia que llena de satisfacci\u00f3n a toda la comunidad: el Centro de Protecci\u00f3n de Tipacoque ha sido reconocido por la Gobernaci\u00f3n de Boyac\u00e1 como uno de los Centros de Protecci\u00f3n Oficiales destacados en el departamento dentro de la zona Norte est\u00e1n en primer lugar, por su calidad, compromiso y buenas pr\u00e1cticas en la\" \/>\n\t\t<meta name=\"twitter:creator\" content=\"@Boyac\u00e1%20Le%20Informa\" \/>\n\t\t<meta name=\"twitter:image\" content=\"https:\/\/www.boyacaleinforma.com\/wp-content\/uploads\/2023\/01\/cropped-boyca-le-informa-png.png\" \/>\n\t\t<script type=\"application\/ld+json\" class=\"aioseo-schema\">\n\t\t\t{\"@context\":\"https:\\\/\\\/schema.org\",\"@graph\":[{\"@type\":\"BlogPosting\",\"@id\":\"https:\\\/\\\/www.boyacaleinforma.com\\\/?p=46091#blogposting\",\"name\":\"Reconocimiento del centro de protecci\\u00f3n de Tipacoque - Boyac\\u00e1 Le Informa\",\"headline\":\"Reconocimiento del centro de protecci\\u00f3n de Tipacoque\",\"author\":{\"@id\":\"https:\\\/\\\/www.boyacaleinforma.com\\\/?author=1#author\"},\"publisher\":{\"@id\":\"https:\\\/\\\/www.boyacaleinforma.com\\\/#organization\"},\"image\":{\"@type\":\"ImageObject\",\"url\":\"https:\\\/\\\/www.boyacaleinforma.com\\\/wp-content\\\/uploads\\\/2026\\\/09\\\/Tipacoque.png\",\"width\":1024,\"height\":1024},\"datePublished\":\"2026-09-01T22:49:34-05:00\",\"dateModified\":\"2026-09-01T22:49:34-05:00\",\"inLanguage\":\"es-ES\",\"mainEntityOfPage\":{\"@id\":\"https:\\\/\\\/www.boyacaleinforma.com\\\/?p=46091#webpage\"},\"isPartOf\":{\"@id\":\"https:\\\/\\\/www.boyacaleinforma.com\\\/?p=46091#webpage\"},\"articleSection\":\"Uncategorized\"},{\"@type\":\"BreadcrumbList\",\"@id\":\"https:\\\/\\\/www.boyacaleinforma.com\\\/?p=46091#breadcrumblist\",\"itemListElement\":[{\"@type\":\"ListItem\",\"@id\":\"https:\\\/\\\/www.boyacaleinforma.com#listItem\",\"position\":1,\"name\":\"Home\",\"item\":\"https:\\\/\\\/www.boyacaleinforma.com\",\"nextItem\":{\"@type\":\"ListItem\",\"@id\":\"https:\\\/\\\/www.boyacaleinforma.com\\\/?cat=1#listItem\",\"name\":\"Uncategorized\"}},{\"@type\":\"ListItem\",\"@id\":\"https:\\\/\\\/www.boyacaleinforma.com\\\/?cat=1#listItem\",\"position\":2,\"name\":\"Uncategorized\",\"item\":\"https:\\\/\\\/www.boyacaleinforma.com\\\/?cat=1\",\"nextItem\":{\"@type\":\"ListItem\",\"@id\":\"https:\\\/\\\/www.boyacaleinforma.com\\\/?p=46091#listItem\",\"name\":\"Reconocimiento del centro de protecci\\u00f3n de Tipacoque\"},\"previousItem\":{\"@type\":\"ListItem\",\"@id\":\"https:\\\/\\\/www.boyacaleinforma.com#listItem\",\"name\":\"Home\"}},{\"@type\":\"ListItem\",\"@id\":\"https:\\\/\\\/www.boyacaleinforma.com\\\/?p=46091#listItem\",\"position\":3,\"name\":\"Reconocimiento del centro de protecci\\u00f3n de Tipacoque\",\"previousItem\":{\"@type\":\"ListItem\",\"@id\":\"https:\\\/\\\/www.boyacaleinforma.com\\\/?cat=1#listItem\",\"name\":\"Uncategorized\"}}]},{\"@type\":\"Organization\",\"@id\":\"https:\\\/\\\/www.boyacaleinforma.com\\\/#organization\",\"name\":\"Boyac\\u00e1 Le Informa\",\"description\":\"Nosotros informamos, usted elige el punto de vista\",\"url\":\"https:\\\/\\\/www.boyacaleinforma.com\\\/\",\"logo\":{\"@type\":\"ImageObject\",\"url\":\"https:\\\/\\\/www.boyacaleinforma.com\\\/wp-content\\\/uploads\\\/2023\\\/11\\\/WhatsApp-Image-2023-01-16-at-8.43.37-PM.jpeg\",\"@id\":\"https:\\\/\\\/www.boyacaleinforma.com\\\/?p=46091\\\/#organizationLogo\",\"width\":1201,\"height\":830},\"image\":{\"@id\":\"https:\\\/\\\/www.boyacaleinforma.com\\\/?p=46091\\\/#organizationLogo\"},\"sameAs\":[\"https:\\\/\\\/facebook.com\\\/Boyac\\u00e1 Le Informa\",\"https:\\\/\\\/x.com\\\/Boyac\\u00e1 Le Informa\",\"https:\\\/\\\/instagram.com\\\/Boyac\\u00e1 Le Informa\",\"https:\\\/\\\/pinterest.com\\\/Boyac\\u00e1 Le Informa\",\"https:\\\/\\\/youtube.com\\\/Boyac\\u00e1 Le Informa\",\"https:\\\/\\\/linkedin.com\\\/in\\\/Boyac\\u00e1 Le Informa\"]},{\"@type\":\"Person\",\"@id\":\"https:\\\/\\\/www.boyacaleinforma.com\\\/?author=1#author\",\"url\":\"https:\\\/\\\/www.boyacaleinforma.com\\\/?author=1\",\"name\":\"Lorena\",\"image\":{\"@type\":\"ImageObject\",\"@id\":\"https:\\\/\\\/www.boyacaleinforma.com\\\/?p=46091#authorImage\",\"url\":\"https:\\\/\\\/secure.gravatar.com\\\/avatar\\\/7ff34fbccee2466596270b966ef097be212f54fd0df5cd4afb0c375c83169e45?s=96&d=mm&r=g\",\"width\":96,\"height\":96,\"caption\":\"Lorena\"}},{\"@type\":\"WebPage\",\"@id\":\"https:\\\/\\\/www.boyacaleinforma.com\\\/?p=46091#webpage\",\"url\":\"https:\\\/\\\/www.boyacaleinforma.com\\\/?p=46091\",\"name\":\"Reconocimiento del centro de protecci\\u00f3n de Tipacoque - Boyac\\u00e1 Le Informa\",\"description\":\"Comparten una noticia que llena de satisfacci\\u00f3n a toda la comunidad: el Centro de Protecci\\u00f3n de Tipacoque ha sido reconocido por la Gobernaci\\u00f3n de Boyac\\u00e1 como uno de los Centros de Protecci\\u00f3n Oficiales destacados en el departamento dentro de la zona Norte est\\u00e1n en primer lugar, por su calidad, compromiso y buenas pr\\u00e1cticas en la\",\"inLanguage\":\"es-ES\",\"isPartOf\":{\"@id\":\"https:\\\/\\\/www.boyacaleinforma.com\\\/#website\"},\"breadcrumb\":{\"@id\":\"https:\\\/\\\/www.boyacaleinforma.com\\\/?p=46091#breadcrumblist\"},\"author\":{\"@id\":\"https:\\\/\\\/www.boyacaleinforma.com\\\/?author=1#author\"},\"creator\":{\"@id\":\"https:\\\/\\\/www.boyacaleinforma.com\\\/?author=1#author\"},\"image\":{\"@type\":\"ImageObject\",\"url\":\"https:\\\/\\\/www.boyacaleinforma.com\\\/wp-content\\\/uploads\\\/2026\\\/09\\\/Tipacoque.png\",\"@id\":\"https:\\\/\\\/www.boyacaleinforma.com\\\/?p=46091\\\/#mainImage\",\"width\":1024,\"height\":1024},\"primaryImageOfPage\":{\"@id\":\"https:\\\/\\\/www.boyacaleinforma.com\\\/?p=46091#mainImage\"},\"datePublished\":\"2026-09-01T22:49:34-05:00\",\"dateModified\":\"2026-09-01T22:49:34-05:00\"},{\"@type\":\"WebSite\",\"@id\":\"https:\\\/\\\/www.boyacaleinforma.com\\\/#website\",\"url\":\"https:\\\/\\\/www.boyacaleinforma.com\\\/\",\"name\":\"Boyac\\u00e1 Le Informa\",\"description\":\"Nosotros informamos, usted elige el punto de vista\",\"inLanguage\":\"es-ES\",\"publisher\":{\"@id\":\"https:\\\/\\\/www.boyacaleinforma.com\\\/#organization\"}}]}\n\t\t<\/script>\n\t\t<!-- All in One SEO -->\n\n","aioseo_head_json":{"title":"Reconocimiento del centro de protecci\u00f3n de Tipacoque - Boyac\u00e1 Le Informa","description":"Comparten una noticia que llena de satisfacci\u00f3n a toda la comunidad: el Centro de Protecci\u00f3n de Tipacoque ha sido reconocido por la Gobernaci\u00f3n de Boyac\u00e1 como uno de los Centros de Protecci\u00f3n Oficiales destacados en el departamento dentro de la zona Norte est\u00e1n en primer lugar, por su calidad, compromiso y buenas pr\u00e1cticas en la","canonical_url":"https:\/\/www.boyacaleinforma.com\/?p=46091","robots":"max-image-preview:large","keywords":"","webmasterTools":{"miscellaneous":""},"schema":{"@context":"https:\/\/schema.org","@graph":[{"@type":"BlogPosting","@id":"https:\/\/www.boyacaleinforma.com\/?p=46091#blogposting","name":"Reconocimiento del centro de protecci\u00f3n de Tipacoque - Boyac\u00e1 Le Informa","headline":"Reconocimiento del centro de protecci\u00f3n de Tipacoque","author":{"@id":"https:\/\/www.boyacaleinforma.com\/?author=1#author"},"publisher":{"@id":"https:\/\/www.boyacaleinforma.com\/#organization"},"image":{"@type":"ImageObject","url":"https:\/\/www.boyacaleinforma.com\/wp-content\/uploads\/2026\/09\/Tipacoque.png","width":1024,"height":1024},"datePublished":"2026-09-01T22:49:34-05:00","dateModified":"2026-09-01T22:49:34-05:00","inLanguage":"es-ES","mainEntityOfPage":{"@id":"https:\/\/www.boyacaleinforma.com\/?p=46091#webpage"},"isPartOf":{"@id":"https:\/\/www.boyacaleinforma.com\/?p=46091#webpage"},"articleSection":"Uncategorized"},{"@type":"BreadcrumbList","@id":"https:\/\/www.boyacaleinforma.com\/?p=46091#breadcrumblist","itemListElement":[{"@type":"ListItem","@id":"https:\/\/www.boyacaleinforma.com#listItem","position":1,"name":"Home","item":"https:\/\/www.boyacaleinforma.com","nextItem":{"@type":"ListItem","@id":"https:\/\/www.boyacaleinforma.com\/?cat=1#listItem","name":"Uncategorized"}},{"@type":"ListItem","@id":"https:\/\/www.boyacaleinforma.com\/?cat=1#listItem","position":2,"name":"Uncategorized","item":"https:\/\/www.boyacaleinforma.com\/?cat=1","nextItem":{"@type":"ListItem","@id":"https:\/\/www.boyacaleinforma.com\/?p=46091#listItem","name":"Reconocimiento del centro de protecci\u00f3n de Tipacoque"},"previousItem":{"@type":"ListItem","@id":"https:\/\/www.boyacaleinforma.com#listItem","name":"Home"}},{"@type":"ListItem","@id":"https:\/\/www.boyacaleinforma.com\/?p=46091#listItem","position":3,"name":"Reconocimiento del centro de protecci\u00f3n de Tipacoque","previousItem":{"@type":"ListItem","@id":"https:\/\/www.boyacaleinforma.com\/?cat=1#listItem","name":"Uncategorized"}}]},{"@type":"Organization","@id":"https:\/\/www.boyacaleinforma.com\/#organization","name":"Boyac\u00e1 Le Informa","description":"Nosotros informamos, usted elige el punto de vista","url":"https:\/\/www.boyacaleinforma.com\/","logo":{"@type":"ImageObject","url":"https:\/\/www.boyacaleinforma.com\/wp-content\/uploads\/2023\/11\/WhatsApp-Image-2023-01-16-at-8.43.37-PM.jpeg","@id":"https:\/\/www.boyacaleinforma.com\/?p=46091\/#organizationLogo","width":1201,"height":830},"image":{"@id":"https:\/\/www.boyacaleinforma.com\/?p=46091\/#organizationLogo"},"sameAs":["https:\/\/facebook.com\/Boyac\u00e1 Le Informa","https:\/\/x.com\/Boyac\u00e1 Le Informa","https:\/\/instagram.com\/Boyac\u00e1 Le Informa","https:\/\/pinterest.com\/Boyac\u00e1 Le Informa","https:\/\/youtube.com\/Boyac\u00e1 Le Informa","https:\/\/linkedin.com\/in\/Boyac\u00e1 Le Informa"]},{"@type":"Person","@id":"https:\/\/www.boyacaleinforma.com\/?author=1#author","url":"https:\/\/www.boyacaleinforma.com\/?author=1","name":"Lorena","image":{"@type":"ImageObject","@id":"https:\/\/www.boyacaleinforma.com\/?p=46091#authorImage","url":"https:\/\/secure.gravatar.com\/avatar\/7ff34fbccee2466596270b966ef097be212f54fd0df5cd4afb0c375c83169e45?s=96&d=mm&r=g","width":96,"height":96,"caption":"Lorena"}},{"@type":"WebPage","@id":"https:\/\/www.boyacaleinforma.com\/?p=46091#webpage","url":"https:\/\/www.boyacaleinforma.com\/?p=46091","name":"Reconocimiento del centro de protecci\u00f3n de Tipacoque - Boyac\u00e1 Le Informa","description":"Comparten una noticia que llena de satisfacci\u00f3n a toda la comunidad: el Centro de Protecci\u00f3n de Tipacoque ha sido reconocido por la Gobernaci\u00f3n de Boyac\u00e1 como uno de los Centros de Protecci\u00f3n Oficiales destacados en el departamento dentro de la zona Norte est\u00e1n en primer lugar, por su calidad, compromiso y buenas pr\u00e1cticas en la","inLanguage":"es-ES","isPartOf":{"@id":"https:\/\/www.boyacaleinforma.com\/#website"},"breadcrumb":{"@id":"https:\/\/www.boyacaleinforma.com\/?p=46091#breadcrumblist"},"author":{"@id":"https:\/\/www.boyacaleinforma.com\/?author=1#author"},"creator":{"@id":"https:\/\/www.boyacaleinforma.com\/?author=1#author"},"image":{"@type":"ImageObject","url":"https:\/\/www.boyacaleinforma.com\/wp-content\/uploads\/2026\/09\/Tipacoque.png","@id":"https:\/\/www.boyacaleinforma.com\/?p=46091\/#mainImage","width":1024,"height":1024},"primaryImageOfPage":{"@id":"https:\/\/www.boyacaleinforma.com\/?p=46091#mainImage"},"datePublished":"2026-09-01T22:49:34-05:00","dateModified":"2026-09-01T22:49:34-05:00"},{"@type":"WebSite","@id":"https:\/\/www.boyacaleinforma.com\/#website","url":"https:\/\/www.boyacaleinforma.com\/","name":"Boyac\u00e1 Le Informa","description":"Nosotros informamos, usted elige el punto de vista","inLanguage":"es-ES","publisher":{"@id":"https:\/\/www.boyacaleinforma.com\/#organization"}}]},"og:locale":"es_ES","og:site_name":"Boyac\u00e1 Le Informa - Nosotros informamos, usted elige el punto de vista","og:type":"article","og:title":"Reconocimiento del centro de protecci\u00f3n de Tipacoque - Boyac\u00e1 Le Informa","og:description":"Comparten una noticia que llena de satisfacci\u00f3n a toda la comunidad: el Centro de Protecci\u00f3n de Tipacoque ha sido reconocido por la Gobernaci\u00f3n de Boyac\u00e1 como uno de los Centros de Protecci\u00f3n Oficiales destacados en el departamento dentro de la zona Norte est\u00e1n en primer lugar, por su calidad, compromiso y buenas pr\u00e1cticas en la","og:url":"https:\/\/www.boyacaleinforma.com\/?p=46091","og:image":"https:\/\/www.boyacaleinforma.com\/wp-content\/uploads\/2023\/01\/cropped-boyca-le-informa-png.png","og:image:secure_url":"https:\/\/www.boyacaleinforma.com\/wp-content\/uploads\/2023\/01\/cropped-boyca-le-informa-png.png","og:image:width":1201,"og:image:height":830,"article:published_time":"2026-09-02T03:49:34+00:00","article:modified_time":"2026-09-02T03:49:34+00:00","article:publisher":"https:\/\/facebook.com\/Boyac\u00e1 Le Informa","twitter:card":"summary_large_image","twitter:site":"@Boyac\u00e1%20Le%20Informa","twitter:title":"Reconocimiento del centro de protecci\u00f3n de Tipacoque - Boyac\u00e1 Le Informa","twitter:description":"Comparten una noticia que llena de satisfacci\u00f3n a toda la comunidad: el Centro de Protecci\u00f3n de Tipacoque ha sido reconocido por la Gobernaci\u00f3n de Boyac\u00e1 como uno de los Centros de Protecci\u00f3n Oficiales destacados en el departamento dentro de la zona Norte est\u00e1n en primer lugar, por su calidad, compromiso y buenas pr\u00e1cticas en la","twitter:creator":"@Boyac\u00e1%20Le%20Informa","twitter:image":"https:\/\/www.boyacaleinforma.com\/wp-content\/uploads\/2023\/01\/cropped-boyca-le-informa-png.png"},"aioseo_meta_data":{"post_id":"46091","title":null,"description":null,"keywords":null,"keyphrases":{"focus":[],"additional":[]},"primary_term":null,"canonical_url":null,"og_title":null,"og_description":null,"og_object_type":"default","og_image_type":"default","og_image_url":null,"og_image_width":null,"og_image_height":null,"og_image_custom_url":null,"og_image_custom_fields":null,"og_video":null,"og_custom_url":null,"og_article_section":null,"og_article_tags":null,"twitter_use_og":false,"twitter_card":"default","twitter_image_type":"default","twitter_image_url":null,"twitter_image_custom_url":null,"twitter_image_custom_fields":null,"twitter_title":null,"twitter_description":null,"schema":{"blockGraphs":[],"customGraphs":[],"default":{"data":{"Article":[],"Course":[],"Dataset":[],"FAQPage":[],"Movie":[],"Person":[],"Product":[],"ProductReview":[],"Car":[],"Recipe":[],"Service":[],"SoftwareApplication":[],"WebPage":[]},"graphName":"","isEnabled":true},"graphs":[]},"schema_type":"default","schema_type_options":null,"pillar_content":false,"robots_default":true,"robots_noindex":false,"robots_noarchive":false,"robots_nosnippet":false,"robots_nofollow":false,"robots_noimageindex":false,"robots_noodp":false,"robots_notranslate":false,"robots_max_snippet":null,"robots_max_videopreview":null,"robots_max_imagepreview":"large","priority":null,"frequency":null,"local_seo":null,"breadcrumb_settings":null,"limit_modified_date":false,"ai":null,"created":"2026-09-02 04:04:51","updated":"2026-09-02 04:04:51","seo_analyzer_scan_date":null,"focus_keyword":null,"additional_keywords":null,"truseo_locale":null},"aioseo_breadcrumb":"<div class=\"aioseo-breadcrumbs\"><span class=\"aioseo-breadcrumb\">\n\t\t\t<a href=\"https:\/\/www.boyacaleinforma.com\" title=\"Home\">Home<\/a>\n\t\t<\/span><span class=\"aioseo-breadcrumb-separator\">&raquo;<\/span><span class=\"aioseo-breadcrumb\">\n\t\t\t<a href=\"https:\/\/www.boyacaleinforma.com\/?cat=1\" title=\"Uncategorized\">Uncategorized<\/a>\n\t\t<\/span><span class=\"aioseo-breadcrumb-separator\">&raquo;<\/span><span class=\"aioseo-breadcrumb\">\n\t\t\tReconocimiento del centro de protecci\u00f3n de Tipacoque\n\t\t<\/span><\/div>","aioseo_breadcrumb_json":[{"label":"Home","link":"https:\/\/www.boyacaleinforma.com"},{"label":"Uncategorized","link":"https:\/\/www.boyacaleinforma.com\/?cat=1"},{"label":"Reconocimiento del centro de protecci\u00f3n de Tipacoque","link":"https:\/\/www.boyacaleinforma.com\/?p=46091"}],"_links":{"self":[{"href":"https:\/\/www.boyacaleinforma.com\/index.php?rest_route=\/wp\/v2\/posts\/46091","targetHints":{"allow":["GET"]}}],"collection":[{"href":"https:\/\/www.boyacaleinforma.com\/index.php?rest_route=\/wp\/v2\/posts"}],"about":[{"href":"https:\/\/www.boyacaleinforma.com\/index.php?rest_route=\/wp\/v2\/types\/post"}],"author":[{"embeddable":true,"href":"https:\/\/www.boyacaleinforma.com\/index.php?rest_route=\/wp\/v2\/users\/1"}],"replies":[{"embeddable":true,"href":"https:\/\/www.boyacaleinforma.com\/index.php?rest_route=%2Fwp%2Fv2%2Fcomments&post=46091"}],"version-history":[{"count":1,"href":"https:\/\/www.boyacaleinforma.com\/index.php?rest_route=\/wp\/v2\/posts\/46091\/revisions"}],"predecessor-version":[{"id":46092,"href":"https:\/\/www.boyacaleinforma.com\/index.php?rest_route=\/wp\/v2\/posts\/46091\/revisions\/46092"}],"wp:featuredmedia":[{"embeddable":true,"href":"https:\/\/www.boyacaleinforma.com\/index.php?rest_route=\/wp\/v2\/media\/46086"}],"wp:attachment":[{"href":"https:\/\/www.boyacaleinforma.com\/index.php?rest_route=%2Fwp%2Fv2%2Fmedia&parent=46091"}],"wp:term":[{"taxonomy":"category","embeddable":true,"href":"https:\/\/www.boyacaleinforma.com\/index.php?rest_route=%2Fwp%2Fv2%2Fcategories&post=46091"},{"taxonomy":"post_tag","embeddable":true,"href":"https:\/\/www.boyacaleinforma.com\/index.php?rest_route=%2Fwp%2Fv2%2Ftags&post=46091"}],"curies":[{"name":"wp","href":"https:\/\/api.w.org\/{rel}","templated":true}]}}