{"id":46097,"date":"2026-09-01T22:54:31","date_gmt":"2026-09-02T03:54:31","guid":{"rendered":"https:\/\/www.boyacaleinforma.com\/?p=46097"},"modified":"2026-09-01T23:06:07","modified_gmt":"2026-09-02T04:06:07","slug":"paranadadores-boyacenses-buscan-esta-semana-su-boleto-a-los-juegos-paranacionales-2027","status":"publish","type":"post","link":"https:\/\/www.boyacaleinforma.com\/?p=46097","title":{"rendered":"Paranadadores boyacenses buscan esta semana su boleto a los Juegos Paranacionales 2027"},"content":{"rendered":"\n<p class=\"wp-block-paragraph\">La Liga de Paranataci\u00f3n de Boyac\u00e1 tiene puestos los ojos en Ibagu\u00e9, donde desde el pasado 31 de agosto y hasta este domingo 6 de septiembre se disputa el primer Clasificatorio Nacional de ParaNataci\u00f3n, Nataci\u00f3n Intelectual y Nataci\u00f3n Auditiva. El certamen, organizado por la Federaci\u00f3n Colombiana de Paranataci\u00f3n, es la primera gran cita del segundo semestre en el camino hacia los XXIII Juegos Deportivos Nacionales y VII Paranacionales, que se realizar\u00e1n en 2027 en C\u00f3rdoba y Sucre.<br><br>Para el proceso boyacense, dirigido por la presidenta de la Liga, Ximena Robles, el torneo representa una oportunidad clave para que sus deportistas ratifiquen o mejoren los registros que necesitan para mantenerse en la carrera clasificatoria rumbo a la cita nacional. La competencia re\u00fane a delegaciones de distintos departamentos y evaluar\u00e1 a nadadores con discapacidad f\u00edsica, visual, auditiva e intelectual en m\u00faltiples categor\u00edas, en lo que se perfila como un term\u00f3metro para medir el nivel de cada selecci\u00f3n antes de las siguientes fases del ciclo ol\u00edmpico nacional.<br><br>Boyac\u00e1 llega a este clasificatorio respaldado por una trayectoria s\u00f3lida en el paradeporte. En los pasados Juegos Paranacionales, disputados en el Eje Cafetero, el departamento se ubic\u00f3 como la quinta potencia paral\u00edmpica del pa\u00eds, con 124 medallas totales, de las cuales la nataci\u00f3n adaptada aport\u00f3 una cifra significativa del medallero. Ese resultado ha sido, en buena parte, la base sobre la que la Liga ha construido su plan de trabajo hacia el ciclo 2027.<br><br>El semillero boyacense tambi\u00e9n ha tenido representaci\u00f3n internacional reciente. Las paranadadoras Zharith Rodr\u00edguez y Sara Salinas hicieron parte de la delegaci\u00f3n colombiana en los Juegos Parapanamericanos Juveniles de Chile, compitiendo en varias pruebas de estilo libre, espalda, pecho y mariposa, una vitrina que refleja el nivel competitivo que ha alcanzado la disciplina en el departamento en los \u00faltimos a\u00f1os.<br><br>Con la mira puesta en C\u00f3rdoba y Sucre 2027, la Liga de Paranataci\u00f3n de Boyac\u00e1 continuar\u00e1 su calendario de preparaci\u00f3n en los pr\u00f3ximos meses, a la espera de que los resultados obtenidos en Ibagu\u00e9 le permitan consolidar el mayor n\u00famero posible de cupos para la cita nacional m\u00e1s importante del paradeporte colombiano.<\/p>\n","protected":false},"excerpt":{"rendered":"<p>La Liga de Paranataci\u00f3n de Boyac\u00e1 tiene puestos los ojos en Ibagu\u00e9, donde desde el pasado 31 de<\/p>\n","protected":false},"author":1,"featured_media":46099,"comment_status":"open","ping_status":"open","sticky":false,"template":"","format":"standard","meta":{"om_disable_all_campaigns":false,"_monsterinsights_skip_tracking":false,"footnotes":""},"categories":[7],"tags":[10],"class_list":["post-46097","post","type-post","status-publish","format-standard","has-post-thumbnail","hentry","category-deportes","tag-noticias"],"aioseo_notices":[],"aioseo_head":"\n\t\t<!-- All in One SEO 5.0.1.1 - aioseo.com -->\n\t<meta name=\"description\" content=\"La Liga de Paranataci\u00f3n de Boyac\u00e1 tiene puestos los ojos en Ibagu\u00e9, donde desde el pasado 31 de agosto y hasta este domingo 6 de septiembre se disputa el primer Clasificatorio Nacional de ParaNataci\u00f3n, Nataci\u00f3n Intelectual y Nataci\u00f3n Auditiva. El certamen, organizado por la Federaci\u00f3n Colombiana de Paranataci\u00f3n, es la primera gran cita del segundo\" \/>\n\t<meta name=\"robots\" content=\"max-image-preview:large\" \/>\n\t<meta name=\"author\" content=\"Lorena\"\/>\n\t<link rel=\"canonical\" href=\"https:\/\/www.boyacaleinforma.com\/?p=46097\" \/>\n\t<meta name=\"generator\" content=\"All in One SEO (AIOSEO) 5.0.1.1\" \/>\n\t\t<meta property=\"og:locale\" content=\"es_ES\" \/>\n\t\t<meta property=\"og:site_name\" content=\"Boyac\u00e1 Le Informa - Nosotros informamos, usted elige el punto de vista\" \/>\n\t\t<meta property=\"og:type\" content=\"article\" \/>\n\t\t<meta property=\"og:title\" content=\"Paranadadores boyacenses buscan esta semana su boleto a los Juegos Paranacionales 2027 - Boyac\u00e1 Le Informa\" \/>\n\t\t<meta property=\"og:description\" content=\"La Liga de Paranataci\u00f3n de Boyac\u00e1 tiene puestos los ojos en Ibagu\u00e9, donde desde el pasado 31 de agosto y hasta este domingo 6 de septiembre se disputa el primer Clasificatorio Nacional de ParaNataci\u00f3n, Nataci\u00f3n Intelectual y Nataci\u00f3n Auditiva. El certamen, organizado por la Federaci\u00f3n Colombiana de Paranataci\u00f3n, es la primera gran cita del segundo\" \/>\n\t\t<meta property=\"og:url\" content=\"https:\/\/www.boyacaleinforma.com\/?p=46097\" \/>\n\t\t<meta property=\"og:image\" content=\"https:\/\/www.boyacaleinforma.com\/wp-content\/uploads\/2023\/01\/cropped-boyca-le-informa-png.png\" \/>\n\t\t<meta property=\"og:image:secure_url\" content=\"https:\/\/www.boyacaleinforma.com\/wp-content\/uploads\/2023\/01\/cropped-boyca-le-informa-png.png\" \/>\n\t\t<meta property=\"og:image:width\" content=\"1201\" \/>\n\t\t<meta property=\"og:image:height\" content=\"830\" \/>\n\t\t<meta property=\"article:published_time\" content=\"2026-09-02T03:54:31+00:00\" \/>\n\t\t<meta property=\"article:modified_time\" content=\"2026-09-02T04:06:07+00:00\" \/>\n\t\t<meta property=\"article:publisher\" content=\"https:\/\/facebook.com\/Boyac\u00e1 Le Informa\" \/>\n\t\t<meta name=\"twitter:card\" content=\"summary_large_image\" \/>\n\t\t<meta name=\"twitter:site\" content=\"@Boyac\u00e1%20Le%20Informa\" \/>\n\t\t<meta name=\"twitter:title\" content=\"Paranadadores boyacenses buscan esta semana su boleto a los Juegos Paranacionales 2027 - Boyac\u00e1 Le Informa\" \/>\n\t\t<meta name=\"twitter:description\" content=\"La Liga de Paranataci\u00f3n de Boyac\u00e1 tiene puestos los ojos en Ibagu\u00e9, donde desde el pasado 31 de agosto y hasta este domingo 6 de septiembre se disputa el primer Clasificatorio Nacional de ParaNataci\u00f3n, Nataci\u00f3n Intelectual y Nataci\u00f3n Auditiva. El certamen, organizado por la Federaci\u00f3n Colombiana de Paranataci\u00f3n, es la primera gran cita del segundo\" \/>\n\t\t<meta name=\"twitter:creator\" content=\"@Boyac\u00e1%20Le%20Informa\" \/>\n\t\t<meta name=\"twitter:image\" content=\"https:\/\/www.boyacaleinforma.com\/wp-content\/uploads\/2023\/01\/cropped-boyca-le-informa-png.png\" \/>\n\t\t<script type=\"application\/ld+json\" class=\"aioseo-schema\">\n\t\t\t{\"@context\":\"https:\\\/\\\/schema.org\",\"@graph\":[{\"@type\":\"BlogPosting\",\"@id\":\"https:\\\/\\\/www.boyacaleinforma.com\\\/?p=46097#blogposting\",\"name\":\"Paranadadores boyacenses buscan esta semana su boleto a los Juegos Paranacionales 2027 - Boyac\\u00e1 Le Informa\",\"headline\":\"Paranadadores boyacenses buscan esta semana su boleto a los Juegos Paranacionales 2027\",\"author\":{\"@id\":\"https:\\\/\\\/www.boyacaleinforma.com\\\/?author=1#author\"},\"publisher\":{\"@id\":\"https:\\\/\\\/www.boyacaleinforma.com\\\/#organization\"},\"image\":{\"@type\":\"ImageObject\",\"url\":\"https:\\\/\\\/www.boyacaleinforma.com\\\/wp-content\\\/uploads\\\/2026\\\/09\\\/Indeportes.jpg\",\"width\":900,\"height\":600},\"datePublished\":\"2026-09-01T22:54:31-05:00\",\"dateModified\":\"2026-09-01T23:06:07-05:00\",\"inLanguage\":\"es-ES\",\"mainEntityOfPage\":{\"@id\":\"https:\\\/\\\/www.boyacaleinforma.com\\\/?p=46097#webpage\"},\"isPartOf\":{\"@id\":\"https:\\\/\\\/www.boyacaleinforma.com\\\/?p=46097#webpage\"},\"articleSection\":\"Deportes, Noticias\"},{\"@type\":\"BreadcrumbList\",\"@id\":\"https:\\\/\\\/www.boyacaleinforma.com\\\/?p=46097#breadcrumblist\",\"itemListElement\":[{\"@type\":\"ListItem\",\"@id\":\"https:\\\/\\\/www.boyacaleinforma.com#listItem\",\"position\":1,\"name\":\"Home\",\"item\":\"https:\\\/\\\/www.boyacaleinforma.com\",\"nextItem\":{\"@type\":\"ListItem\",\"@id\":\"https:\\\/\\\/www.boyacaleinforma.com\\\/?cat=7#listItem\",\"name\":\"Deportes\"}},{\"@type\":\"ListItem\",\"@id\":\"https:\\\/\\\/www.boyacaleinforma.com\\\/?cat=7#listItem\",\"position\":2,\"name\":\"Deportes\",\"item\":\"https:\\\/\\\/www.boyacaleinforma.com\\\/?cat=7\",\"nextItem\":{\"@type\":\"ListItem\",\"@id\":\"https:\\\/\\\/www.boyacaleinforma.com\\\/?p=46097#listItem\",\"name\":\"Paranadadores boyacenses buscan esta semana su boleto a los Juegos Paranacionales 2027\"},\"previousItem\":{\"@type\":\"ListItem\",\"@id\":\"https:\\\/\\\/www.boyacaleinforma.com#listItem\",\"name\":\"Home\"}},{\"@type\":\"ListItem\",\"@id\":\"https:\\\/\\\/www.boyacaleinforma.com\\\/?p=46097#listItem\",\"position\":3,\"name\":\"Paranadadores boyacenses buscan esta semana su boleto a los Juegos Paranacionales 2027\",\"previousItem\":{\"@type\":\"ListItem\",\"@id\":\"https:\\\/\\\/www.boyacaleinforma.com\\\/?cat=7#listItem\",\"name\":\"Deportes\"}}]},{\"@type\":\"Organization\",\"@id\":\"https:\\\/\\\/www.boyacaleinforma.com\\\/#organization\",\"name\":\"Boyac\\u00e1 Le Informa\",\"description\":\"Nosotros informamos, usted elige el punto de vista\",\"url\":\"https:\\\/\\\/www.boyacaleinforma.com\\\/\",\"logo\":{\"@type\":\"ImageObject\",\"url\":\"https:\\\/\\\/www.boyacaleinforma.com\\\/wp-content\\\/uploads\\\/2023\\\/11\\\/WhatsApp-Image-2023-01-16-at-8.43.37-PM.jpeg\",\"@id\":\"https:\\\/\\\/www.boyacaleinforma.com\\\/?p=46097\\\/#organizationLogo\",\"width\":1201,\"height\":830},\"image\":{\"@id\":\"https:\\\/\\\/www.boyacaleinforma.com\\\/?p=46097\\\/#organizationLogo\"},\"sameAs\":[\"https:\\\/\\\/facebook.com\\\/Boyac\\u00e1 Le Informa\",\"https:\\\/\\\/x.com\\\/Boyac\\u00e1 Le Informa\",\"https:\\\/\\\/instagram.com\\\/Boyac\\u00e1 Le Informa\",\"https:\\\/\\\/pinterest.com\\\/Boyac\\u00e1 Le Informa\",\"https:\\\/\\\/youtube.com\\\/Boyac\\u00e1 Le Informa\",\"https:\\\/\\\/linkedin.com\\\/in\\\/Boyac\\u00e1 Le Informa\"]},{\"@type\":\"Person\",\"@id\":\"https:\\\/\\\/www.boyacaleinforma.com\\\/?author=1#author\",\"url\":\"https:\\\/\\\/www.boyacaleinforma.com\\\/?author=1\",\"name\":\"Lorena\",\"image\":{\"@type\":\"ImageObject\",\"@id\":\"https:\\\/\\\/www.boyacaleinforma.com\\\/?p=46097#authorImage\",\"url\":\"https:\\\/\\\/secure.gravatar.com\\\/avatar\\\/7ff34fbccee2466596270b966ef097be212f54fd0df5cd4afb0c375c83169e45?s=96&d=mm&r=g\",\"width\":96,\"height\":96,\"caption\":\"Lorena\"}},{\"@type\":\"WebPage\",\"@id\":\"https:\\\/\\\/www.boyacaleinforma.com\\\/?p=46097#webpage\",\"url\":\"https:\\\/\\\/www.boyacaleinforma.com\\\/?p=46097\",\"name\":\"Paranadadores boyacenses buscan esta semana su boleto a los Juegos Paranacionales 2027 - Boyac\\u00e1 Le Informa\",\"description\":\"La Liga de Paranataci\\u00f3n de Boyac\\u00e1 tiene puestos los ojos en Ibagu\\u00e9, donde desde el pasado 31 de agosto y hasta este domingo 6 de septiembre se disputa el primer Clasificatorio Nacional de ParaNataci\\u00f3n, Nataci\\u00f3n Intelectual y Nataci\\u00f3n Auditiva. El certamen, organizado por la Federaci\\u00f3n Colombiana de Paranataci\\u00f3n, es la primera gran cita del segundo\",\"inLanguage\":\"es-ES\",\"isPartOf\":{\"@id\":\"https:\\\/\\\/www.boyacaleinforma.com\\\/#website\"},\"breadcrumb\":{\"@id\":\"https:\\\/\\\/www.boyacaleinforma.com\\\/?p=46097#breadcrumblist\"},\"author\":{\"@id\":\"https:\\\/\\\/www.boyacaleinforma.com\\\/?author=1#author\"},\"creator\":{\"@id\":\"https:\\\/\\\/www.boyacaleinforma.com\\\/?author=1#author\"},\"image\":{\"@type\":\"ImageObject\",\"url\":\"https:\\\/\\\/www.boyacaleinforma.com\\\/wp-content\\\/uploads\\\/2026\\\/09\\\/Indeportes.jpg\",\"@id\":\"https:\\\/\\\/www.boyacaleinforma.com\\\/?p=46097\\\/#mainImage\",\"width\":900,\"height\":600},\"primaryImageOfPage\":{\"@id\":\"https:\\\/\\\/www.boyacaleinforma.com\\\/?p=46097#mainImage\"},\"datePublished\":\"2026-09-01T22:54:31-05:00\",\"dateModified\":\"2026-09-01T23:06:07-05:00\"},{\"@type\":\"WebSite\",\"@id\":\"https:\\\/\\\/www.boyacaleinforma.com\\\/#website\",\"url\":\"https:\\\/\\\/www.boyacaleinforma.com\\\/\",\"name\":\"Boyac\\u00e1 Le Informa\",\"description\":\"Nosotros informamos, usted elige el punto de vista\",\"inLanguage\":\"es-ES\",\"publisher\":{\"@id\":\"https:\\\/\\\/www.boyacaleinforma.com\\\/#organization\"}}]}\n\t\t<\/script>\n\t\t<!-- All in One SEO -->\n\n","aioseo_head_json":{"title":"Paranadadores boyacenses buscan esta semana su boleto a los Juegos Paranacionales 2027 - Boyac\u00e1 Le Informa","description":"La Liga de Paranataci\u00f3n de Boyac\u00e1 tiene puestos los ojos en Ibagu\u00e9, donde desde el pasado 31 de agosto y hasta este domingo 6 de septiembre se disputa el primer Clasificatorio Nacional de ParaNataci\u00f3n, Nataci\u00f3n Intelectual y Nataci\u00f3n Auditiva. El certamen, organizado por la Federaci\u00f3n Colombiana de Paranataci\u00f3n, es la primera gran cita del segundo","canonical_url":"https:\/\/www.boyacaleinforma.com\/?p=46097","robots":"max-image-preview:large","keywords":"","webmasterTools":{"miscellaneous":""},"schema":{"@context":"https:\/\/schema.org","@graph":[{"@type":"BlogPosting","@id":"https:\/\/www.boyacaleinforma.com\/?p=46097#blogposting","name":"Paranadadores boyacenses buscan esta semana su boleto a los Juegos Paranacionales 2027 - Boyac\u00e1 Le Informa","headline":"Paranadadores boyacenses buscan esta semana su boleto a los Juegos Paranacionales 2027","author":{"@id":"https:\/\/www.boyacaleinforma.com\/?author=1#author"},"publisher":{"@id":"https:\/\/www.boyacaleinforma.com\/#organization"},"image":{"@type":"ImageObject","url":"https:\/\/www.boyacaleinforma.com\/wp-content\/uploads\/2026\/09\/Indeportes.jpg","width":900,"height":600},"datePublished":"2026-09-01T22:54:31-05:00","dateModified":"2026-09-01T23:06:07-05:00","inLanguage":"es-ES","mainEntityOfPage":{"@id":"https:\/\/www.boyacaleinforma.com\/?p=46097#webpage"},"isPartOf":{"@id":"https:\/\/www.boyacaleinforma.com\/?p=46097#webpage"},"articleSection":"Deportes, Noticias"},{"@type":"BreadcrumbList","@id":"https:\/\/www.boyacaleinforma.com\/?p=46097#breadcrumblist","itemListElement":[{"@type":"ListItem","@id":"https:\/\/www.boyacaleinforma.com#listItem","position":1,"name":"Home","item":"https:\/\/www.boyacaleinforma.com","nextItem":{"@type":"ListItem","@id":"https:\/\/www.boyacaleinforma.com\/?cat=7#listItem","name":"Deportes"}},{"@type":"ListItem","@id":"https:\/\/www.boyacaleinforma.com\/?cat=7#listItem","position":2,"name":"Deportes","item":"https:\/\/www.boyacaleinforma.com\/?cat=7","nextItem":{"@type":"ListItem","@id":"https:\/\/www.boyacaleinforma.com\/?p=46097#listItem","name":"Paranadadores boyacenses buscan esta semana su boleto a los Juegos Paranacionales 2027"},"previousItem":{"@type":"ListItem","@id":"https:\/\/www.boyacaleinforma.com#listItem","name":"Home"}},{"@type":"ListItem","@id":"https:\/\/www.boyacaleinforma.com\/?p=46097#listItem","position":3,"name":"Paranadadores boyacenses buscan esta semana su boleto a los Juegos Paranacionales 2027","previousItem":{"@type":"ListItem","@id":"https:\/\/www.boyacaleinforma.com\/?cat=7#listItem","name":"Deportes"}}]},{"@type":"Organization","@id":"https:\/\/www.boyacaleinforma.com\/#organization","name":"Boyac\u00e1 Le Informa","description":"Nosotros informamos, usted elige el punto de vista","url":"https:\/\/www.boyacaleinforma.com\/","logo":{"@type":"ImageObject","url":"https:\/\/www.boyacaleinforma.com\/wp-content\/uploads\/2023\/11\/WhatsApp-Image-2023-01-16-at-8.43.37-PM.jpeg","@id":"https:\/\/www.boyacaleinforma.com\/?p=46097\/#organizationLogo","width":1201,"height":830},"image":{"@id":"https:\/\/www.boyacaleinforma.com\/?p=46097\/#organizationLogo"},"sameAs":["https:\/\/facebook.com\/Boyac\u00e1 Le Informa","https:\/\/x.com\/Boyac\u00e1 Le Informa","https:\/\/instagram.com\/Boyac\u00e1 Le Informa","https:\/\/pinterest.com\/Boyac\u00e1 Le Informa","https:\/\/youtube.com\/Boyac\u00e1 Le Informa","https:\/\/linkedin.com\/in\/Boyac\u00e1 Le Informa"]},{"@type":"Person","@id":"https:\/\/www.boyacaleinforma.com\/?author=1#author","url":"https:\/\/www.boyacaleinforma.com\/?author=1","name":"Lorena","image":{"@type":"ImageObject","@id":"https:\/\/www.boyacaleinforma.com\/?p=46097#authorImage","url":"https:\/\/secure.gravatar.com\/avatar\/7ff34fbccee2466596270b966ef097be212f54fd0df5cd4afb0c375c83169e45?s=96&d=mm&r=g","width":96,"height":96,"caption":"Lorena"}},{"@type":"WebPage","@id":"https:\/\/www.boyacaleinforma.com\/?p=46097#webpage","url":"https:\/\/www.boyacaleinforma.com\/?p=46097","name":"Paranadadores boyacenses buscan esta semana su boleto a los Juegos Paranacionales 2027 - Boyac\u00e1 Le Informa","description":"La Liga de Paranataci\u00f3n de Boyac\u00e1 tiene puestos los ojos en Ibagu\u00e9, donde desde el pasado 31 de agosto y hasta este domingo 6 de septiembre se disputa el primer Clasificatorio Nacional de ParaNataci\u00f3n, Nataci\u00f3n Intelectual y Nataci\u00f3n Auditiva. El certamen, organizado por la Federaci\u00f3n Colombiana de Paranataci\u00f3n, es la primera gran cita del segundo","inLanguage":"es-ES","isPartOf":{"@id":"https:\/\/www.boyacaleinforma.com\/#website"},"breadcrumb":{"@id":"https:\/\/www.boyacaleinforma.com\/?p=46097#breadcrumblist"},"author":{"@id":"https:\/\/www.boyacaleinforma.com\/?author=1#author"},"creator":{"@id":"https:\/\/www.boyacaleinforma.com\/?author=1#author"},"image":{"@type":"ImageObject","url":"https:\/\/www.boyacaleinforma.com\/wp-content\/uploads\/2026\/09\/Indeportes.jpg","@id":"https:\/\/www.boyacaleinforma.com\/?p=46097\/#mainImage","width":900,"height":600},"primaryImageOfPage":{"@id":"https:\/\/www.boyacaleinforma.com\/?p=46097#mainImage"},"datePublished":"2026-09-01T22:54:31-05:00","dateModified":"2026-09-01T23:06:07-05:00"},{"@type":"WebSite","@id":"https:\/\/www.boyacaleinforma.com\/#website","url":"https:\/\/www.boyacaleinforma.com\/","name":"Boyac\u00e1 Le Informa","description":"Nosotros informamos, usted elige el punto de vista","inLanguage":"es-ES","publisher":{"@id":"https:\/\/www.boyacaleinforma.com\/#organization"}}]},"og:locale":"es_ES","og:site_name":"Boyac\u00e1 Le Informa - Nosotros informamos, usted elige el punto de vista","og:type":"article","og:title":"Paranadadores boyacenses buscan esta semana su boleto a los Juegos Paranacionales 2027 - Boyac\u00e1 Le Informa","og:description":"La Liga de Paranataci\u00f3n de Boyac\u00e1 tiene puestos los ojos en Ibagu\u00e9, donde desde el pasado 31 de agosto y hasta este domingo 6 de septiembre se disputa el primer Clasificatorio Nacional de ParaNataci\u00f3n, Nataci\u00f3n Intelectual y Nataci\u00f3n Auditiva. El certamen, organizado por la Federaci\u00f3n Colombiana de Paranataci\u00f3n, es la primera gran cita del segundo","og:url":"https:\/\/www.boyacaleinforma.com\/?p=46097","og:image":"https:\/\/www.boyacaleinforma.com\/wp-content\/uploads\/2023\/01\/cropped-boyca-le-informa-png.png","og:image:secure_url":"https:\/\/www.boyacaleinforma.com\/wp-content\/uploads\/2023\/01\/cropped-boyca-le-informa-png.png","og:image:width":1201,"og:image:height":830,"article:published_time":"2026-09-02T03:54:31+00:00","article:modified_time":"2026-09-02T04:06:07+00:00","article:publisher":"https:\/\/facebook.com\/Boyac\u00e1 Le Informa","twitter:card":"summary_large_image","twitter:site":"@Boyac\u00e1%20Le%20Informa","twitter:title":"Paranadadores boyacenses buscan esta semana su boleto a los Juegos Paranacionales 2027 - Boyac\u00e1 Le Informa","twitter:description":"La Liga de Paranataci\u00f3n de Boyac\u00e1 tiene puestos los ojos en Ibagu\u00e9, donde desde el pasado 31 de agosto y hasta este domingo 6 de septiembre se disputa el primer Clasificatorio Nacional de ParaNataci\u00f3n, Nataci\u00f3n Intelectual y Nataci\u00f3n Auditiva. El certamen, organizado por la Federaci\u00f3n Colombiana de Paranataci\u00f3n, es la primera gran cita del segundo","twitter:creator":"@Boyac\u00e1%20Le%20Informa","twitter:image":"https:\/\/www.boyacaleinforma.com\/wp-content\/uploads\/2023\/01\/cropped-boyca-le-informa-png.png"},"aioseo_meta_data":{"post_id":"46097","title":null,"description":null,"keywords":null,"keyphrases":{"focus":{"keyphrase":"","score":0,"analysis":{"keyphraseInTitle":{"score":0,"maxScore":9,"error":1}}},"additional":[]},"primary_term":null,"canonical_url":null,"og_title":null,"og_description":null,"og_object_type":"default","og_image_type":"default","og_image_url":null,"og_image_width":null,"og_image_height":null,"og_image_custom_url":null,"og_image_custom_fields":null,"og_video":"","og_custom_url":null,"og_article_section":null,"og_article_tags":null,"twitter_use_og":false,"twitter_card":"default","twitter_image_type":"default","twitter_image_url":null,"twitter_image_custom_url":null,"twitter_image_custom_fields":null,"twitter_title":null,"twitter_description":null,"schema":{"blockGraphs":[],"customGraphs":[],"default":{"data":{"Article":[],"Course":[],"Dataset":[],"FAQPage":[],"Movie":[],"Person":[],"Product":[],"ProductReview":[],"Car":[],"Recipe":[],"Service":[],"SoftwareApplication":[],"WebPage":[]},"graphName":"BlogPosting","isEnabled":true},"graphs":[]},"schema_type":"default","schema_type_options":null,"pillar_content":false,"robots_default":true,"robots_noindex":false,"robots_noarchive":false,"robots_nosnippet":false,"robots_nofollow":false,"robots_noimageindex":false,"robots_noodp":false,"robots_notranslate":false,"robots_max_snippet":"-1","robots_max_videopreview":"-1","robots_max_imagepreview":"large","priority":null,"frequency":"default","local_seo":null,"breadcrumb_settings":null,"limit_modified_date":false,"ai":{"faqs":[],"keyPoints":[],"schemas":[],"titles":[],"descriptions":[],"socialPosts":{"email":{"subject":"","preview":"","content":""},"linkedin":[],"twitter":[],"facebook":[],"instagram":[]}},"created":"2026-09-02 03:54:40","updated":"2026-09-02 04:06:07","seo_analyzer_scan_date":null,"focus_keyword":null,"additional_keywords":null,"truseo_locale":null},"aioseo_breadcrumb":"<div class=\"aioseo-breadcrumbs\"><span class=\"aioseo-breadcrumb\">\n\t\t\t<a href=\"https:\/\/www.boyacaleinforma.com\" title=\"Home\">Home<\/a>\n\t\t<\/span><span class=\"aioseo-breadcrumb-separator\">&raquo;<\/span><span class=\"aioseo-breadcrumb\">\n\t\t\t<a href=\"https:\/\/www.boyacaleinforma.com\/?cat=7\" title=\"Deportes\">Deportes<\/a>\n\t\t<\/span><span class=\"aioseo-breadcrumb-separator\">&raquo;<\/span><span class=\"aioseo-breadcrumb\">\n\t\t\tParanadadores boyacenses buscan esta semana su boleto a los Juegos Paranacionales 2027\n\t\t<\/span><\/div>","aioseo_breadcrumb_json":[{"label":"Home","link":"https:\/\/www.boyacaleinforma.com"},{"label":"Deportes","link":"https:\/\/www.boyacaleinforma.com\/?cat=7"},{"label":"Paranadadores boyacenses buscan esta semana su boleto a los Juegos Paranacionales 2027","link":"https:\/\/www.boyacaleinforma.com\/?p=46097"}],"_links":{"self":[{"href":"https:\/\/www.boyacaleinforma.com\/index.php?rest_route=\/wp\/v2\/posts\/46097","targetHints":{"allow":["GET"]}}],"collection":[{"href":"https:\/\/www.boyacaleinforma.com\/index.php?rest_route=\/wp\/v2\/posts"}],"about":[{"href":"https:\/\/www.boyacaleinforma.com\/index.php?rest_route=\/wp\/v2\/types\/post"}],"author":[{"embeddable":true,"href":"https:\/\/www.boyacaleinforma.com\/index.php?rest_route=\/wp\/v2\/users\/1"}],"replies":[{"embeddable":true,"href":"https:\/\/www.boyacaleinforma.com\/index.php?rest_route=%2Fwp%2Fv2%2Fcomments&post=46097"}],"version-history":[{"count":1,"href":"https:\/\/www.boyacaleinforma.com\/index.php?rest_route=\/wp\/v2\/posts\/46097\/revisions"}],"predecessor-version":[{"id":46103,"href":"https:\/\/www.boyacaleinforma.com\/index.php?rest_route=\/wp\/v2\/posts\/46097\/revisions\/46103"}],"wp:featuredmedia":[{"embeddable":true,"href":"https:\/\/www.boyacaleinforma.com\/index.php?rest_route=\/wp\/v2\/media\/46099"}],"wp:attachment":[{"href":"https:\/\/www.boyacaleinforma.com\/index.php?rest_route=%2Fwp%2Fv2%2Fmedia&parent=46097"}],"wp:term":[{"taxonomy":"category","embeddable":true,"href":"https:\/\/www.boyacaleinforma.com\/index.php?rest_route=%2Fwp%2Fv2%2Fcategories&post=46097"},{"taxonomy":"post_tag","embeddable":true,"href":"https:\/\/www.boyacaleinforma.com\/index.php?rest_route=%2Fwp%2Fv2%2Ftags&post=46097"}],"curies":[{"name":"wp","href":"https:\/\/api.w.org\/{rel}","templated":true}]}}