{"id":46110,"date":"2026-09-01T23:03:48","date_gmt":"2026-09-02T04:03:48","guid":{"rendered":"https:\/\/www.boyacaleinforma.com\/?p=46110"},"modified":"2026-09-01T23:04:48","modified_gmt":"2026-09-02T04:04:48","slug":"aqui-nadie-se-acobarda","status":"publish","type":"post","link":"https:\/\/www.boyacaleinforma.com\/?p=46110","title":{"rendered":"&#8216;Aqu\u00ed nadie se acobarda&#8217;"},"content":{"rendered":"\n<p class=\"wp-block-paragraph\">El presidente de la Rep\u00fablica, Abelardo De La Espriella, lider\u00f3 este martes un Consejo de Seguridad extraordinario en C\u00facuta, tras el atentado con carro bomba registrado la noche del 31 de agosto frente a la Estaci\u00f3n de Polic\u00eda del municipio de Los Patios, en el \u00e1rea metropolitana de la capital nortesantandereana. Al encuentro asistieron tambi\u00e9n el ministro de Defensa, Jorge Eduardo Mora, y el ministro del Interior, Rodrigo Lara.<br><br>De acuerdo con el balance oficial entregado por la Polic\u00eda Nacional, el artefacto explosivo, instalado en un veh\u00edculo, dej\u00f3 como saldo un civil muerto y once personas afectadas, nueve civiles y dos uniformados, dos de los cuales permanecen en estado de gravedad. Las autoridades contin\u00faan las labores de investigaci\u00f3n criminal e inteligencia para establecer las circunstancias del ataque e identificar a los responsables.<br><br>Durante el Consejo de Seguridad, el Jefe de Estado anunci\u00f3 una ofensiva integral para restablecer el orden p\u00fablico en el departamento y advirti\u00f3 que su Gobierno no permitir\u00e1 ninguna forma de connivencia entre autoridades y estructuras criminales. Sostuvo que el \u00e9xito de las organizaciones delincuenciales depende, en buena parte, de la complicidad o la tolerancia de quienes deber\u00edan enfrentarlas, y reiter\u00f3 que actuar\u00e1 con toda la fuerza de la ley contra cualquier v\u00ednculo entre servidores p\u00fablicos y grupos armados ilegales.<br><br>\u00abAqu\u00ed nadie se acobarda, los vamos a combatir y vamos a liberar a este departamento de la violencia por la raz\u00f3n o por la fuerza. Aqu\u00ed voy a estar en 15 d\u00edas revisando los avances, porque este no es un gobierno de discursos ni de peroratas sino de resultados. Cuando los bandidos est\u00e1n ganando es porque est\u00e1n asociados con el gobierno, y aqu\u00ed se acab\u00f3 esa asociaci\u00f3n criminal\u00bb, afirm\u00f3 el presidente durante su intervenci\u00f3n.<br><br>El mandatario hab\u00eda convocado el encuentro horas despu\u00e9s del atentado, a trav\u00e9s de un mensaje en redes sociales en el que calific\u00f3 los hechos como una acci\u00f3n terrorista y anunci\u00f3 el despliegue de toda la c\u00fapula de la Fuerza P\u00fablica en la regi\u00f3n. En esa misma l\u00ednea, insisti\u00f3 en que su prioridad es recuperar la tranquilidad de los ciudadanos y garantizar que los responsables del ataque y de la violencia que afecta al departamento respondan ante la justicia.<br><br>El presidente confirm\u00f3 que regresar\u00e1 a Norte de Santander en dos semanas para verificar los resultados de las acciones ordenadas, en momentos en que la regi\u00f3n permanece bajo alerta ante el riesgo de nuevos hechos violentos.<\/p>\n","protected":false},"excerpt":{"rendered":"<p>El presidente de la Rep\u00fablica, Abelardo De La Espriella, lider\u00f3 este martes un Consejo de Seguridad extraordinario en<\/p>\n","protected":false},"author":1,"featured_media":46098,"comment_status":"open","ping_status":"open","sticky":false,"template":"","format":"standard","meta":{"om_disable_all_campaigns":false,"_monsterinsights_skip_tracking":false,"footnotes":""},"categories":[9],"tags":[10],"class_list":["post-46110","post","type-post","status-publish","format-standard","has-post-thumbnail","hentry","category-colombia","tag-noticias"],"aioseo_notices":[],"aioseo_head":"\n\t\t<!-- All in One SEO 5.0.1.1 - aioseo.com -->\n\t<meta name=\"description\" content=\"El presidente de la Rep\u00fablica, Abelardo De La Espriella, lider\u00f3 este martes un Consejo de Seguridad extraordinario en C\u00facuta, tras el atentado con carro bomba registrado la noche del 31 de agosto frente a la Estaci\u00f3n de Polic\u00eda del municipio de Los Patios, en el \u00e1rea metropolitana de la capital nortesantandereana. Al encuentro asistieron tambi\u00e9n\" \/>\n\t<meta name=\"robots\" content=\"max-image-preview:large\" \/>\n\t<meta name=\"author\" content=\"Lorena\"\/>\n\t<link rel=\"canonical\" href=\"https:\/\/www.boyacaleinforma.com\/?p=46110\" \/>\n\t<meta name=\"generator\" content=\"All in One SEO (AIOSEO) 5.0.1.1\" \/>\n\t\t<meta property=\"og:locale\" content=\"es_ES\" \/>\n\t\t<meta property=\"og:site_name\" content=\"Boyac\u00e1 Le Informa - Nosotros informamos, usted elige el punto de vista\" \/>\n\t\t<meta property=\"og:type\" content=\"article\" \/>\n\t\t<meta property=\"og:title\" content=\"\u2018Aqu\u00ed nadie se acobarda\u2019 - Boyac\u00e1 Le Informa\" \/>\n\t\t<meta property=\"og:description\" content=\"El presidente de la Rep\u00fablica, Abelardo De La Espriella, lider\u00f3 este martes un Consejo de Seguridad extraordinario en C\u00facuta, tras el atentado con carro bomba registrado la noche del 31 de agosto frente a la Estaci\u00f3n de Polic\u00eda del municipio de Los Patios, en el \u00e1rea metropolitana de la capital nortesantandereana. Al encuentro asistieron tambi\u00e9n\" \/>\n\t\t<meta property=\"og:url\" content=\"https:\/\/www.boyacaleinforma.com\/?p=46110\" \/>\n\t\t<meta property=\"og:image\" content=\"https:\/\/www.boyacaleinforma.com\/wp-content\/uploads\/2023\/01\/cropped-boyca-le-informa-png.png\" \/>\n\t\t<meta property=\"og:image:secure_url\" content=\"https:\/\/www.boyacaleinforma.com\/wp-content\/uploads\/2023\/01\/cropped-boyca-le-informa-png.png\" \/>\n\t\t<meta property=\"og:image:width\" content=\"1201\" \/>\n\t\t<meta property=\"og:image:height\" content=\"830\" \/>\n\t\t<meta property=\"article:published_time\" content=\"2026-09-02T04:03:48+00:00\" \/>\n\t\t<meta property=\"article:modified_time\" content=\"2026-09-02T04:04:48+00:00\" \/>\n\t\t<meta property=\"article:publisher\" content=\"https:\/\/facebook.com\/Boyac\u00e1 Le Informa\" \/>\n\t\t<meta name=\"twitter:card\" content=\"summary_large_image\" \/>\n\t\t<meta name=\"twitter:site\" content=\"@Boyac\u00e1%20Le%20Informa\" \/>\n\t\t<meta name=\"twitter:title\" content=\"\u2018Aqu\u00ed nadie se acobarda\u2019 - Boyac\u00e1 Le Informa\" \/>\n\t\t<meta name=\"twitter:description\" content=\"El presidente de la Rep\u00fablica, Abelardo De La Espriella, lider\u00f3 este martes un Consejo de Seguridad extraordinario en C\u00facuta, tras el atentado con carro bomba registrado la noche del 31 de agosto frente a la Estaci\u00f3n de Polic\u00eda del municipio de Los Patios, en el \u00e1rea metropolitana de la capital nortesantandereana. Al encuentro asistieron tambi\u00e9n\" \/>\n\t\t<meta name=\"twitter:creator\" content=\"@Boyac\u00e1%20Le%20Informa\" \/>\n\t\t<meta name=\"twitter:image\" content=\"https:\/\/www.boyacaleinforma.com\/wp-content\/uploads\/2023\/01\/cropped-boyca-le-informa-png.png\" \/>\n\t\t<script type=\"application\/ld+json\" class=\"aioseo-schema\">\n\t\t\t{\"@context\":\"https:\\\/\\\/schema.org\",\"@graph\":[{\"@type\":\"BlogPosting\",\"@id\":\"https:\\\/\\\/www.boyacaleinforma.com\\\/?p=46110#blogposting\",\"name\":\"\\u2018Aqu\\u00ed nadie se acobarda\\u2019 - Boyac\\u00e1 Le Informa\",\"headline\":\"&#8216;Aqu\\u00ed nadie se acobarda&#8217;\",\"author\":{\"@id\":\"https:\\\/\\\/www.boyacaleinforma.com\\\/?author=1#author\"},\"publisher\":{\"@id\":\"https:\\\/\\\/www.boyacaleinforma.com\\\/#organization\"},\"image\":{\"@type\":\"ImageObject\",\"url\":\"https:\\\/\\\/www.boyacaleinforma.com\\\/wp-content\\\/uploads\\\/2026\\\/09\\\/images.jpg\",\"width\":596,\"height\":335},\"datePublished\":\"2026-09-01T23:03:48-05:00\",\"dateModified\":\"2026-09-01T23:04:48-05:00\",\"inLanguage\":\"es-ES\",\"mainEntityOfPage\":{\"@id\":\"https:\\\/\\\/www.boyacaleinforma.com\\\/?p=46110#webpage\"},\"isPartOf\":{\"@id\":\"https:\\\/\\\/www.boyacaleinforma.com\\\/?p=46110#webpage\"},\"articleSection\":\"Colombia, Noticias\"},{\"@type\":\"BreadcrumbList\",\"@id\":\"https:\\\/\\\/www.boyacaleinforma.com\\\/?p=46110#breadcrumblist\",\"itemListElement\":[{\"@type\":\"ListItem\",\"@id\":\"https:\\\/\\\/www.boyacaleinforma.com#listItem\",\"position\":1,\"name\":\"Home\",\"item\":\"https:\\\/\\\/www.boyacaleinforma.com\",\"nextItem\":{\"@type\":\"ListItem\",\"@id\":\"https:\\\/\\\/www.boyacaleinforma.com\\\/?cat=9#listItem\",\"name\":\"Colombia\"}},{\"@type\":\"ListItem\",\"@id\":\"https:\\\/\\\/www.boyacaleinforma.com\\\/?cat=9#listItem\",\"position\":2,\"name\":\"Colombia\",\"item\":\"https:\\\/\\\/www.boyacaleinforma.com\\\/?cat=9\",\"nextItem\":{\"@type\":\"ListItem\",\"@id\":\"https:\\\/\\\/www.boyacaleinforma.com\\\/?p=46110#listItem\",\"name\":\"&#8216;Aqu\\u00ed nadie se acobarda&#8217;\"},\"previousItem\":{\"@type\":\"ListItem\",\"@id\":\"https:\\\/\\\/www.boyacaleinforma.com#listItem\",\"name\":\"Home\"}},{\"@type\":\"ListItem\",\"@id\":\"https:\\\/\\\/www.boyacaleinforma.com\\\/?p=46110#listItem\",\"position\":3,\"name\":\"&#8216;Aqu\\u00ed nadie se acobarda&#8217;\",\"previousItem\":{\"@type\":\"ListItem\",\"@id\":\"https:\\\/\\\/www.boyacaleinforma.com\\\/?cat=9#listItem\",\"name\":\"Colombia\"}}]},{\"@type\":\"Organization\",\"@id\":\"https:\\\/\\\/www.boyacaleinforma.com\\\/#organization\",\"name\":\"Boyac\\u00e1 Le Informa\",\"description\":\"Nosotros informamos, usted elige el punto de vista\",\"url\":\"https:\\\/\\\/www.boyacaleinforma.com\\\/\",\"logo\":{\"@type\":\"ImageObject\",\"url\":\"https:\\\/\\\/www.boyacaleinforma.com\\\/wp-content\\\/uploads\\\/2023\\\/11\\\/WhatsApp-Image-2023-01-16-at-8.43.37-PM.jpeg\",\"@id\":\"https:\\\/\\\/www.boyacaleinforma.com\\\/?p=46110\\\/#organizationLogo\",\"width\":1201,\"height\":830},\"image\":{\"@id\":\"https:\\\/\\\/www.boyacaleinforma.com\\\/?p=46110\\\/#organizationLogo\"},\"sameAs\":[\"https:\\\/\\\/facebook.com\\\/Boyac\\u00e1 Le Informa\",\"https:\\\/\\\/x.com\\\/Boyac\\u00e1 Le Informa\",\"https:\\\/\\\/instagram.com\\\/Boyac\\u00e1 Le Informa\",\"https:\\\/\\\/pinterest.com\\\/Boyac\\u00e1 Le Informa\",\"https:\\\/\\\/youtube.com\\\/Boyac\\u00e1 Le Informa\",\"https:\\\/\\\/linkedin.com\\\/in\\\/Boyac\\u00e1 Le Informa\"]},{\"@type\":\"Person\",\"@id\":\"https:\\\/\\\/www.boyacaleinforma.com\\\/?author=1#author\",\"url\":\"https:\\\/\\\/www.boyacaleinforma.com\\\/?author=1\",\"name\":\"Lorena\",\"image\":{\"@type\":\"ImageObject\",\"@id\":\"https:\\\/\\\/www.boyacaleinforma.com\\\/?p=46110#authorImage\",\"url\":\"https:\\\/\\\/secure.gravatar.com\\\/avatar\\\/7ff34fbccee2466596270b966ef097be212f54fd0df5cd4afb0c375c83169e45?s=96&d=mm&r=g\",\"width\":96,\"height\":96,\"caption\":\"Lorena\"}},{\"@type\":\"WebPage\",\"@id\":\"https:\\\/\\\/www.boyacaleinforma.com\\\/?p=46110#webpage\",\"url\":\"https:\\\/\\\/www.boyacaleinforma.com\\\/?p=46110\",\"name\":\"\\u2018Aqu\\u00ed nadie se acobarda\\u2019 - Boyac\\u00e1 Le Informa\",\"description\":\"El presidente de la Rep\\u00fablica, Abelardo De La Espriella, lider\\u00f3 este martes un Consejo de Seguridad extraordinario en C\\u00facuta, tras el atentado con carro bomba registrado la noche del 31 de agosto frente a la Estaci\\u00f3n de Polic\\u00eda del municipio de Los Patios, en el \\u00e1rea metropolitana de la capital nortesantandereana. Al encuentro asistieron tambi\\u00e9n\",\"inLanguage\":\"es-ES\",\"isPartOf\":{\"@id\":\"https:\\\/\\\/www.boyacaleinforma.com\\\/#website\"},\"breadcrumb\":{\"@id\":\"https:\\\/\\\/www.boyacaleinforma.com\\\/?p=46110#breadcrumblist\"},\"author\":{\"@id\":\"https:\\\/\\\/www.boyacaleinforma.com\\\/?author=1#author\"},\"creator\":{\"@id\":\"https:\\\/\\\/www.boyacaleinforma.com\\\/?author=1#author\"},\"image\":{\"@type\":\"ImageObject\",\"url\":\"https:\\\/\\\/www.boyacaleinforma.com\\\/wp-content\\\/uploads\\\/2026\\\/09\\\/images.jpg\",\"@id\":\"https:\\\/\\\/www.boyacaleinforma.com\\\/?p=46110\\\/#mainImage\",\"width\":596,\"height\":335},\"primaryImageOfPage\":{\"@id\":\"https:\\\/\\\/www.boyacaleinforma.com\\\/?p=46110#mainImage\"},\"datePublished\":\"2026-09-01T23:03:48-05:00\",\"dateModified\":\"2026-09-01T23:04:48-05:00\"},{\"@type\":\"WebSite\",\"@id\":\"https:\\\/\\\/www.boyacaleinforma.com\\\/#website\",\"url\":\"https:\\\/\\\/www.boyacaleinforma.com\\\/\",\"name\":\"Boyac\\u00e1 Le Informa\",\"description\":\"Nosotros informamos, usted elige el punto de vista\",\"inLanguage\":\"es-ES\",\"publisher\":{\"@id\":\"https:\\\/\\\/www.boyacaleinforma.com\\\/#organization\"}}]}\n\t\t<\/script>\n\t\t<!-- All in One SEO -->\n\n","aioseo_head_json":{"title":"\u2018Aqu\u00ed nadie se acobarda\u2019 - Boyac\u00e1 Le Informa","description":"El presidente de la Rep\u00fablica, Abelardo De La Espriella, lider\u00f3 este martes un Consejo de Seguridad extraordinario en C\u00facuta, tras el atentado con carro bomba registrado la noche del 31 de agosto frente a la Estaci\u00f3n de Polic\u00eda del municipio de Los Patios, en el \u00e1rea metropolitana de la capital nortesantandereana. Al encuentro asistieron tambi\u00e9n","canonical_url":"https:\/\/www.boyacaleinforma.com\/?p=46110","robots":"max-image-preview:large","keywords":"","webmasterTools":{"miscellaneous":""},"schema":{"@context":"https:\/\/schema.org","@graph":[{"@type":"BlogPosting","@id":"https:\/\/www.boyacaleinforma.com\/?p=46110#blogposting","name":"\u2018Aqu\u00ed nadie se acobarda\u2019 - Boyac\u00e1 Le Informa","headline":"&#8216;Aqu\u00ed nadie se acobarda&#8217;","author":{"@id":"https:\/\/www.boyacaleinforma.com\/?author=1#author"},"publisher":{"@id":"https:\/\/www.boyacaleinforma.com\/#organization"},"image":{"@type":"ImageObject","url":"https:\/\/www.boyacaleinforma.com\/wp-content\/uploads\/2026\/09\/images.jpg","width":596,"height":335},"datePublished":"2026-09-01T23:03:48-05:00","dateModified":"2026-09-01T23:04:48-05:00","inLanguage":"es-ES","mainEntityOfPage":{"@id":"https:\/\/www.boyacaleinforma.com\/?p=46110#webpage"},"isPartOf":{"@id":"https:\/\/www.boyacaleinforma.com\/?p=46110#webpage"},"articleSection":"Colombia, Noticias"},{"@type":"BreadcrumbList","@id":"https:\/\/www.boyacaleinforma.com\/?p=46110#breadcrumblist","itemListElement":[{"@type":"ListItem","@id":"https:\/\/www.boyacaleinforma.com#listItem","position":1,"name":"Home","item":"https:\/\/www.boyacaleinforma.com","nextItem":{"@type":"ListItem","@id":"https:\/\/www.boyacaleinforma.com\/?cat=9#listItem","name":"Colombia"}},{"@type":"ListItem","@id":"https:\/\/www.boyacaleinforma.com\/?cat=9#listItem","position":2,"name":"Colombia","item":"https:\/\/www.boyacaleinforma.com\/?cat=9","nextItem":{"@type":"ListItem","@id":"https:\/\/www.boyacaleinforma.com\/?p=46110#listItem","name":"&#8216;Aqu\u00ed nadie se acobarda&#8217;"},"previousItem":{"@type":"ListItem","@id":"https:\/\/www.boyacaleinforma.com#listItem","name":"Home"}},{"@type":"ListItem","@id":"https:\/\/www.boyacaleinforma.com\/?p=46110#listItem","position":3,"name":"&#8216;Aqu\u00ed nadie se acobarda&#8217;","previousItem":{"@type":"ListItem","@id":"https:\/\/www.boyacaleinforma.com\/?cat=9#listItem","name":"Colombia"}}]},{"@type":"Organization","@id":"https:\/\/www.boyacaleinforma.com\/#organization","name":"Boyac\u00e1 Le Informa","description":"Nosotros informamos, usted elige el punto de vista","url":"https:\/\/www.boyacaleinforma.com\/","logo":{"@type":"ImageObject","url":"https:\/\/www.boyacaleinforma.com\/wp-content\/uploads\/2023\/11\/WhatsApp-Image-2023-01-16-at-8.43.37-PM.jpeg","@id":"https:\/\/www.boyacaleinforma.com\/?p=46110\/#organizationLogo","width":1201,"height":830},"image":{"@id":"https:\/\/www.boyacaleinforma.com\/?p=46110\/#organizationLogo"},"sameAs":["https:\/\/facebook.com\/Boyac\u00e1 Le Informa","https:\/\/x.com\/Boyac\u00e1 Le Informa","https:\/\/instagram.com\/Boyac\u00e1 Le Informa","https:\/\/pinterest.com\/Boyac\u00e1 Le Informa","https:\/\/youtube.com\/Boyac\u00e1 Le Informa","https:\/\/linkedin.com\/in\/Boyac\u00e1 Le Informa"]},{"@type":"Person","@id":"https:\/\/www.boyacaleinforma.com\/?author=1#author","url":"https:\/\/www.boyacaleinforma.com\/?author=1","name":"Lorena","image":{"@type":"ImageObject","@id":"https:\/\/www.boyacaleinforma.com\/?p=46110#authorImage","url":"https:\/\/secure.gravatar.com\/avatar\/7ff34fbccee2466596270b966ef097be212f54fd0df5cd4afb0c375c83169e45?s=96&d=mm&r=g","width":96,"height":96,"caption":"Lorena"}},{"@type":"WebPage","@id":"https:\/\/www.boyacaleinforma.com\/?p=46110#webpage","url":"https:\/\/www.boyacaleinforma.com\/?p=46110","name":"\u2018Aqu\u00ed nadie se acobarda\u2019 - Boyac\u00e1 Le Informa","description":"El presidente de la Rep\u00fablica, Abelardo De La Espriella, lider\u00f3 este martes un Consejo de Seguridad extraordinario en C\u00facuta, tras el atentado con carro bomba registrado la noche del 31 de agosto frente a la Estaci\u00f3n de Polic\u00eda del municipio de Los Patios, en el \u00e1rea metropolitana de la capital nortesantandereana. Al encuentro asistieron tambi\u00e9n","inLanguage":"es-ES","isPartOf":{"@id":"https:\/\/www.boyacaleinforma.com\/#website"},"breadcrumb":{"@id":"https:\/\/www.boyacaleinforma.com\/?p=46110#breadcrumblist"},"author":{"@id":"https:\/\/www.boyacaleinforma.com\/?author=1#author"},"creator":{"@id":"https:\/\/www.boyacaleinforma.com\/?author=1#author"},"image":{"@type":"ImageObject","url":"https:\/\/www.boyacaleinforma.com\/wp-content\/uploads\/2026\/09\/images.jpg","@id":"https:\/\/www.boyacaleinforma.com\/?p=46110\/#mainImage","width":596,"height":335},"primaryImageOfPage":{"@id":"https:\/\/www.boyacaleinforma.com\/?p=46110#mainImage"},"datePublished":"2026-09-01T23:03:48-05:00","dateModified":"2026-09-01T23:04:48-05:00"},{"@type":"WebSite","@id":"https:\/\/www.boyacaleinforma.com\/#website","url":"https:\/\/www.boyacaleinforma.com\/","name":"Boyac\u00e1 Le Informa","description":"Nosotros informamos, usted elige el punto de vista","inLanguage":"es-ES","publisher":{"@id":"https:\/\/www.boyacaleinforma.com\/#organization"}}]},"og:locale":"es_ES","og:site_name":"Boyac\u00e1 Le Informa - Nosotros informamos, usted elige el punto de vista","og:type":"article","og:title":"\u2018Aqu\u00ed nadie se acobarda\u2019 - Boyac\u00e1 Le Informa","og:description":"El presidente de la Rep\u00fablica, Abelardo De La Espriella, lider\u00f3 este martes un Consejo de Seguridad extraordinario en C\u00facuta, tras el atentado con carro bomba registrado la noche del 31 de agosto frente a la Estaci\u00f3n de Polic\u00eda del municipio de Los Patios, en el \u00e1rea metropolitana de la capital nortesantandereana. Al encuentro asistieron tambi\u00e9n","og:url":"https:\/\/www.boyacaleinforma.com\/?p=46110","og:image":"https:\/\/www.boyacaleinforma.com\/wp-content\/uploads\/2023\/01\/cropped-boyca-le-informa-png.png","og:image:secure_url":"https:\/\/www.boyacaleinforma.com\/wp-content\/uploads\/2023\/01\/cropped-boyca-le-informa-png.png","og:image:width":1201,"og:image:height":830,"article:published_time":"2026-09-02T04:03:48+00:00","article:modified_time":"2026-09-02T04:04:48+00:00","article:publisher":"https:\/\/facebook.com\/Boyac\u00e1 Le Informa","twitter:card":"summary_large_image","twitter:site":"@Boyac\u00e1%20Le%20Informa","twitter:title":"\u2018Aqu\u00ed nadie se acobarda\u2019 - Boyac\u00e1 Le Informa","twitter:description":"El presidente de la Rep\u00fablica, Abelardo De La Espriella, lider\u00f3 este martes un Consejo de Seguridad extraordinario en C\u00facuta, tras el atentado con carro bomba registrado la noche del 31 de agosto frente a la Estaci\u00f3n de Polic\u00eda del municipio de Los Patios, en el \u00e1rea metropolitana de la capital nortesantandereana. Al encuentro asistieron tambi\u00e9n","twitter:creator":"@Boyac\u00e1%20Le%20Informa","twitter:image":"https:\/\/www.boyacaleinforma.com\/wp-content\/uploads\/2023\/01\/cropped-boyca-le-informa-png.png"},"aioseo_meta_data":{"post_id":"46110","title":null,"description":null,"keywords":null,"keyphrases":{"focus":{"keyphrase":"","score":0,"analysis":{"keyphraseInTitle":{"score":0,"maxScore":9,"error":1}}},"additional":[]},"primary_term":null,"canonical_url":null,"og_title":null,"og_description":null,"og_object_type":"default","og_image_type":"default","og_image_url":null,"og_image_width":null,"og_image_height":null,"og_image_custom_url":null,"og_image_custom_fields":null,"og_video":"","og_custom_url":null,"og_article_section":null,"og_article_tags":null,"twitter_use_og":false,"twitter_card":"default","twitter_image_type":"default","twitter_image_url":null,"twitter_image_custom_url":null,"twitter_image_custom_fields":null,"twitter_title":null,"twitter_description":null,"schema":{"blockGraphs":[],"customGraphs":[],"default":{"data":{"Article":[],"Course":[],"Dataset":[],"FAQPage":[],"Movie":[],"Person":[],"Product":[],"ProductReview":[],"Car":[],"Recipe":[],"Service":[],"SoftwareApplication":[],"WebPage":[]},"graphName":"BlogPosting","isEnabled":true},"graphs":[]},"schema_type":"default","schema_type_options":null,"pillar_content":false,"robots_default":true,"robots_noindex":false,"robots_noarchive":false,"robots_nosnippet":false,"robots_nofollow":false,"robots_noimageindex":false,"robots_noodp":false,"robots_notranslate":false,"robots_max_snippet":"-1","robots_max_videopreview":"-1","robots_max_imagepreview":"large","priority":null,"frequency":"default","local_seo":null,"breadcrumb_settings":null,"limit_modified_date":false,"ai":{"faqs":[],"keyPoints":[],"schemas":[],"titles":[],"descriptions":[],"socialPosts":{"email":{"subject":"","preview":"","content":""},"linkedin":[],"twitter":[],"facebook":[],"instagram":[]}},"created":"2026-09-02 04:03:57","updated":"2026-09-02 04:04:49","seo_analyzer_scan_date":null,"focus_keyword":null,"additional_keywords":null,"truseo_locale":null},"aioseo_breadcrumb":"<div class=\"aioseo-breadcrumbs\"><span class=\"aioseo-breadcrumb\">\n\t\t\t<a href=\"https:\/\/www.boyacaleinforma.com\" title=\"Home\">Home<\/a>\n\t\t<\/span><span class=\"aioseo-breadcrumb-separator\">&raquo;<\/span><span class=\"aioseo-breadcrumb\">\n\t\t\t<a href=\"https:\/\/www.boyacaleinforma.com\/?cat=9\" title=\"Colombia\">Colombia<\/a>\n\t\t<\/span><span class=\"aioseo-breadcrumb-separator\">&raquo;<\/span><span class=\"aioseo-breadcrumb\">\n\t\t\t\u2018Aqu\u00ed nadie se acobarda\u2019\n\t\t<\/span><\/div>","aioseo_breadcrumb_json":[{"label":"Home","link":"https:\/\/www.boyacaleinforma.com"},{"label":"Colombia","link":"https:\/\/www.boyacaleinforma.com\/?cat=9"},{"label":"&#8216;Aqu\u00ed nadie se acobarda&#8217;","link":"https:\/\/www.boyacaleinforma.com\/?p=46110"}],"_links":{"self":[{"href":"https:\/\/www.boyacaleinforma.com\/index.php?rest_route=\/wp\/v2\/posts\/46110","targetHints":{"allow":["GET"]}}],"collection":[{"href":"https:\/\/www.boyacaleinforma.com\/index.php?rest_route=\/wp\/v2\/posts"}],"about":[{"href":"https:\/\/www.boyacaleinforma.com\/index.php?rest_route=\/wp\/v2\/types\/post"}],"author":[{"embeddable":true,"href":"https:\/\/www.boyacaleinforma.com\/index.php?rest_route=\/wp\/v2\/users\/1"}],"replies":[{"embeddable":true,"href":"https:\/\/www.boyacaleinforma.com\/index.php?rest_route=%2Fwp%2Fv2%2Fcomments&post=46110"}],"version-history":[{"count":1,"href":"https:\/\/www.boyacaleinforma.com\/index.php?rest_route=\/wp\/v2\/posts\/46110\/revisions"}],"predecessor-version":[{"id":46111,"href":"https:\/\/www.boyacaleinforma.com\/index.php?rest_route=\/wp\/v2\/posts\/46110\/revisions\/46111"}],"wp:featuredmedia":[{"embeddable":true,"href":"https:\/\/www.boyacaleinforma.com\/index.php?rest_route=\/wp\/v2\/media\/46098"}],"wp:attachment":[{"href":"https:\/\/www.boyacaleinforma.com\/index.php?rest_route=%2Fwp%2Fv2%2Fmedia&parent=46110"}],"wp:term":[{"taxonomy":"category","embeddable":true,"href":"https:\/\/www.boyacaleinforma.com\/index.php?rest_route=%2Fwp%2Fv2%2Fcategories&post=46110"},{"taxonomy":"post_tag","embeddable":true,"href":"https:\/\/www.boyacaleinforma.com\/index.php?rest_route=%2Fwp%2Fv2%2Ftags&post=46110"}],"curies":[{"name":"wp","href":"https:\/\/api.w.org\/{rel}","templated":true}]}}