{"id":46121,"date":"2026-09-02T22:34:44","date_gmt":"2026-09-03T03:34:44","guid":{"rendered":"https:\/\/www.boyacaleinforma.com\/?p=46121"},"modified":"2026-09-02T22:57:13","modified_gmt":"2026-09-03T03:57:13","slug":"el-papa-leon-xiv-conversa-con-el-presidente-de-la-espriella-y-reitera-su-apoyo-a-colombia-tras-el-terremoto","status":"publish","type":"post","link":"https:\/\/www.boyacaleinforma.com\/?p=46121","title":{"rendered":"El Papa Le\u00f3n XIV conversa con el presidente De la Espriella y reitera su apoyo a Colombia tras el terremoto"},"content":{"rendered":"\n<p class=\"wp-block-paragraph\">El presidente de la Rep\u00fablica, Abelardo de la Espriella, sostuvo este mi\u00e9rcoles una conversaci\u00f3n telef\u00f3nica con el papa Le\u00f3n XIV, en la que el Sumo Pont\u00edfice reiter\u00f3 su solidaridad con las personas afectadas por el terremoto de magnitud 7,4 que sacudi\u00f3 el centro y suroeste de Colombia el pasado 10 de agosto.<br><br>Seg\u00fan inform\u00f3 la oficina de prensa de la Santa Sede, durante el di\u00e1logo el Papa manifest\u00f3 su cercan\u00eda con las familias de los fallecidos, los heridos, los equipos de rescate y el personal humanitario que ha trabajado en la atenci\u00f3n de la emergencia. Adem\u00e1s, el Santo Padre y el mandatario colombiano abordaron la situaci\u00f3n general del pa\u00eds y el panorama de las regiones m\u00e1s golpeadas por el sismo.<br><br>El terremoto del 10 de agosto dej\u00f3 un saldo de 331 personas fallecidas, 4.449 heridas y cerca de 406.963 damnificadas, de acuerdo con las cifras m\u00e1s recientes reportadas por las autoridades. Desde el d\u00eda del desastre, el papa Le\u00f3n XIV se ha pronunciado en varias ocasiones sobre la tragedia, incluida una donaci\u00f3n inicial de 100.000 euros canalizada a trav\u00e9s de la Conferencia Episcopal de Colombia para atender las necesidades m\u00e1s urgentes de las comunidades afectadas.<br><br>La comunicaci\u00f3n entre el Vaticano y la Casa de Nari\u00f1o se da en medio de las labores de reconstrucci\u00f3n que adelanta el Gobierno Nacional en las zonas impactadas por el sismo, uno de los m\u00e1s fuertes registrados en el pa\u00eds en las \u00faltimas d\u00e9cadas.<\/p>\n","protected":false},"excerpt":{"rendered":"<p>El presidente de la Rep\u00fablica, Abelardo de la Espriella, sostuvo este mi\u00e9rcoles una conversaci\u00f3n telef\u00f3nica con el papa<\/p>\n","protected":false},"author":1,"featured_media":46115,"comment_status":"open","ping_status":"open","sticky":false,"template":"","format":"standard","meta":{"om_disable_all_campaigns":false,"_monsterinsights_skip_tracking":false,"footnotes":""},"categories":[9],"tags":[10],"class_list":["post-46121","post","type-post","status-publish","format-standard","has-post-thumbnail","hentry","category-colombia","tag-noticias"],"aioseo_notices":[],"aioseo_head":"\n\t\t<!-- All in One SEO 5.0.1.1 - aioseo.com -->\n\t<meta name=\"description\" content=\"El presidente de la Rep\u00fablica, Abelardo de la Espriella, sostuvo este mi\u00e9rcoles una conversaci\u00f3n telef\u00f3nica con el papa Le\u00f3n XIV, en la que el Sumo Pont\u00edfice reiter\u00f3 su solidaridad con las personas afectadas por el terremoto de magnitud 7,4 que sacudi\u00f3 el centro y suroeste de Colombia el pasado 10 de agosto.Seg\u00fan inform\u00f3 la oficina\" \/>\n\t<meta name=\"robots\" content=\"max-image-preview:large\" \/>\n\t<meta name=\"author\" content=\"Lorena\"\/>\n\t<link rel=\"canonical\" href=\"https:\/\/www.boyacaleinforma.com\/?p=46121\" \/>\n\t<meta name=\"generator\" content=\"All in One SEO (AIOSEO) 5.0.1.1\" \/>\n\t\t<meta property=\"og:locale\" content=\"es_ES\" \/>\n\t\t<meta property=\"og:site_name\" content=\"Boyac\u00e1 Le Informa - Nosotros informamos, usted elige el punto de vista\" \/>\n\t\t<meta property=\"og:type\" content=\"article\" \/>\n\t\t<meta property=\"og:title\" content=\"El Papa Le\u00f3n XIV conversa con el presidente De la Espriella y reitera su apoyo a Colombia tras el terremoto - Boyac\u00e1 Le Informa\" \/>\n\t\t<meta property=\"og:description\" content=\"El presidente de la Rep\u00fablica, Abelardo de la Espriella, sostuvo este mi\u00e9rcoles una conversaci\u00f3n telef\u00f3nica con el papa Le\u00f3n XIV, en la que el Sumo Pont\u00edfice reiter\u00f3 su solidaridad con las personas afectadas por el terremoto de magnitud 7,4 que sacudi\u00f3 el centro y suroeste de Colombia el pasado 10 de agosto.Seg\u00fan inform\u00f3 la oficina\" \/>\n\t\t<meta property=\"og:url\" content=\"https:\/\/www.boyacaleinforma.com\/?p=46121\" \/>\n\t\t<meta property=\"og:image\" content=\"https:\/\/www.boyacaleinforma.com\/wp-content\/uploads\/2023\/01\/cropped-boyca-le-informa-png.png\" \/>\n\t\t<meta property=\"og:image:secure_url\" content=\"https:\/\/www.boyacaleinforma.com\/wp-content\/uploads\/2023\/01\/cropped-boyca-le-informa-png.png\" \/>\n\t\t<meta property=\"og:image:width\" content=\"1201\" \/>\n\t\t<meta property=\"og:image:height\" content=\"830\" \/>\n\t\t<meta property=\"article:published_time\" content=\"2026-09-03T03:34:44+00:00\" \/>\n\t\t<meta property=\"article:modified_time\" content=\"2026-09-03T03:57:13+00:00\" \/>\n\t\t<meta property=\"article:publisher\" content=\"https:\/\/facebook.com\/Boyac\u00e1 Le Informa\" \/>\n\t\t<meta name=\"twitter:card\" content=\"summary_large_image\" \/>\n\t\t<meta name=\"twitter:site\" content=\"@Boyac\u00e1%20Le%20Informa\" \/>\n\t\t<meta name=\"twitter:title\" content=\"El Papa Le\u00f3n XIV conversa con el presidente De la Espriella y reitera su apoyo a Colombia tras el terremoto - Boyac\u00e1 Le Informa\" \/>\n\t\t<meta name=\"twitter:description\" content=\"El presidente de la Rep\u00fablica, Abelardo de la Espriella, sostuvo este mi\u00e9rcoles una conversaci\u00f3n telef\u00f3nica con el papa Le\u00f3n XIV, en la que el Sumo Pont\u00edfice reiter\u00f3 su solidaridad con las personas afectadas por el terremoto de magnitud 7,4 que sacudi\u00f3 el centro y suroeste de Colombia el pasado 10 de agosto.Seg\u00fan inform\u00f3 la oficina\" \/>\n\t\t<meta name=\"twitter:creator\" content=\"@Boyac\u00e1%20Le%20Informa\" \/>\n\t\t<meta name=\"twitter:image\" content=\"https:\/\/www.boyacaleinforma.com\/wp-content\/uploads\/2023\/01\/cropped-boyca-le-informa-png.png\" \/>\n\t\t<script type=\"application\/ld+json\" class=\"aioseo-schema\">\n\t\t\t{\"@context\":\"https:\\\/\\\/schema.org\",\"@graph\":[{\"@type\":\"BlogPosting\",\"@id\":\"https:\\\/\\\/www.boyacaleinforma.com\\\/?p=46121#blogposting\",\"name\":\"El Papa Le\\u00f3n XIV conversa con el presidente De la Espriella y reitera su apoyo a Colombia tras el terremoto - Boyac\\u00e1 Le Informa\",\"headline\":\"El Papa Le\\u00f3n XIV conversa con el presidente De la Espriella y reitera su apoyo a Colombia tras el terremoto\",\"author\":{\"@id\":\"https:\\\/\\\/www.boyacaleinforma.com\\\/?author=1#author\"},\"publisher\":{\"@id\":\"https:\\\/\\\/www.boyacaleinforma.com\\\/#organization\"},\"image\":{\"@type\":\"ImageObject\",\"url\":\"https:\\\/\\\/www.boyacaleinforma.com\\\/wp-content\\\/uploads\\\/2026\\\/09\\\/Minuto-60.jpg\",\"width\":1200,\"height\":630},\"datePublished\":\"2026-09-02T22:34:44-05:00\",\"dateModified\":\"2026-09-02T22:57:13-05:00\",\"inLanguage\":\"es-ES\",\"mainEntityOfPage\":{\"@id\":\"https:\\\/\\\/www.boyacaleinforma.com\\\/?p=46121#webpage\"},\"isPartOf\":{\"@id\":\"https:\\\/\\\/www.boyacaleinforma.com\\\/?p=46121#webpage\"},\"articleSection\":\"Colombia, Noticias\"},{\"@type\":\"BreadcrumbList\",\"@id\":\"https:\\\/\\\/www.boyacaleinforma.com\\\/?p=46121#breadcrumblist\",\"itemListElement\":[{\"@type\":\"ListItem\",\"@id\":\"https:\\\/\\\/www.boyacaleinforma.com#listItem\",\"position\":1,\"name\":\"Home\",\"item\":\"https:\\\/\\\/www.boyacaleinforma.com\",\"nextItem\":{\"@type\":\"ListItem\",\"@id\":\"https:\\\/\\\/www.boyacaleinforma.com\\\/?cat=9#listItem\",\"name\":\"Colombia\"}},{\"@type\":\"ListItem\",\"@id\":\"https:\\\/\\\/www.boyacaleinforma.com\\\/?cat=9#listItem\",\"position\":2,\"name\":\"Colombia\",\"item\":\"https:\\\/\\\/www.boyacaleinforma.com\\\/?cat=9\",\"nextItem\":{\"@type\":\"ListItem\",\"@id\":\"https:\\\/\\\/www.boyacaleinforma.com\\\/?p=46121#listItem\",\"name\":\"El Papa Le\\u00f3n XIV conversa con el presidente De la Espriella y reitera su apoyo a Colombia tras el terremoto\"},\"previousItem\":{\"@type\":\"ListItem\",\"@id\":\"https:\\\/\\\/www.boyacaleinforma.com#listItem\",\"name\":\"Home\"}},{\"@type\":\"ListItem\",\"@id\":\"https:\\\/\\\/www.boyacaleinforma.com\\\/?p=46121#listItem\",\"position\":3,\"name\":\"El Papa Le\\u00f3n XIV conversa con el presidente De la Espriella y reitera su apoyo a Colombia tras el terremoto\",\"previousItem\":{\"@type\":\"ListItem\",\"@id\":\"https:\\\/\\\/www.boyacaleinforma.com\\\/?cat=9#listItem\",\"name\":\"Colombia\"}}]},{\"@type\":\"Organization\",\"@id\":\"https:\\\/\\\/www.boyacaleinforma.com\\\/#organization\",\"name\":\"Boyac\\u00e1 Le Informa\",\"description\":\"Nosotros informamos, usted elige el punto de vista\",\"url\":\"https:\\\/\\\/www.boyacaleinforma.com\\\/\",\"logo\":{\"@type\":\"ImageObject\",\"url\":\"https:\\\/\\\/www.boyacaleinforma.com\\\/wp-content\\\/uploads\\\/2023\\\/11\\\/WhatsApp-Image-2023-01-16-at-8.43.37-PM.jpeg\",\"@id\":\"https:\\\/\\\/www.boyacaleinforma.com\\\/?p=46121\\\/#organizationLogo\",\"width\":1201,\"height\":830},\"image\":{\"@id\":\"https:\\\/\\\/www.boyacaleinforma.com\\\/?p=46121\\\/#organizationLogo\"},\"sameAs\":[\"https:\\\/\\\/facebook.com\\\/Boyac\\u00e1 Le Informa\",\"https:\\\/\\\/x.com\\\/Boyac\\u00e1 Le Informa\",\"https:\\\/\\\/instagram.com\\\/Boyac\\u00e1 Le Informa\",\"https:\\\/\\\/pinterest.com\\\/Boyac\\u00e1 Le Informa\",\"https:\\\/\\\/youtube.com\\\/Boyac\\u00e1 Le Informa\",\"https:\\\/\\\/linkedin.com\\\/in\\\/Boyac\\u00e1 Le Informa\"]},{\"@type\":\"Person\",\"@id\":\"https:\\\/\\\/www.boyacaleinforma.com\\\/?author=1#author\",\"url\":\"https:\\\/\\\/www.boyacaleinforma.com\\\/?author=1\",\"name\":\"Lorena\",\"image\":{\"@type\":\"ImageObject\",\"@id\":\"https:\\\/\\\/www.boyacaleinforma.com\\\/?p=46121#authorImage\",\"url\":\"https:\\\/\\\/secure.gravatar.com\\\/avatar\\\/7ff34fbccee2466596270b966ef097be212f54fd0df5cd4afb0c375c83169e45?s=96&d=mm&r=g\",\"width\":96,\"height\":96,\"caption\":\"Lorena\"}},{\"@type\":\"WebPage\",\"@id\":\"https:\\\/\\\/www.boyacaleinforma.com\\\/?p=46121#webpage\",\"url\":\"https:\\\/\\\/www.boyacaleinforma.com\\\/?p=46121\",\"name\":\"El Papa Le\\u00f3n XIV conversa con el presidente De la Espriella y reitera su apoyo a Colombia tras el terremoto - Boyac\\u00e1 Le Informa\",\"description\":\"El presidente de la Rep\\u00fablica, Abelardo de la Espriella, sostuvo este mi\\u00e9rcoles una conversaci\\u00f3n telef\\u00f3nica con el papa Le\\u00f3n XIV, en la que el Sumo Pont\\u00edfice reiter\\u00f3 su solidaridad con las personas afectadas por el terremoto de magnitud 7,4 que sacudi\\u00f3 el centro y suroeste de Colombia el pasado 10 de agosto.Seg\\u00fan inform\\u00f3 la oficina\",\"inLanguage\":\"es-ES\",\"isPartOf\":{\"@id\":\"https:\\\/\\\/www.boyacaleinforma.com\\\/#website\"},\"breadcrumb\":{\"@id\":\"https:\\\/\\\/www.boyacaleinforma.com\\\/?p=46121#breadcrumblist\"},\"author\":{\"@id\":\"https:\\\/\\\/www.boyacaleinforma.com\\\/?author=1#author\"},\"creator\":{\"@id\":\"https:\\\/\\\/www.boyacaleinforma.com\\\/?author=1#author\"},\"image\":{\"@type\":\"ImageObject\",\"url\":\"https:\\\/\\\/www.boyacaleinforma.com\\\/wp-content\\\/uploads\\\/2026\\\/09\\\/Minuto-60.jpg\",\"@id\":\"https:\\\/\\\/www.boyacaleinforma.com\\\/?p=46121\\\/#mainImage\",\"width\":1200,\"height\":630},\"primaryImageOfPage\":{\"@id\":\"https:\\\/\\\/www.boyacaleinforma.com\\\/?p=46121#mainImage\"},\"datePublished\":\"2026-09-02T22:34:44-05:00\",\"dateModified\":\"2026-09-02T22:57:13-05:00\"},{\"@type\":\"WebSite\",\"@id\":\"https:\\\/\\\/www.boyacaleinforma.com\\\/#website\",\"url\":\"https:\\\/\\\/www.boyacaleinforma.com\\\/\",\"name\":\"Boyac\\u00e1 Le Informa\",\"description\":\"Nosotros informamos, usted elige el punto de vista\",\"inLanguage\":\"es-ES\",\"publisher\":{\"@id\":\"https:\\\/\\\/www.boyacaleinforma.com\\\/#organization\"}}]}\n\t\t<\/script>\n\t\t<!-- All in One SEO -->\n\n","aioseo_head_json":{"title":"El Papa Le\u00f3n XIV conversa con el presidente De la Espriella y reitera su apoyo a Colombia tras el terremoto - Boyac\u00e1 Le Informa","description":"El presidente de la Rep\u00fablica, Abelardo de la Espriella, sostuvo este mi\u00e9rcoles una conversaci\u00f3n telef\u00f3nica con el papa Le\u00f3n XIV, en la que el Sumo Pont\u00edfice reiter\u00f3 su solidaridad con las personas afectadas por el terremoto de magnitud 7,4 que sacudi\u00f3 el centro y suroeste de Colombia el pasado 10 de agosto.Seg\u00fan inform\u00f3 la oficina","canonical_url":"https:\/\/www.boyacaleinforma.com\/?p=46121","robots":"max-image-preview:large","keywords":"","webmasterTools":{"miscellaneous":""},"schema":{"@context":"https:\/\/schema.org","@graph":[{"@type":"BlogPosting","@id":"https:\/\/www.boyacaleinforma.com\/?p=46121#blogposting","name":"El Papa Le\u00f3n XIV conversa con el presidente De la Espriella y reitera su apoyo a Colombia tras el terremoto - Boyac\u00e1 Le Informa","headline":"El Papa Le\u00f3n XIV conversa con el presidente De la Espriella y reitera su apoyo a Colombia tras el terremoto","author":{"@id":"https:\/\/www.boyacaleinforma.com\/?author=1#author"},"publisher":{"@id":"https:\/\/www.boyacaleinforma.com\/#organization"},"image":{"@type":"ImageObject","url":"https:\/\/www.boyacaleinforma.com\/wp-content\/uploads\/2026\/09\/Minuto-60.jpg","width":1200,"height":630},"datePublished":"2026-09-02T22:34:44-05:00","dateModified":"2026-09-02T22:57:13-05:00","inLanguage":"es-ES","mainEntityOfPage":{"@id":"https:\/\/www.boyacaleinforma.com\/?p=46121#webpage"},"isPartOf":{"@id":"https:\/\/www.boyacaleinforma.com\/?p=46121#webpage"},"articleSection":"Colombia, Noticias"},{"@type":"BreadcrumbList","@id":"https:\/\/www.boyacaleinforma.com\/?p=46121#breadcrumblist","itemListElement":[{"@type":"ListItem","@id":"https:\/\/www.boyacaleinforma.com#listItem","position":1,"name":"Home","item":"https:\/\/www.boyacaleinforma.com","nextItem":{"@type":"ListItem","@id":"https:\/\/www.boyacaleinforma.com\/?cat=9#listItem","name":"Colombia"}},{"@type":"ListItem","@id":"https:\/\/www.boyacaleinforma.com\/?cat=9#listItem","position":2,"name":"Colombia","item":"https:\/\/www.boyacaleinforma.com\/?cat=9","nextItem":{"@type":"ListItem","@id":"https:\/\/www.boyacaleinforma.com\/?p=46121#listItem","name":"El Papa Le\u00f3n XIV conversa con el presidente De la Espriella y reitera su apoyo a Colombia tras el terremoto"},"previousItem":{"@type":"ListItem","@id":"https:\/\/www.boyacaleinforma.com#listItem","name":"Home"}},{"@type":"ListItem","@id":"https:\/\/www.boyacaleinforma.com\/?p=46121#listItem","position":3,"name":"El Papa Le\u00f3n XIV conversa con el presidente De la Espriella y reitera su apoyo a Colombia tras el terremoto","previousItem":{"@type":"ListItem","@id":"https:\/\/www.boyacaleinforma.com\/?cat=9#listItem","name":"Colombia"}}]},{"@type":"Organization","@id":"https:\/\/www.boyacaleinforma.com\/#organization","name":"Boyac\u00e1 Le Informa","description":"Nosotros informamos, usted elige el punto de vista","url":"https:\/\/www.boyacaleinforma.com\/","logo":{"@type":"ImageObject","url":"https:\/\/www.boyacaleinforma.com\/wp-content\/uploads\/2023\/11\/WhatsApp-Image-2023-01-16-at-8.43.37-PM.jpeg","@id":"https:\/\/www.boyacaleinforma.com\/?p=46121\/#organizationLogo","width":1201,"height":830},"image":{"@id":"https:\/\/www.boyacaleinforma.com\/?p=46121\/#organizationLogo"},"sameAs":["https:\/\/facebook.com\/Boyac\u00e1 Le Informa","https:\/\/x.com\/Boyac\u00e1 Le Informa","https:\/\/instagram.com\/Boyac\u00e1 Le Informa","https:\/\/pinterest.com\/Boyac\u00e1 Le Informa","https:\/\/youtube.com\/Boyac\u00e1 Le Informa","https:\/\/linkedin.com\/in\/Boyac\u00e1 Le Informa"]},{"@type":"Person","@id":"https:\/\/www.boyacaleinforma.com\/?author=1#author","url":"https:\/\/www.boyacaleinforma.com\/?author=1","name":"Lorena","image":{"@type":"ImageObject","@id":"https:\/\/www.boyacaleinforma.com\/?p=46121#authorImage","url":"https:\/\/secure.gravatar.com\/avatar\/7ff34fbccee2466596270b966ef097be212f54fd0df5cd4afb0c375c83169e45?s=96&d=mm&r=g","width":96,"height":96,"caption":"Lorena"}},{"@type":"WebPage","@id":"https:\/\/www.boyacaleinforma.com\/?p=46121#webpage","url":"https:\/\/www.boyacaleinforma.com\/?p=46121","name":"El Papa Le\u00f3n XIV conversa con el presidente De la Espriella y reitera su apoyo a Colombia tras el terremoto - Boyac\u00e1 Le Informa","description":"El presidente de la Rep\u00fablica, Abelardo de la Espriella, sostuvo este mi\u00e9rcoles una conversaci\u00f3n telef\u00f3nica con el papa Le\u00f3n XIV, en la que el Sumo Pont\u00edfice reiter\u00f3 su solidaridad con las personas afectadas por el terremoto de magnitud 7,4 que sacudi\u00f3 el centro y suroeste de Colombia el pasado 10 de agosto.Seg\u00fan inform\u00f3 la oficina","inLanguage":"es-ES","isPartOf":{"@id":"https:\/\/www.boyacaleinforma.com\/#website"},"breadcrumb":{"@id":"https:\/\/www.boyacaleinforma.com\/?p=46121#breadcrumblist"},"author":{"@id":"https:\/\/www.boyacaleinforma.com\/?author=1#author"},"creator":{"@id":"https:\/\/www.boyacaleinforma.com\/?author=1#author"},"image":{"@type":"ImageObject","url":"https:\/\/www.boyacaleinforma.com\/wp-content\/uploads\/2026\/09\/Minuto-60.jpg","@id":"https:\/\/www.boyacaleinforma.com\/?p=46121\/#mainImage","width":1200,"height":630},"primaryImageOfPage":{"@id":"https:\/\/www.boyacaleinforma.com\/?p=46121#mainImage"},"datePublished":"2026-09-02T22:34:44-05:00","dateModified":"2026-09-02T22:57:13-05:00"},{"@type":"WebSite","@id":"https:\/\/www.boyacaleinforma.com\/#website","url":"https:\/\/www.boyacaleinforma.com\/","name":"Boyac\u00e1 Le Informa","description":"Nosotros informamos, usted elige el punto de vista","inLanguage":"es-ES","publisher":{"@id":"https:\/\/www.boyacaleinforma.com\/#organization"}}]},"og:locale":"es_ES","og:site_name":"Boyac\u00e1 Le Informa - Nosotros informamos, usted elige el punto de vista","og:type":"article","og:title":"El Papa Le\u00f3n XIV conversa con el presidente De la Espriella y reitera su apoyo a Colombia tras el terremoto - Boyac\u00e1 Le Informa","og:description":"El presidente de la Rep\u00fablica, Abelardo de la Espriella, sostuvo este mi\u00e9rcoles una conversaci\u00f3n telef\u00f3nica con el papa Le\u00f3n XIV, en la que el Sumo Pont\u00edfice reiter\u00f3 su solidaridad con las personas afectadas por el terremoto de magnitud 7,4 que sacudi\u00f3 el centro y suroeste de Colombia el pasado 10 de agosto.Seg\u00fan inform\u00f3 la oficina","og:url":"https:\/\/www.boyacaleinforma.com\/?p=46121","og:image":"https:\/\/www.boyacaleinforma.com\/wp-content\/uploads\/2023\/01\/cropped-boyca-le-informa-png.png","og:image:secure_url":"https:\/\/www.boyacaleinforma.com\/wp-content\/uploads\/2023\/01\/cropped-boyca-le-informa-png.png","og:image:width":1201,"og:image:height":830,"article:published_time":"2026-09-03T03:34:44+00:00","article:modified_time":"2026-09-03T03:57:13+00:00","article:publisher":"https:\/\/facebook.com\/Boyac\u00e1 Le Informa","twitter:card":"summary_large_image","twitter:site":"@Boyac\u00e1%20Le%20Informa","twitter:title":"El Papa Le\u00f3n XIV conversa con el presidente De la Espriella y reitera su apoyo a Colombia tras el terremoto - Boyac\u00e1 Le Informa","twitter:description":"El presidente de la Rep\u00fablica, Abelardo de la Espriella, sostuvo este mi\u00e9rcoles una conversaci\u00f3n telef\u00f3nica con el papa Le\u00f3n XIV, en la que el Sumo Pont\u00edfice reiter\u00f3 su solidaridad con las personas afectadas por el terremoto de magnitud 7,4 que sacudi\u00f3 el centro y suroeste de Colombia el pasado 10 de agosto.Seg\u00fan inform\u00f3 la oficina","twitter:creator":"@Boyac\u00e1%20Le%20Informa","twitter:image":"https:\/\/www.boyacaleinforma.com\/wp-content\/uploads\/2023\/01\/cropped-boyca-le-informa-png.png"},"aioseo_meta_data":{"post_id":"46121","title":null,"description":null,"keywords":null,"keyphrases":{"focus":{"keyphrase":"","score":0,"analysis":{"keyphraseInTitle":{"score":0,"maxScore":9,"error":1}}},"additional":[]},"primary_term":null,"canonical_url":null,"og_title":null,"og_description":null,"og_object_type":"default","og_image_type":"default","og_image_url":null,"og_image_width":null,"og_image_height":null,"og_image_custom_url":null,"og_image_custom_fields":null,"og_video":"","og_custom_url":null,"og_article_section":null,"og_article_tags":null,"twitter_use_og":false,"twitter_card":"default","twitter_image_type":"default","twitter_image_url":null,"twitter_image_custom_url":null,"twitter_image_custom_fields":null,"twitter_title":null,"twitter_description":null,"schema":{"blockGraphs":[],"customGraphs":[],"default":{"data":{"Article":[],"Course":[],"Dataset":[],"FAQPage":[],"Movie":[],"Person":[],"Product":[],"ProductReview":[],"Car":[],"Recipe":[],"Service":[],"SoftwareApplication":[],"WebPage":[]},"graphName":"BlogPosting","isEnabled":true},"graphs":[]},"schema_type":"default","schema_type_options":null,"pillar_content":false,"robots_default":true,"robots_noindex":false,"robots_noarchive":false,"robots_nosnippet":false,"robots_nofollow":false,"robots_noimageindex":false,"robots_noodp":false,"robots_notranslate":false,"robots_max_snippet":"-1","robots_max_videopreview":"-1","robots_max_imagepreview":"large","priority":null,"frequency":"default","local_seo":null,"breadcrumb_settings":null,"limit_modified_date":false,"ai":{"faqs":[],"keyPoints":[],"schemas":[],"titles":[],"descriptions":[],"socialPosts":{"email":{"subject":"","preview":"","content":""},"linkedin":[],"twitter":[],"facebook":[],"instagram":[]}},"created":"2026-09-03 03:34:52","updated":"2026-09-03 03:57:14","seo_analyzer_scan_date":null,"focus_keyword":null,"additional_keywords":null,"truseo_locale":null},"aioseo_breadcrumb":"<div class=\"aioseo-breadcrumbs\"><span class=\"aioseo-breadcrumb\">\n\t\t\t<a href=\"https:\/\/www.boyacaleinforma.com\" title=\"Home\">Home<\/a>\n\t\t<\/span><span class=\"aioseo-breadcrumb-separator\">&raquo;<\/span><span class=\"aioseo-breadcrumb\">\n\t\t\t<a href=\"https:\/\/www.boyacaleinforma.com\/?cat=9\" title=\"Colombia\">Colombia<\/a>\n\t\t<\/span><span class=\"aioseo-breadcrumb-separator\">&raquo;<\/span><span class=\"aioseo-breadcrumb\">\n\t\t\tEl Papa Le\u00f3n XIV conversa con el presidente De la Espriella y reitera su apoyo a Colombia tras el terremoto\n\t\t<\/span><\/div>","aioseo_breadcrumb_json":[{"label":"Home","link":"https:\/\/www.boyacaleinforma.com"},{"label":"Colombia","link":"https:\/\/www.boyacaleinforma.com\/?cat=9"},{"label":"El Papa Le\u00f3n XIV conversa con el presidente De la Espriella y reitera su apoyo a Colombia tras el terremoto","link":"https:\/\/www.boyacaleinforma.com\/?p=46121"}],"_links":{"self":[{"href":"https:\/\/www.boyacaleinforma.com\/index.php?rest_route=\/wp\/v2\/posts\/46121","targetHints":{"allow":["GET"]}}],"collection":[{"href":"https:\/\/www.boyacaleinforma.com\/index.php?rest_route=\/wp\/v2\/posts"}],"about":[{"href":"https:\/\/www.boyacaleinforma.com\/index.php?rest_route=\/wp\/v2\/types\/post"}],"author":[{"embeddable":true,"href":"https:\/\/www.boyacaleinforma.com\/index.php?rest_route=\/wp\/v2\/users\/1"}],"replies":[{"embeddable":true,"href":"https:\/\/www.boyacaleinforma.com\/index.php?rest_route=%2Fwp%2Fv2%2Fcomments&post=46121"}],"version-history":[{"count":1,"href":"https:\/\/www.boyacaleinforma.com\/index.php?rest_route=\/wp\/v2\/posts\/46121\/revisions"}],"predecessor-version":[{"id":46122,"href":"https:\/\/www.boyacaleinforma.com\/index.php?rest_route=\/wp\/v2\/posts\/46121\/revisions\/46122"}],"wp:featuredmedia":[{"embeddable":true,"href":"https:\/\/www.boyacaleinforma.com\/index.php?rest_route=\/wp\/v2\/media\/46115"}],"wp:attachment":[{"href":"https:\/\/www.boyacaleinforma.com\/index.php?rest_route=%2Fwp%2Fv2%2Fmedia&parent=46121"}],"wp:term":[{"taxonomy":"category","embeddable":true,"href":"https:\/\/www.boyacaleinforma.com\/index.php?rest_route=%2Fwp%2Fv2%2Fcategories&post=46121"},{"taxonomy":"post_tag","embeddable":true,"href":"https:\/\/www.boyacaleinforma.com\/index.php?rest_route=%2Fwp%2Fv2%2Ftags&post=46121"}],"curies":[{"name":"wp","href":"https:\/\/api.w.org\/{rel}","templated":true}]}}