{"id":46123,"date":"2026-09-02T22:37:25","date_gmt":"2026-09-03T03:37:25","guid":{"rendered":"https:\/\/www.boyacaleinforma.com\/?p=46123"},"modified":"2026-09-02T22:56:53","modified_gmt":"2026-09-03T03:56:53","slug":"cambio-de-planes-ficc-2026-cancela-lanzamiento-en-el-movistar-arena-y-desfile-inaugural-por-riesgo-de-el-nino","status":"publish","type":"post","link":"https:\/\/www.boyacaleinforma.com\/?p=46123","title":{"rendered":"Cambio de planes: FICC 2026 cancela lanzamiento en el Movistar Arena y desfile inaugural por riesgo de El Ni\u00f1o"},"content":{"rendered":"\n<p class=\"wp-block-paragraph\">El Gobierno departamental de Boyac\u00e1 anunci\u00f3 este mi\u00e9rcoles modificaciones en la programaci\u00f3n del Festival Internacional de la Cultura Campesina (FICC) 2026, ante el aumento del riesgo generado por el fen\u00f3meno de El Ni\u00f1o en el territorio boyacense.<br><br>El gobernador Carlos Amaya Rodr\u00edguez inform\u00f3 que este a\u00f1o no se realizar\u00e1n los eventos de gran formato que estaban previstos, entre ellos el lanzamiento oficial en el Movistar Arena de Bogot\u00e1, el desfile inaugural que iba a trasladarse a Duitama y las actividades masivas contempladas en el estadio La Independencia de Tunja.<br><br>La decisi\u00f3n responde a la situaci\u00f3n cr\u00edtica que enfrenta el departamento por cuenta del desabastecimiento de agua, que afecta a m\u00e1s de 80 localidades, y al incremento de los incendios forestales: en los \u00faltimos 30 d\u00edas se registraron 26 eventos de este tipo, con cerca de 150 hect\u00e1reas afectadas.<br><br>El mandatario explic\u00f3 que los recursos presupuestales, administrativos y humanos que normalmente se destinar\u00edan a los grandes eventos ser\u00e1n redirigidos a la prevenci\u00f3n y atenci\u00f3n de los efectos del fen\u00f3meno clim\u00e1tico, priorizando el suministro de agua a la poblaci\u00f3n.<br><br>Pese a los ajustes, la Gobernaci\u00f3n asegur\u00f3 que el festival conservar\u00e1 su esencia cultural y mantendr\u00e1 una programaci\u00f3n con conciertos de artistas locales, obras de teatro, exposiciones y otros encuentros art\u00edsticos en los municipios de Boyac\u00e1, entre el 2 y el 12 de octubre.<br><br>Finalmente, Amaya hizo un llamado a los organismos de socorro y entidades ambientales, entre ellos los cuerpos de bomberos, la Polic\u00eda, la Defensa Civil, las Corporaciones Aut\u00f3nomas Regionales, la Primera Brigada del Ej\u00e9rcito y la Cruz Roja, para trabajar de manera articulada frente a la emergencia clim\u00e1tica que se avecina en el departamento.<\/p>\n","protected":false},"excerpt":{"rendered":"<p>El Gobierno departamental de Boyac\u00e1 anunci\u00f3 este mi\u00e9rcoles modificaciones en la programaci\u00f3n del Festival Internacional de la Cultura<\/p>\n","protected":false},"author":1,"featured_media":46116,"comment_status":"open","ping_status":"open","sticky":false,"template":"","format":"standard","meta":{"om_disable_all_campaigns":false,"_monsterinsights_skip_tracking":false,"footnotes":""},"categories":[5],"tags":[10],"class_list":["post-46123","post","type-post","status-publish","format-standard","has-post-thumbnail","hentry","category-boyaca","tag-noticias"],"aioseo_notices":[],"aioseo_head":"\n\t\t<!-- All in One SEO 5.0.1.1 - aioseo.com -->\n\t<meta name=\"description\" content=\"El Gobierno departamental de Boyac\u00e1 anunci\u00f3 este mi\u00e9rcoles modificaciones en la programaci\u00f3n del Festival Internacional de la Cultura Campesina (FICC) 2026, ante el aumento del riesgo generado por el fen\u00f3meno de El Ni\u00f1o en el territorio boyacense.El gobernador Carlos Amaya Rodr\u00edguez inform\u00f3 que este a\u00f1o no se realizar\u00e1n los eventos de gran formato que estaban\" \/>\n\t<meta name=\"robots\" content=\"max-image-preview:large\" \/>\n\t<meta name=\"author\" content=\"Lorena\"\/>\n\t<link rel=\"canonical\" href=\"https:\/\/www.boyacaleinforma.com\/?p=46123\" \/>\n\t<meta name=\"generator\" content=\"All in One SEO (AIOSEO) 5.0.1.1\" \/>\n\t\t<meta property=\"og:locale\" content=\"es_ES\" \/>\n\t\t<meta property=\"og:site_name\" content=\"Boyac\u00e1 Le Informa - Nosotros informamos, usted elige el punto de vista\" \/>\n\t\t<meta property=\"og:type\" content=\"article\" \/>\n\t\t<meta property=\"og:title\" content=\"Cambio de planes: FICC 2026 cancela lanzamiento en el Movistar Arena y desfile inaugural por riesgo de El Ni\u00f1o - Boyac\u00e1 Le Informa\" \/>\n\t\t<meta property=\"og:description\" content=\"El Gobierno departamental de Boyac\u00e1 anunci\u00f3 este mi\u00e9rcoles modificaciones en la programaci\u00f3n del Festival Internacional de la Cultura Campesina (FICC) 2026, ante el aumento del riesgo generado por el fen\u00f3meno de El Ni\u00f1o en el territorio boyacense.El gobernador Carlos Amaya Rodr\u00edguez inform\u00f3 que este a\u00f1o no se realizar\u00e1n los eventos de gran formato que estaban\" \/>\n\t\t<meta property=\"og:url\" content=\"https:\/\/www.boyacaleinforma.com\/?p=46123\" \/>\n\t\t<meta property=\"og:image\" content=\"https:\/\/www.boyacaleinforma.com\/wp-content\/uploads\/2023\/01\/cropped-boyca-le-informa-png.png\" \/>\n\t\t<meta property=\"og:image:secure_url\" content=\"https:\/\/www.boyacaleinforma.com\/wp-content\/uploads\/2023\/01\/cropped-boyca-le-informa-png.png\" \/>\n\t\t<meta property=\"og:image:width\" content=\"1201\" \/>\n\t\t<meta property=\"og:image:height\" content=\"830\" \/>\n\t\t<meta property=\"article:published_time\" content=\"2026-09-03T03:37:25+00:00\" \/>\n\t\t<meta property=\"article:modified_time\" content=\"2026-09-03T03:56:53+00:00\" \/>\n\t\t<meta property=\"article:publisher\" content=\"https:\/\/facebook.com\/Boyac\u00e1 Le Informa\" \/>\n\t\t<meta name=\"twitter:card\" content=\"summary_large_image\" \/>\n\t\t<meta name=\"twitter:site\" content=\"@Boyac\u00e1%20Le%20Informa\" \/>\n\t\t<meta name=\"twitter:title\" content=\"Cambio de planes: FICC 2026 cancela lanzamiento en el Movistar Arena y desfile inaugural por riesgo de El Ni\u00f1o - Boyac\u00e1 Le Informa\" \/>\n\t\t<meta name=\"twitter:description\" content=\"El Gobierno departamental de Boyac\u00e1 anunci\u00f3 este mi\u00e9rcoles modificaciones en la programaci\u00f3n del Festival Internacional de la Cultura Campesina (FICC) 2026, ante el aumento del riesgo generado por el fen\u00f3meno de El Ni\u00f1o en el territorio boyacense.El gobernador Carlos Amaya Rodr\u00edguez inform\u00f3 que este a\u00f1o no se realizar\u00e1n los eventos de gran formato que estaban\" \/>\n\t\t<meta name=\"twitter:creator\" content=\"@Boyac\u00e1%20Le%20Informa\" \/>\n\t\t<meta name=\"twitter:image\" content=\"https:\/\/www.boyacaleinforma.com\/wp-content\/uploads\/2023\/01\/cropped-boyca-le-informa-png.png\" \/>\n\t\t<script type=\"application\/ld+json\" class=\"aioseo-schema\">\n\t\t\t{\"@context\":\"https:\\\/\\\/schema.org\",\"@graph\":[{\"@type\":\"BlogPosting\",\"@id\":\"https:\\\/\\\/www.boyacaleinforma.com\\\/?p=46123#blogposting\",\"name\":\"Cambio de planes: FICC 2026 cancela lanzamiento en el Movistar Arena y desfile inaugural por riesgo de El Ni\\u00f1o - Boyac\\u00e1 Le Informa\",\"headline\":\"Cambio de planes: FICC 2026 cancela lanzamiento en el Movistar Arena y desfile inaugural por riesgo de El Ni\\u00f1o\",\"author\":{\"@id\":\"https:\\\/\\\/www.boyacaleinforma.com\\\/?author=1#author\"},\"publisher\":{\"@id\":\"https:\\\/\\\/www.boyacaleinforma.com\\\/#organization\"},\"image\":{\"@type\":\"ImageObject\",\"url\":\"https:\\\/\\\/www.boyacaleinforma.com\\\/wp-content\\\/uploads\\\/2026\\\/09\\\/Semana.jpeg\",\"width\":1280,\"height\":1280},\"datePublished\":\"2026-09-02T22:37:25-05:00\",\"dateModified\":\"2026-09-02T22:56:53-05:00\",\"inLanguage\":\"es-ES\",\"mainEntityOfPage\":{\"@id\":\"https:\\\/\\\/www.boyacaleinforma.com\\\/?p=46123#webpage\"},\"isPartOf\":{\"@id\":\"https:\\\/\\\/www.boyacaleinforma.com\\\/?p=46123#webpage\"},\"articleSection\":\"Boyac\\u00e1, Noticias\"},{\"@type\":\"BreadcrumbList\",\"@id\":\"https:\\\/\\\/www.boyacaleinforma.com\\\/?p=46123#breadcrumblist\",\"itemListElement\":[{\"@type\":\"ListItem\",\"@id\":\"https:\\\/\\\/www.boyacaleinforma.com#listItem\",\"position\":1,\"name\":\"Home\",\"item\":\"https:\\\/\\\/www.boyacaleinforma.com\",\"nextItem\":{\"@type\":\"ListItem\",\"@id\":\"https:\\\/\\\/www.boyacaleinforma.com\\\/?cat=5#listItem\",\"name\":\"Boyac\\u00e1\"}},{\"@type\":\"ListItem\",\"@id\":\"https:\\\/\\\/www.boyacaleinforma.com\\\/?cat=5#listItem\",\"position\":2,\"name\":\"Boyac\\u00e1\",\"item\":\"https:\\\/\\\/www.boyacaleinforma.com\\\/?cat=5\",\"nextItem\":{\"@type\":\"ListItem\",\"@id\":\"https:\\\/\\\/www.boyacaleinforma.com\\\/?p=46123#listItem\",\"name\":\"Cambio de planes: FICC 2026 cancela lanzamiento en el Movistar Arena y desfile inaugural por riesgo de El Ni\\u00f1o\"},\"previousItem\":{\"@type\":\"ListItem\",\"@id\":\"https:\\\/\\\/www.boyacaleinforma.com#listItem\",\"name\":\"Home\"}},{\"@type\":\"ListItem\",\"@id\":\"https:\\\/\\\/www.boyacaleinforma.com\\\/?p=46123#listItem\",\"position\":3,\"name\":\"Cambio de planes: FICC 2026 cancela lanzamiento en el Movistar Arena y desfile inaugural por riesgo de El Ni\\u00f1o\",\"previousItem\":{\"@type\":\"ListItem\",\"@id\":\"https:\\\/\\\/www.boyacaleinforma.com\\\/?cat=5#listItem\",\"name\":\"Boyac\\u00e1\"}}]},{\"@type\":\"Organization\",\"@id\":\"https:\\\/\\\/www.boyacaleinforma.com\\\/#organization\",\"name\":\"Boyac\\u00e1 Le Informa\",\"description\":\"Nosotros informamos, usted elige el punto de vista\",\"url\":\"https:\\\/\\\/www.boyacaleinforma.com\\\/\",\"logo\":{\"@type\":\"ImageObject\",\"url\":\"https:\\\/\\\/www.boyacaleinforma.com\\\/wp-content\\\/uploads\\\/2023\\\/11\\\/WhatsApp-Image-2023-01-16-at-8.43.37-PM.jpeg\",\"@id\":\"https:\\\/\\\/www.boyacaleinforma.com\\\/?p=46123\\\/#organizationLogo\",\"width\":1201,\"height\":830},\"image\":{\"@id\":\"https:\\\/\\\/www.boyacaleinforma.com\\\/?p=46123\\\/#organizationLogo\"},\"sameAs\":[\"https:\\\/\\\/facebook.com\\\/Boyac\\u00e1 Le Informa\",\"https:\\\/\\\/x.com\\\/Boyac\\u00e1 Le Informa\",\"https:\\\/\\\/instagram.com\\\/Boyac\\u00e1 Le Informa\",\"https:\\\/\\\/pinterest.com\\\/Boyac\\u00e1 Le Informa\",\"https:\\\/\\\/youtube.com\\\/Boyac\\u00e1 Le Informa\",\"https:\\\/\\\/linkedin.com\\\/in\\\/Boyac\\u00e1 Le Informa\"]},{\"@type\":\"Person\",\"@id\":\"https:\\\/\\\/www.boyacaleinforma.com\\\/?author=1#author\",\"url\":\"https:\\\/\\\/www.boyacaleinforma.com\\\/?author=1\",\"name\":\"Lorena\",\"image\":{\"@type\":\"ImageObject\",\"@id\":\"https:\\\/\\\/www.boyacaleinforma.com\\\/?p=46123#authorImage\",\"url\":\"https:\\\/\\\/secure.gravatar.com\\\/avatar\\\/7ff34fbccee2466596270b966ef097be212f54fd0df5cd4afb0c375c83169e45?s=96&d=mm&r=g\",\"width\":96,\"height\":96,\"caption\":\"Lorena\"}},{\"@type\":\"WebPage\",\"@id\":\"https:\\\/\\\/www.boyacaleinforma.com\\\/?p=46123#webpage\",\"url\":\"https:\\\/\\\/www.boyacaleinforma.com\\\/?p=46123\",\"name\":\"Cambio de planes: FICC 2026 cancela lanzamiento en el Movistar Arena y desfile inaugural por riesgo de El Ni\\u00f1o - Boyac\\u00e1 Le Informa\",\"description\":\"El Gobierno departamental de Boyac\\u00e1 anunci\\u00f3 este mi\\u00e9rcoles modificaciones en la programaci\\u00f3n del Festival Internacional de la Cultura Campesina (FICC) 2026, ante el aumento del riesgo generado por el fen\\u00f3meno de El Ni\\u00f1o en el territorio boyacense.El gobernador Carlos Amaya Rodr\\u00edguez inform\\u00f3 que este a\\u00f1o no se realizar\\u00e1n los eventos de gran formato que estaban\",\"inLanguage\":\"es-ES\",\"isPartOf\":{\"@id\":\"https:\\\/\\\/www.boyacaleinforma.com\\\/#website\"},\"breadcrumb\":{\"@id\":\"https:\\\/\\\/www.boyacaleinforma.com\\\/?p=46123#breadcrumblist\"},\"author\":{\"@id\":\"https:\\\/\\\/www.boyacaleinforma.com\\\/?author=1#author\"},\"creator\":{\"@id\":\"https:\\\/\\\/www.boyacaleinforma.com\\\/?author=1#author\"},\"image\":{\"@type\":\"ImageObject\",\"url\":\"https:\\\/\\\/www.boyacaleinforma.com\\\/wp-content\\\/uploads\\\/2026\\\/09\\\/Semana.jpeg\",\"@id\":\"https:\\\/\\\/www.boyacaleinforma.com\\\/?p=46123\\\/#mainImage\",\"width\":1280,\"height\":1280},\"primaryImageOfPage\":{\"@id\":\"https:\\\/\\\/www.boyacaleinforma.com\\\/?p=46123#mainImage\"},\"datePublished\":\"2026-09-02T22:37:25-05:00\",\"dateModified\":\"2026-09-02T22:56:53-05:00\"},{\"@type\":\"WebSite\",\"@id\":\"https:\\\/\\\/www.boyacaleinforma.com\\\/#website\",\"url\":\"https:\\\/\\\/www.boyacaleinforma.com\\\/\",\"name\":\"Boyac\\u00e1 Le Informa\",\"description\":\"Nosotros informamos, usted elige el punto de vista\",\"inLanguage\":\"es-ES\",\"publisher\":{\"@id\":\"https:\\\/\\\/www.boyacaleinforma.com\\\/#organization\"}}]}\n\t\t<\/script>\n\t\t<!-- All in One SEO -->\n\n","aioseo_head_json":{"title":"Cambio de planes: FICC 2026 cancela lanzamiento en el Movistar Arena y desfile inaugural por riesgo de El Ni\u00f1o - Boyac\u00e1 Le Informa","description":"El Gobierno departamental de Boyac\u00e1 anunci\u00f3 este mi\u00e9rcoles modificaciones en la programaci\u00f3n del Festival Internacional de la Cultura Campesina (FICC) 2026, ante el aumento del riesgo generado por el fen\u00f3meno de El Ni\u00f1o en el territorio boyacense.El gobernador Carlos Amaya Rodr\u00edguez inform\u00f3 que este a\u00f1o no se realizar\u00e1n los eventos de gran formato que estaban","canonical_url":"https:\/\/www.boyacaleinforma.com\/?p=46123","robots":"max-image-preview:large","keywords":"","webmasterTools":{"miscellaneous":""},"schema":{"@context":"https:\/\/schema.org","@graph":[{"@type":"BlogPosting","@id":"https:\/\/www.boyacaleinforma.com\/?p=46123#blogposting","name":"Cambio de planes: FICC 2026 cancela lanzamiento en el Movistar Arena y desfile inaugural por riesgo de El Ni\u00f1o - Boyac\u00e1 Le Informa","headline":"Cambio de planes: FICC 2026 cancela lanzamiento en el Movistar Arena y desfile inaugural por riesgo de El Ni\u00f1o","author":{"@id":"https:\/\/www.boyacaleinforma.com\/?author=1#author"},"publisher":{"@id":"https:\/\/www.boyacaleinforma.com\/#organization"},"image":{"@type":"ImageObject","url":"https:\/\/www.boyacaleinforma.com\/wp-content\/uploads\/2026\/09\/Semana.jpeg","width":1280,"height":1280},"datePublished":"2026-09-02T22:37:25-05:00","dateModified":"2026-09-02T22:56:53-05:00","inLanguage":"es-ES","mainEntityOfPage":{"@id":"https:\/\/www.boyacaleinforma.com\/?p=46123#webpage"},"isPartOf":{"@id":"https:\/\/www.boyacaleinforma.com\/?p=46123#webpage"},"articleSection":"Boyac\u00e1, Noticias"},{"@type":"BreadcrumbList","@id":"https:\/\/www.boyacaleinforma.com\/?p=46123#breadcrumblist","itemListElement":[{"@type":"ListItem","@id":"https:\/\/www.boyacaleinforma.com#listItem","position":1,"name":"Home","item":"https:\/\/www.boyacaleinforma.com","nextItem":{"@type":"ListItem","@id":"https:\/\/www.boyacaleinforma.com\/?cat=5#listItem","name":"Boyac\u00e1"}},{"@type":"ListItem","@id":"https:\/\/www.boyacaleinforma.com\/?cat=5#listItem","position":2,"name":"Boyac\u00e1","item":"https:\/\/www.boyacaleinforma.com\/?cat=5","nextItem":{"@type":"ListItem","@id":"https:\/\/www.boyacaleinforma.com\/?p=46123#listItem","name":"Cambio de planes: FICC 2026 cancela lanzamiento en el Movistar Arena y desfile inaugural por riesgo de El Ni\u00f1o"},"previousItem":{"@type":"ListItem","@id":"https:\/\/www.boyacaleinforma.com#listItem","name":"Home"}},{"@type":"ListItem","@id":"https:\/\/www.boyacaleinforma.com\/?p=46123#listItem","position":3,"name":"Cambio de planes: FICC 2026 cancela lanzamiento en el Movistar Arena y desfile inaugural por riesgo de El Ni\u00f1o","previousItem":{"@type":"ListItem","@id":"https:\/\/www.boyacaleinforma.com\/?cat=5#listItem","name":"Boyac\u00e1"}}]},{"@type":"Organization","@id":"https:\/\/www.boyacaleinforma.com\/#organization","name":"Boyac\u00e1 Le Informa","description":"Nosotros informamos, usted elige el punto de vista","url":"https:\/\/www.boyacaleinforma.com\/","logo":{"@type":"ImageObject","url":"https:\/\/www.boyacaleinforma.com\/wp-content\/uploads\/2023\/11\/WhatsApp-Image-2023-01-16-at-8.43.37-PM.jpeg","@id":"https:\/\/www.boyacaleinforma.com\/?p=46123\/#organizationLogo","width":1201,"height":830},"image":{"@id":"https:\/\/www.boyacaleinforma.com\/?p=46123\/#organizationLogo"},"sameAs":["https:\/\/facebook.com\/Boyac\u00e1 Le Informa","https:\/\/x.com\/Boyac\u00e1 Le Informa","https:\/\/instagram.com\/Boyac\u00e1 Le Informa","https:\/\/pinterest.com\/Boyac\u00e1 Le Informa","https:\/\/youtube.com\/Boyac\u00e1 Le Informa","https:\/\/linkedin.com\/in\/Boyac\u00e1 Le Informa"]},{"@type":"Person","@id":"https:\/\/www.boyacaleinforma.com\/?author=1#author","url":"https:\/\/www.boyacaleinforma.com\/?author=1","name":"Lorena","image":{"@type":"ImageObject","@id":"https:\/\/www.boyacaleinforma.com\/?p=46123#authorImage","url":"https:\/\/secure.gravatar.com\/avatar\/7ff34fbccee2466596270b966ef097be212f54fd0df5cd4afb0c375c83169e45?s=96&d=mm&r=g","width":96,"height":96,"caption":"Lorena"}},{"@type":"WebPage","@id":"https:\/\/www.boyacaleinforma.com\/?p=46123#webpage","url":"https:\/\/www.boyacaleinforma.com\/?p=46123","name":"Cambio de planes: FICC 2026 cancela lanzamiento en el Movistar Arena y desfile inaugural por riesgo de El Ni\u00f1o - Boyac\u00e1 Le Informa","description":"El Gobierno departamental de Boyac\u00e1 anunci\u00f3 este mi\u00e9rcoles modificaciones en la programaci\u00f3n del Festival Internacional de la Cultura Campesina (FICC) 2026, ante el aumento del riesgo generado por el fen\u00f3meno de El Ni\u00f1o en el territorio boyacense.El gobernador Carlos Amaya Rodr\u00edguez inform\u00f3 que este a\u00f1o no se realizar\u00e1n los eventos de gran formato que estaban","inLanguage":"es-ES","isPartOf":{"@id":"https:\/\/www.boyacaleinforma.com\/#website"},"breadcrumb":{"@id":"https:\/\/www.boyacaleinforma.com\/?p=46123#breadcrumblist"},"author":{"@id":"https:\/\/www.boyacaleinforma.com\/?author=1#author"},"creator":{"@id":"https:\/\/www.boyacaleinforma.com\/?author=1#author"},"image":{"@type":"ImageObject","url":"https:\/\/www.boyacaleinforma.com\/wp-content\/uploads\/2026\/09\/Semana.jpeg","@id":"https:\/\/www.boyacaleinforma.com\/?p=46123\/#mainImage","width":1280,"height":1280},"primaryImageOfPage":{"@id":"https:\/\/www.boyacaleinforma.com\/?p=46123#mainImage"},"datePublished":"2026-09-02T22:37:25-05:00","dateModified":"2026-09-02T22:56:53-05:00"},{"@type":"WebSite","@id":"https:\/\/www.boyacaleinforma.com\/#website","url":"https:\/\/www.boyacaleinforma.com\/","name":"Boyac\u00e1 Le Informa","description":"Nosotros informamos, usted elige el punto de vista","inLanguage":"es-ES","publisher":{"@id":"https:\/\/www.boyacaleinforma.com\/#organization"}}]},"og:locale":"es_ES","og:site_name":"Boyac\u00e1 Le Informa - Nosotros informamos, usted elige el punto de vista","og:type":"article","og:title":"Cambio de planes: FICC 2026 cancela lanzamiento en el Movistar Arena y desfile inaugural por riesgo de El Ni\u00f1o - Boyac\u00e1 Le Informa","og:description":"El Gobierno departamental de Boyac\u00e1 anunci\u00f3 este mi\u00e9rcoles modificaciones en la programaci\u00f3n del Festival Internacional de la Cultura Campesina (FICC) 2026, ante el aumento del riesgo generado por el fen\u00f3meno de El Ni\u00f1o en el territorio boyacense.El gobernador Carlos Amaya Rodr\u00edguez inform\u00f3 que este a\u00f1o no se realizar\u00e1n los eventos de gran formato que estaban","og:url":"https:\/\/www.boyacaleinforma.com\/?p=46123","og:image":"https:\/\/www.boyacaleinforma.com\/wp-content\/uploads\/2023\/01\/cropped-boyca-le-informa-png.png","og:image:secure_url":"https:\/\/www.boyacaleinforma.com\/wp-content\/uploads\/2023\/01\/cropped-boyca-le-informa-png.png","og:image:width":1201,"og:image:height":830,"article:published_time":"2026-09-03T03:37:25+00:00","article:modified_time":"2026-09-03T03:56:53+00:00","article:publisher":"https:\/\/facebook.com\/Boyac\u00e1 Le Informa","twitter:card":"summary_large_image","twitter:site":"@Boyac\u00e1%20Le%20Informa","twitter:title":"Cambio de planes: FICC 2026 cancela lanzamiento en el Movistar Arena y desfile inaugural por riesgo de El Ni\u00f1o - Boyac\u00e1 Le Informa","twitter:description":"El Gobierno departamental de Boyac\u00e1 anunci\u00f3 este mi\u00e9rcoles modificaciones en la programaci\u00f3n del Festival Internacional de la Cultura Campesina (FICC) 2026, ante el aumento del riesgo generado por el fen\u00f3meno de El Ni\u00f1o en el territorio boyacense.El gobernador Carlos Amaya Rodr\u00edguez inform\u00f3 que este a\u00f1o no se realizar\u00e1n los eventos de gran formato que estaban","twitter:creator":"@Boyac\u00e1%20Le%20Informa","twitter:image":"https:\/\/www.boyacaleinforma.com\/wp-content\/uploads\/2023\/01\/cropped-boyca-le-informa-png.png"},"aioseo_meta_data":{"post_id":"46123","title":null,"description":null,"keywords":null,"keyphrases":null,"primary_term":null,"canonical_url":null,"og_title":null,"og_description":null,"og_object_type":"default","og_image_type":"default","og_image_url":null,"og_image_width":null,"og_image_height":null,"og_image_custom_url":null,"og_image_custom_fields":null,"og_video":null,"og_custom_url":null,"og_article_section":null,"og_article_tags":null,"twitter_use_og":false,"twitter_card":"default","twitter_image_type":"default","twitter_image_url":null,"twitter_image_custom_url":null,"twitter_image_custom_fields":null,"twitter_title":null,"twitter_description":null,"schema":{"blockGraphs":[],"customGraphs":[],"default":{"data":{"Article":[],"Course":[],"Dataset":[],"FAQPage":[],"Movie":[],"Person":[],"Product":[],"ProductReview":[],"Car":[],"Recipe":[],"Service":[],"SoftwareApplication":[],"WebPage":[]},"graphName":"","isEnabled":true},"graphs":[]},"schema_type":"default","schema_type_options":null,"pillar_content":false,"robots_default":true,"robots_noindex":false,"robots_noarchive":false,"robots_nosnippet":false,"robots_nofollow":false,"robots_noimageindex":false,"robots_noodp":false,"robots_notranslate":false,"robots_max_snippet":null,"robots_max_videopreview":null,"robots_max_imagepreview":"large","priority":null,"frequency":null,"local_seo":null,"breadcrumb_settings":null,"limit_modified_date":false,"ai":null,"created":"2026-09-03 03:56:53","updated":"2026-09-03 03:56:53","seo_analyzer_scan_date":null,"focus_keyword":null,"additional_keywords":null,"truseo_locale":null},"aioseo_breadcrumb":"<div class=\"aioseo-breadcrumbs\"><span class=\"aioseo-breadcrumb\">\n\t\t\t<a href=\"https:\/\/www.boyacaleinforma.com\" title=\"Home\">Home<\/a>\n\t\t<\/span><span class=\"aioseo-breadcrumb-separator\">&raquo;<\/span><span class=\"aioseo-breadcrumb\">\n\t\t\t<a href=\"https:\/\/www.boyacaleinforma.com\/?cat=5\" title=\"Boyac\u00e1\">Boyac\u00e1<\/a>\n\t\t<\/span><span class=\"aioseo-breadcrumb-separator\">&raquo;<\/span><span class=\"aioseo-breadcrumb\">\n\t\t\tCambio de planes: FICC 2026 cancela lanzamiento en el Movistar Arena y desfile inaugural por riesgo de El Ni\u00f1o\n\t\t<\/span><\/div>","aioseo_breadcrumb_json":[{"label":"Home","link":"https:\/\/www.boyacaleinforma.com"},{"label":"Boyac\u00e1","link":"https:\/\/www.boyacaleinforma.com\/?cat=5"},{"label":"Cambio de planes: FICC 2026 cancela lanzamiento en el Movistar Arena y desfile inaugural por riesgo de El Ni\u00f1o","link":"https:\/\/www.boyacaleinforma.com\/?p=46123"}],"_links":{"self":[{"href":"https:\/\/www.boyacaleinforma.com\/index.php?rest_route=\/wp\/v2\/posts\/46123","targetHints":{"allow":["GET"]}}],"collection":[{"href":"https:\/\/www.boyacaleinforma.com\/index.php?rest_route=\/wp\/v2\/posts"}],"about":[{"href":"https:\/\/www.boyacaleinforma.com\/index.php?rest_route=\/wp\/v2\/types\/post"}],"author":[{"embeddable":true,"href":"https:\/\/www.boyacaleinforma.com\/index.php?rest_route=\/wp\/v2\/users\/1"}],"replies":[{"embeddable":true,"href":"https:\/\/www.boyacaleinforma.com\/index.php?rest_route=%2Fwp%2Fv2%2Fcomments&post=46123"}],"version-history":[{"count":1,"href":"https:\/\/www.boyacaleinforma.com\/index.php?rest_route=\/wp\/v2\/posts\/46123\/revisions"}],"predecessor-version":[{"id":46124,"href":"https:\/\/www.boyacaleinforma.com\/index.php?rest_route=\/wp\/v2\/posts\/46123\/revisions\/46124"}],"wp:featuredmedia":[{"embeddable":true,"href":"https:\/\/www.boyacaleinforma.com\/index.php?rest_route=\/wp\/v2\/media\/46116"}],"wp:attachment":[{"href":"https:\/\/www.boyacaleinforma.com\/index.php?rest_route=%2Fwp%2Fv2%2Fmedia&parent=46123"}],"wp:term":[{"taxonomy":"category","embeddable":true,"href":"https:\/\/www.boyacaleinforma.com\/index.php?rest_route=%2Fwp%2Fv2%2Fcategories&post=46123"},{"taxonomy":"post_tag","embeddable":true,"href":"https:\/\/www.boyacaleinforma.com\/index.php?rest_route=%2Fwp%2Fv2%2Ftags&post=46123"}],"curies":[{"name":"wp","href":"https:\/\/api.w.org\/{rel}","templated":true}]}}