{"id":46139,"date":"2026-09-02T22:50:30","date_gmt":"2026-09-03T03:50:30","guid":{"rendered":"https:\/\/www.boyacaleinforma.com\/?p=46139"},"modified":"2026-09-02T22:50:30","modified_gmt":"2026-09-03T03:50:30","slug":"230-metros-de-placa-huella-llegaran-a-la-vereda-el-resguardo-en-tibasosa","status":"publish","type":"post","link":"https:\/\/www.boyacaleinforma.com\/?p=46139","title":{"rendered":"230 metros de placa huella llegar\u00e1n a la vereda El Resguardo en Tibasosa"},"content":{"rendered":"\n<p class=\"wp-block-paragraph\">En compa\u00f1\u00eda de la empresa contratista y de interventor\u00eda, llegaron a la vereda El Resguardo para socializar junto a la comunidad el proyecto de construcci\u00f3n de 230 metros lineales de placa huella.<\/p>\n\n\n\n<p class=\"wp-block-paragraph\">Durante el encuentro, se explic\u00f3 de manera detallada el alcance de la obra, las actividades que ya se vienen realizando y las que iniciar\u00e1n pr\u00f3ximamente, as\u00ed mismo el tiempo de ejecuci\u00f3n y v\u00edas alternas para mitigar el traumatismo de movilidad.<\/p>\n\n\n\n<p class=\"wp-block-paragraph\">Este proyecto surge a partir de estudios y dise\u00f1os que identificaron de manera precisa los puntos m\u00e1s cr\u00edticos de movilidad del territorio tibasose\u00f1o.<\/p>\n","protected":false},"excerpt":{"rendered":"<p>En compa\u00f1\u00eda de la empresa contratista y de interventor\u00eda, llegaron a la vereda El Resguardo para socializar junto<\/p>\n","protected":false},"author":1,"featured_media":46130,"comment_status":"open","ping_status":"open","sticky":false,"template":"","format":"standard","meta":{"om_disable_all_campaigns":false,"_monsterinsights_skip_tracking":false,"footnotes":""},"categories":[1],"tags":[],"class_list":["post-46139","post","type-post","status-publish","format-standard","has-post-thumbnail","hentry","category-uncategorized"],"aioseo_notices":[],"aioseo_head":"\n\t\t<!-- All in One SEO 5.0.1.1 - aioseo.com -->\n\t<meta name=\"description\" content=\"En compa\u00f1\u00eda de la empresa contratista y de interventor\u00eda, llegaron a la vereda El Resguardo para socializar junto a la comunidad el proyecto de construcci\u00f3n de 230 metros lineales de placa huella. Durante el encuentro, se explic\u00f3 de manera detallada el alcance de la obra, las actividades que ya se vienen realizando y las que\" \/>\n\t<meta name=\"robots\" content=\"max-image-preview:large\" \/>\n\t<meta name=\"author\" content=\"Lorena\"\/>\n\t<link rel=\"canonical\" href=\"https:\/\/www.boyacaleinforma.com\/?p=46139\" \/>\n\t<meta name=\"generator\" content=\"All in One SEO (AIOSEO) 5.0.1.1\" \/>\n\t\t<meta property=\"og:locale\" content=\"es_ES\" \/>\n\t\t<meta property=\"og:site_name\" content=\"Boyac\u00e1 Le Informa - Nosotros informamos, usted elige el punto de vista\" \/>\n\t\t<meta property=\"og:type\" content=\"article\" \/>\n\t\t<meta property=\"og:title\" content=\"230 metros de placa huella llegar\u00e1n a la vereda El Resguardo en Tibasosa - Boyac\u00e1 Le Informa\" \/>\n\t\t<meta property=\"og:description\" content=\"En compa\u00f1\u00eda de la empresa contratista y de interventor\u00eda, llegaron a la vereda El Resguardo para socializar junto a la comunidad el proyecto de construcci\u00f3n de 230 metros lineales de placa huella. Durante el encuentro, se explic\u00f3 de manera detallada el alcance de la obra, las actividades que ya se vienen realizando y las que\" \/>\n\t\t<meta property=\"og:url\" content=\"https:\/\/www.boyacaleinforma.com\/?p=46139\" \/>\n\t\t<meta property=\"og:image\" content=\"https:\/\/www.boyacaleinforma.com\/wp-content\/uploads\/2023\/01\/cropped-boyca-le-informa-png.png\" \/>\n\t\t<meta property=\"og:image:secure_url\" content=\"https:\/\/www.boyacaleinforma.com\/wp-content\/uploads\/2023\/01\/cropped-boyca-le-informa-png.png\" \/>\n\t\t<meta property=\"og:image:width\" content=\"1201\" \/>\n\t\t<meta property=\"og:image:height\" content=\"830\" \/>\n\t\t<meta property=\"article:published_time\" content=\"2026-09-03T03:50:30+00:00\" \/>\n\t\t<meta property=\"article:modified_time\" content=\"2026-09-03T03:50:30+00:00\" \/>\n\t\t<meta property=\"article:publisher\" content=\"https:\/\/facebook.com\/Boyac\u00e1 Le Informa\" \/>\n\t\t<meta name=\"twitter:card\" content=\"summary_large_image\" \/>\n\t\t<meta name=\"twitter:site\" content=\"@Boyac\u00e1%20Le%20Informa\" \/>\n\t\t<meta name=\"twitter:title\" content=\"230 metros de placa huella llegar\u00e1n a la vereda El Resguardo en Tibasosa - Boyac\u00e1 Le Informa\" \/>\n\t\t<meta name=\"twitter:description\" content=\"En compa\u00f1\u00eda de la empresa contratista y de interventor\u00eda, llegaron a la vereda El Resguardo para socializar junto a la comunidad el proyecto de construcci\u00f3n de 230 metros lineales de placa huella. Durante el encuentro, se explic\u00f3 de manera detallada el alcance de la obra, las actividades que ya se vienen realizando y las que\" \/>\n\t\t<meta name=\"twitter:creator\" content=\"@Boyac\u00e1%20Le%20Informa\" \/>\n\t\t<meta name=\"twitter:image\" content=\"https:\/\/www.boyacaleinforma.com\/wp-content\/uploads\/2023\/01\/cropped-boyca-le-informa-png.png\" \/>\n\t\t<script type=\"application\/ld+json\" class=\"aioseo-schema\">\n\t\t\t{\"@context\":\"https:\\\/\\\/schema.org\",\"@graph\":[{\"@type\":\"BlogPosting\",\"@id\":\"https:\\\/\\\/www.boyacaleinforma.com\\\/?p=46139#blogposting\",\"name\":\"230 metros de placa huella llegar\\u00e1n a la vereda El Resguardo en Tibasosa - Boyac\\u00e1 Le Informa\",\"headline\":\"230 metros de placa huella llegar\\u00e1n a la vereda El Resguardo en Tibasosa\",\"author\":{\"@id\":\"https:\\\/\\\/www.boyacaleinforma.com\\\/?author=1#author\"},\"publisher\":{\"@id\":\"https:\\\/\\\/www.boyacaleinforma.com\\\/#organization\"},\"image\":{\"@type\":\"ImageObject\",\"url\":\"https:\\\/\\\/www.boyacaleinforma.com\\\/wp-content\\\/uploads\\\/2026\\\/09\\\/Tibasosa-1.jpg\",\"width\":901,\"height\":600},\"datePublished\":\"2026-09-02T22:50:30-05:00\",\"dateModified\":\"2026-09-02T22:50:30-05:00\",\"inLanguage\":\"es-ES\",\"mainEntityOfPage\":{\"@id\":\"https:\\\/\\\/www.boyacaleinforma.com\\\/?p=46139#webpage\"},\"isPartOf\":{\"@id\":\"https:\\\/\\\/www.boyacaleinforma.com\\\/?p=46139#webpage\"},\"articleSection\":\"Uncategorized\"},{\"@type\":\"BreadcrumbList\",\"@id\":\"https:\\\/\\\/www.boyacaleinforma.com\\\/?p=46139#breadcrumblist\",\"itemListElement\":[{\"@type\":\"ListItem\",\"@id\":\"https:\\\/\\\/www.boyacaleinforma.com#listItem\",\"position\":1,\"name\":\"Home\",\"item\":\"https:\\\/\\\/www.boyacaleinforma.com\",\"nextItem\":{\"@type\":\"ListItem\",\"@id\":\"https:\\\/\\\/www.boyacaleinforma.com\\\/?cat=1#listItem\",\"name\":\"Uncategorized\"}},{\"@type\":\"ListItem\",\"@id\":\"https:\\\/\\\/www.boyacaleinforma.com\\\/?cat=1#listItem\",\"position\":2,\"name\":\"Uncategorized\",\"item\":\"https:\\\/\\\/www.boyacaleinforma.com\\\/?cat=1\",\"nextItem\":{\"@type\":\"ListItem\",\"@id\":\"https:\\\/\\\/www.boyacaleinforma.com\\\/?p=46139#listItem\",\"name\":\"230 metros de placa huella llegar\\u00e1n a la vereda El Resguardo en Tibasosa\"},\"previousItem\":{\"@type\":\"ListItem\",\"@id\":\"https:\\\/\\\/www.boyacaleinforma.com#listItem\",\"name\":\"Home\"}},{\"@type\":\"ListItem\",\"@id\":\"https:\\\/\\\/www.boyacaleinforma.com\\\/?p=46139#listItem\",\"position\":3,\"name\":\"230 metros de placa huella llegar\\u00e1n a la vereda El Resguardo en Tibasosa\",\"previousItem\":{\"@type\":\"ListItem\",\"@id\":\"https:\\\/\\\/www.boyacaleinforma.com\\\/?cat=1#listItem\",\"name\":\"Uncategorized\"}}]},{\"@type\":\"Organization\",\"@id\":\"https:\\\/\\\/www.boyacaleinforma.com\\\/#organization\",\"name\":\"Boyac\\u00e1 Le Informa\",\"description\":\"Nosotros informamos, usted elige el punto de vista\",\"url\":\"https:\\\/\\\/www.boyacaleinforma.com\\\/\",\"logo\":{\"@type\":\"ImageObject\",\"url\":\"https:\\\/\\\/www.boyacaleinforma.com\\\/wp-content\\\/uploads\\\/2023\\\/11\\\/WhatsApp-Image-2023-01-16-at-8.43.37-PM.jpeg\",\"@id\":\"https:\\\/\\\/www.boyacaleinforma.com\\\/?p=46139\\\/#organizationLogo\",\"width\":1201,\"height\":830},\"image\":{\"@id\":\"https:\\\/\\\/www.boyacaleinforma.com\\\/?p=46139\\\/#organizationLogo\"},\"sameAs\":[\"https:\\\/\\\/facebook.com\\\/Boyac\\u00e1 Le Informa\",\"https:\\\/\\\/x.com\\\/Boyac\\u00e1 Le Informa\",\"https:\\\/\\\/instagram.com\\\/Boyac\\u00e1 Le Informa\",\"https:\\\/\\\/pinterest.com\\\/Boyac\\u00e1 Le Informa\",\"https:\\\/\\\/youtube.com\\\/Boyac\\u00e1 Le Informa\",\"https:\\\/\\\/linkedin.com\\\/in\\\/Boyac\\u00e1 Le Informa\"]},{\"@type\":\"Person\",\"@id\":\"https:\\\/\\\/www.boyacaleinforma.com\\\/?author=1#author\",\"url\":\"https:\\\/\\\/www.boyacaleinforma.com\\\/?author=1\",\"name\":\"Lorena\",\"image\":{\"@type\":\"ImageObject\",\"@id\":\"https:\\\/\\\/www.boyacaleinforma.com\\\/?p=46139#authorImage\",\"url\":\"https:\\\/\\\/secure.gravatar.com\\\/avatar\\\/7ff34fbccee2466596270b966ef097be212f54fd0df5cd4afb0c375c83169e45?s=96&d=mm&r=g\",\"width\":96,\"height\":96,\"caption\":\"Lorena\"}},{\"@type\":\"WebPage\",\"@id\":\"https:\\\/\\\/www.boyacaleinforma.com\\\/?p=46139#webpage\",\"url\":\"https:\\\/\\\/www.boyacaleinforma.com\\\/?p=46139\",\"name\":\"230 metros de placa huella llegar\\u00e1n a la vereda El Resguardo en Tibasosa - Boyac\\u00e1 Le Informa\",\"description\":\"En compa\\u00f1\\u00eda de la empresa contratista y de interventor\\u00eda, llegaron a la vereda El Resguardo para socializar junto a la comunidad el proyecto de construcci\\u00f3n de 230 metros lineales de placa huella. Durante el encuentro, se explic\\u00f3 de manera detallada el alcance de la obra, las actividades que ya se vienen realizando y las que\",\"inLanguage\":\"es-ES\",\"isPartOf\":{\"@id\":\"https:\\\/\\\/www.boyacaleinforma.com\\\/#website\"},\"breadcrumb\":{\"@id\":\"https:\\\/\\\/www.boyacaleinforma.com\\\/?p=46139#breadcrumblist\"},\"author\":{\"@id\":\"https:\\\/\\\/www.boyacaleinforma.com\\\/?author=1#author\"},\"creator\":{\"@id\":\"https:\\\/\\\/www.boyacaleinforma.com\\\/?author=1#author\"},\"image\":{\"@type\":\"ImageObject\",\"url\":\"https:\\\/\\\/www.boyacaleinforma.com\\\/wp-content\\\/uploads\\\/2026\\\/09\\\/Tibasosa-1.jpg\",\"@id\":\"https:\\\/\\\/www.boyacaleinforma.com\\\/?p=46139\\\/#mainImage\",\"width\":901,\"height\":600},\"primaryImageOfPage\":{\"@id\":\"https:\\\/\\\/www.boyacaleinforma.com\\\/?p=46139#mainImage\"},\"datePublished\":\"2026-09-02T22:50:30-05:00\",\"dateModified\":\"2026-09-02T22:50:30-05:00\"},{\"@type\":\"WebSite\",\"@id\":\"https:\\\/\\\/www.boyacaleinforma.com\\\/#website\",\"url\":\"https:\\\/\\\/www.boyacaleinforma.com\\\/\",\"name\":\"Boyac\\u00e1 Le Informa\",\"description\":\"Nosotros informamos, usted elige el punto de vista\",\"inLanguage\":\"es-ES\",\"publisher\":{\"@id\":\"https:\\\/\\\/www.boyacaleinforma.com\\\/#organization\"}}]}\n\t\t<\/script>\n\t\t<!-- All in One SEO -->\n\n","aioseo_head_json":{"title":"230 metros de placa huella llegar\u00e1n a la vereda El Resguardo en Tibasosa - Boyac\u00e1 Le Informa","description":"En compa\u00f1\u00eda de la empresa contratista y de interventor\u00eda, llegaron a la vereda El Resguardo para socializar junto a la comunidad el proyecto de construcci\u00f3n de 230 metros lineales de placa huella. Durante el encuentro, se explic\u00f3 de manera detallada el alcance de la obra, las actividades que ya se vienen realizando y las que","canonical_url":"https:\/\/www.boyacaleinforma.com\/?p=46139","robots":"max-image-preview:large","keywords":"","webmasterTools":{"miscellaneous":""},"schema":{"@context":"https:\/\/schema.org","@graph":[{"@type":"BlogPosting","@id":"https:\/\/www.boyacaleinforma.com\/?p=46139#blogposting","name":"230 metros de placa huella llegar\u00e1n a la vereda El Resguardo en Tibasosa - Boyac\u00e1 Le Informa","headline":"230 metros de placa huella llegar\u00e1n a la vereda El Resguardo en Tibasosa","author":{"@id":"https:\/\/www.boyacaleinforma.com\/?author=1#author"},"publisher":{"@id":"https:\/\/www.boyacaleinforma.com\/#organization"},"image":{"@type":"ImageObject","url":"https:\/\/www.boyacaleinforma.com\/wp-content\/uploads\/2026\/09\/Tibasosa-1.jpg","width":901,"height":600},"datePublished":"2026-09-02T22:50:30-05:00","dateModified":"2026-09-02T22:50:30-05:00","inLanguage":"es-ES","mainEntityOfPage":{"@id":"https:\/\/www.boyacaleinforma.com\/?p=46139#webpage"},"isPartOf":{"@id":"https:\/\/www.boyacaleinforma.com\/?p=46139#webpage"},"articleSection":"Uncategorized"},{"@type":"BreadcrumbList","@id":"https:\/\/www.boyacaleinforma.com\/?p=46139#breadcrumblist","itemListElement":[{"@type":"ListItem","@id":"https:\/\/www.boyacaleinforma.com#listItem","position":1,"name":"Home","item":"https:\/\/www.boyacaleinforma.com","nextItem":{"@type":"ListItem","@id":"https:\/\/www.boyacaleinforma.com\/?cat=1#listItem","name":"Uncategorized"}},{"@type":"ListItem","@id":"https:\/\/www.boyacaleinforma.com\/?cat=1#listItem","position":2,"name":"Uncategorized","item":"https:\/\/www.boyacaleinforma.com\/?cat=1","nextItem":{"@type":"ListItem","@id":"https:\/\/www.boyacaleinforma.com\/?p=46139#listItem","name":"230 metros de placa huella llegar\u00e1n a la vereda El Resguardo en Tibasosa"},"previousItem":{"@type":"ListItem","@id":"https:\/\/www.boyacaleinforma.com#listItem","name":"Home"}},{"@type":"ListItem","@id":"https:\/\/www.boyacaleinforma.com\/?p=46139#listItem","position":3,"name":"230 metros de placa huella llegar\u00e1n a la vereda El Resguardo en Tibasosa","previousItem":{"@type":"ListItem","@id":"https:\/\/www.boyacaleinforma.com\/?cat=1#listItem","name":"Uncategorized"}}]},{"@type":"Organization","@id":"https:\/\/www.boyacaleinforma.com\/#organization","name":"Boyac\u00e1 Le Informa","description":"Nosotros informamos, usted elige el punto de vista","url":"https:\/\/www.boyacaleinforma.com\/","logo":{"@type":"ImageObject","url":"https:\/\/www.boyacaleinforma.com\/wp-content\/uploads\/2023\/11\/WhatsApp-Image-2023-01-16-at-8.43.37-PM.jpeg","@id":"https:\/\/www.boyacaleinforma.com\/?p=46139\/#organizationLogo","width":1201,"height":830},"image":{"@id":"https:\/\/www.boyacaleinforma.com\/?p=46139\/#organizationLogo"},"sameAs":["https:\/\/facebook.com\/Boyac\u00e1 Le Informa","https:\/\/x.com\/Boyac\u00e1 Le Informa","https:\/\/instagram.com\/Boyac\u00e1 Le Informa","https:\/\/pinterest.com\/Boyac\u00e1 Le Informa","https:\/\/youtube.com\/Boyac\u00e1 Le Informa","https:\/\/linkedin.com\/in\/Boyac\u00e1 Le Informa"]},{"@type":"Person","@id":"https:\/\/www.boyacaleinforma.com\/?author=1#author","url":"https:\/\/www.boyacaleinforma.com\/?author=1","name":"Lorena","image":{"@type":"ImageObject","@id":"https:\/\/www.boyacaleinforma.com\/?p=46139#authorImage","url":"https:\/\/secure.gravatar.com\/avatar\/7ff34fbccee2466596270b966ef097be212f54fd0df5cd4afb0c375c83169e45?s=96&d=mm&r=g","width":96,"height":96,"caption":"Lorena"}},{"@type":"WebPage","@id":"https:\/\/www.boyacaleinforma.com\/?p=46139#webpage","url":"https:\/\/www.boyacaleinforma.com\/?p=46139","name":"230 metros de placa huella llegar\u00e1n a la vereda El Resguardo en Tibasosa - Boyac\u00e1 Le Informa","description":"En compa\u00f1\u00eda de la empresa contratista y de interventor\u00eda, llegaron a la vereda El Resguardo para socializar junto a la comunidad el proyecto de construcci\u00f3n de 230 metros lineales de placa huella. Durante el encuentro, se explic\u00f3 de manera detallada el alcance de la obra, las actividades que ya se vienen realizando y las que","inLanguage":"es-ES","isPartOf":{"@id":"https:\/\/www.boyacaleinforma.com\/#website"},"breadcrumb":{"@id":"https:\/\/www.boyacaleinforma.com\/?p=46139#breadcrumblist"},"author":{"@id":"https:\/\/www.boyacaleinforma.com\/?author=1#author"},"creator":{"@id":"https:\/\/www.boyacaleinforma.com\/?author=1#author"},"image":{"@type":"ImageObject","url":"https:\/\/www.boyacaleinforma.com\/wp-content\/uploads\/2026\/09\/Tibasosa-1.jpg","@id":"https:\/\/www.boyacaleinforma.com\/?p=46139\/#mainImage","width":901,"height":600},"primaryImageOfPage":{"@id":"https:\/\/www.boyacaleinforma.com\/?p=46139#mainImage"},"datePublished":"2026-09-02T22:50:30-05:00","dateModified":"2026-09-02T22:50:30-05:00"},{"@type":"WebSite","@id":"https:\/\/www.boyacaleinforma.com\/#website","url":"https:\/\/www.boyacaleinforma.com\/","name":"Boyac\u00e1 Le Informa","description":"Nosotros informamos, usted elige el punto de vista","inLanguage":"es-ES","publisher":{"@id":"https:\/\/www.boyacaleinforma.com\/#organization"}}]},"og:locale":"es_ES","og:site_name":"Boyac\u00e1 Le Informa - Nosotros informamos, usted elige el punto de vista","og:type":"article","og:title":"230 metros de placa huella llegar\u00e1n a la vereda El Resguardo en Tibasosa - Boyac\u00e1 Le Informa","og:description":"En compa\u00f1\u00eda de la empresa contratista y de interventor\u00eda, llegaron a la vereda El Resguardo para socializar junto a la comunidad el proyecto de construcci\u00f3n de 230 metros lineales de placa huella. Durante el encuentro, se explic\u00f3 de manera detallada el alcance de la obra, las actividades que ya se vienen realizando y las que","og:url":"https:\/\/www.boyacaleinforma.com\/?p=46139","og:image":"https:\/\/www.boyacaleinforma.com\/wp-content\/uploads\/2023\/01\/cropped-boyca-le-informa-png.png","og:image:secure_url":"https:\/\/www.boyacaleinforma.com\/wp-content\/uploads\/2023\/01\/cropped-boyca-le-informa-png.png","og:image:width":1201,"og:image:height":830,"article:published_time":"2026-09-03T03:50:30+00:00","article:modified_time":"2026-09-03T03:50:30+00:00","article:publisher":"https:\/\/facebook.com\/Boyac\u00e1 Le Informa","twitter:card":"summary_large_image","twitter:site":"@Boyac\u00e1%20Le%20Informa","twitter:title":"230 metros de placa huella llegar\u00e1n a la vereda El Resguardo en Tibasosa - Boyac\u00e1 Le Informa","twitter:description":"En compa\u00f1\u00eda de la empresa contratista y de interventor\u00eda, llegaron a la vereda El Resguardo para socializar junto a la comunidad el proyecto de construcci\u00f3n de 230 metros lineales de placa huella. Durante el encuentro, se explic\u00f3 de manera detallada el alcance de la obra, las actividades que ya se vienen realizando y las que","twitter:creator":"@Boyac\u00e1%20Le%20Informa","twitter:image":"https:\/\/www.boyacaleinforma.com\/wp-content\/uploads\/2023\/01\/cropped-boyca-le-informa-png.png"},"aioseo_meta_data":[],"aioseo_breadcrumb":"<div class=\"aioseo-breadcrumbs\"><span class=\"aioseo-breadcrumb\">\n\t\t\t<a href=\"https:\/\/www.boyacaleinforma.com\" title=\"Home\">Home<\/a>\n\t\t<\/span><span class=\"aioseo-breadcrumb-separator\">&raquo;<\/span><span class=\"aioseo-breadcrumb\">\n\t\t\t<a href=\"https:\/\/www.boyacaleinforma.com\/?cat=1\" title=\"Uncategorized\">Uncategorized<\/a>\n\t\t<\/span><span class=\"aioseo-breadcrumb-separator\">&raquo;<\/span><span class=\"aioseo-breadcrumb\">\n\t\t\t230 metros de placa huella llegar\u00e1n a la vereda El Resguardo en Tibasosa\n\t\t<\/span><\/div>","aioseo_breadcrumb_json":[{"label":"Home","link":"https:\/\/www.boyacaleinforma.com"},{"label":"Uncategorized","link":"https:\/\/www.boyacaleinforma.com\/?cat=1"},{"label":"230 metros de placa huella llegar\u00e1n a la vereda El Resguardo en Tibasosa","link":"https:\/\/www.boyacaleinforma.com\/?p=46139"}],"_links":{"self":[{"href":"https:\/\/www.boyacaleinforma.com\/index.php?rest_route=\/wp\/v2\/posts\/46139","targetHints":{"allow":["GET"]}}],"collection":[{"href":"https:\/\/www.boyacaleinforma.com\/index.php?rest_route=\/wp\/v2\/posts"}],"about":[{"href":"https:\/\/www.boyacaleinforma.com\/index.php?rest_route=\/wp\/v2\/types\/post"}],"author":[{"embeddable":true,"href":"https:\/\/www.boyacaleinforma.com\/index.php?rest_route=\/wp\/v2\/users\/1"}],"replies":[{"embeddable":true,"href":"https:\/\/www.boyacaleinforma.com\/index.php?rest_route=%2Fwp%2Fv2%2Fcomments&post=46139"}],"version-history":[{"count":1,"href":"https:\/\/www.boyacaleinforma.com\/index.php?rest_route=\/wp\/v2\/posts\/46139\/revisions"}],"predecessor-version":[{"id":46140,"href":"https:\/\/www.boyacaleinforma.com\/index.php?rest_route=\/wp\/v2\/posts\/46139\/revisions\/46140"}],"wp:featuredmedia":[{"embeddable":true,"href":"https:\/\/www.boyacaleinforma.com\/index.php?rest_route=\/wp\/v2\/media\/46130"}],"wp:attachment":[{"href":"https:\/\/www.boyacaleinforma.com\/index.php?rest_route=%2Fwp%2Fv2%2Fmedia&parent=46139"}],"wp:term":[{"taxonomy":"category","embeddable":true,"href":"https:\/\/www.boyacaleinforma.com\/index.php?rest_route=%2Fwp%2Fv2%2Fcategories&post=46139"},{"taxonomy":"post_tag","embeddable":true,"href":"https:\/\/www.boyacaleinforma.com\/index.php?rest_route=%2Fwp%2Fv2%2Ftags&post=46139"}],"curies":[{"name":"wp","href":"https:\/\/api.w.org\/{rel}","templated":true}]}}