{"id":46171,"date":"2026-09-03T22:04:57","date_gmt":"2026-09-04T03:04:57","guid":{"rendered":"https:\/\/www.boyacaleinforma.com\/?p=46171"},"modified":"2026-09-03T22:11:05","modified_gmt":"2026-09-04T03:11:05","slug":"boyaca-refuerza-la-seguridad-vial","status":"publish","type":"post","link":"https:\/\/www.boyacaleinforma.com\/?p=46171","title":{"rendered":"Boyac\u00e1 refuerza la seguridad vial"},"content":{"rendered":"\n<p class=\"wp-block-paragraph\">La Polic\u00eda Nacional, en coordinaci\u00f3n con el Ej\u00e9rcito Nacional, adelant\u00f3 una nueva jornada de control y verificaci\u00f3n en distintos puntos de Boyac\u00e1, que dej\u00f3 como resultado la recuperaci\u00f3n de un veh\u00edculo hurtado y la captura de un hombre por falsedad documental, adem\u00e1s de una jornada comunitaria en homenaje a los adultos mayores del municipio de C\u00f3mbita.<br><br>En jurisdicci\u00f3n del municipio de Socha, uniformados que realizaban labores de registro, control y verificaci\u00f3n de antecedentes hallaron una motocicleta abandonada a un costado de la v\u00eda que comunica a Socha con Socot\u00e1. Tras consultar las bases de datos correspondientes, se estableci\u00f3 que el veh\u00edculo ten\u00eda un requerimiento judicial por el delito de hurto, por lo que fue puesto a disposici\u00f3n de la Fiscal\u00eda 21 Seccional de Socha para continuar con el proceso de identificaci\u00f3n del propietario y las actuaciones legales pertinentes.<br><br>Por otra parte, en el corredor vial Barbosa\u2013Tunja, la Seccional de Tr\u00e1nsito y Transporte de Boyac\u00e1 adelant\u00f3 un procedimiento de control que permiti\u00f3 detectar una irregularidad en la documentaci\u00f3n de un conductor. Durante la verificaci\u00f3n, el uniformado estableci\u00f3 inconsistencias en la licencia de tr\u00e1nsito presentada, lo que deriv\u00f3 en la captura del ciudadano por el delito de falsedad para obtener prueba de hecho verdadero, adem\u00e1s de la incautaci\u00f3n del documento. El caso qued\u00f3 a disposici\u00f3n de la Fiscal\u00eda General de la Naci\u00f3n, entidad que adelantar\u00e1 las actuaciones judiciales correspondientes.<br><br>Las autoridades reiteraron que este tipo de controles permanentes en las v\u00edas del departamento buscan garantizar la legalidad, la seguridad y la tranquilidad de quienes se movilizan por Boyac\u00e1, en el marco de las estrategias conjuntas entre la Polic\u00eda Nacional y el Ej\u00e9rcito Nacional para contrarrestar el hurto de veh\u00edculos y el uso de documentos falsos.<br><br>En un plano distinto, la Polic\u00eda also tuvo presencia comunitaria en el municipio de C\u00f3mbita, donde se realiz\u00f3 una jornada de homenaje a los adultos mayores del municipio, en la que se reconocieron sus historias de vida y se agradecieron sus ense\u00f1anzas. La actividad cont\u00f3 con el acompa\u00f1amiento del coronel Javier Gustavo Lemus Pinto, comandante de la Polic\u00eda Metropolitana de Tunja, en una jornada marcada por el cari\u00f1o y la gratitud hacia esta poblaci\u00f3n.<br><br>Con este tipo de acciones, que combinan control operativo y acercamiento a la comunidad, la Polic\u00eda Nacional reafirma su compromiso con la seguridad ciudadana y la convivencia en los distintos municipios de Boyac\u00e1.<\/p>\n","protected":false},"excerpt":{"rendered":"<p>La Polic\u00eda Nacional, en coordinaci\u00f3n con el Ej\u00e9rcito Nacional, adelant\u00f3 una nueva jornada de control y verificaci\u00f3n en<\/p>\n","protected":false},"author":1,"featured_media":46168,"comment_status":"open","ping_status":"open","sticky":false,"template":"","format":"standard","meta":{"om_disable_all_campaigns":false,"_monsterinsights_skip_tracking":false,"footnotes":""},"categories":[8],"tags":[10],"class_list":["post-46171","post","type-post","status-publish","format-standard","has-post-thumbnail","hentry","category-judicial","tag-noticias"],"aioseo_notices":[],"aioseo_head":"\n\t\t<!-- All in One SEO 5.0.1.1 - aioseo.com -->\n\t<meta name=\"description\" content=\"La Polic\u00eda Nacional, en coordinaci\u00f3n con el Ej\u00e9rcito Nacional, adelant\u00f3 una nueva jornada de control y verificaci\u00f3n en distintos puntos de Boyac\u00e1, que dej\u00f3 como resultado la recuperaci\u00f3n de un veh\u00edculo hurtado y la captura de un hombre por falsedad documental, adem\u00e1s de una jornada comunitaria en homenaje a los adultos mayores del municipio de\" \/>\n\t<meta name=\"robots\" content=\"max-image-preview:large\" \/>\n\t<meta name=\"author\" content=\"Lorena\"\/>\n\t<link rel=\"canonical\" href=\"https:\/\/www.boyacaleinforma.com\/?p=46171\" \/>\n\t<meta name=\"generator\" content=\"All in One SEO (AIOSEO) 5.0.1.1\" \/>\n\t\t<meta property=\"og:locale\" content=\"es_ES\" \/>\n\t\t<meta property=\"og:site_name\" content=\"Boyac\u00e1 Le Informa - Nosotros informamos, usted elige el punto de vista\" \/>\n\t\t<meta property=\"og:type\" content=\"article\" \/>\n\t\t<meta property=\"og:title\" content=\"Boyac\u00e1 refuerza la seguridad vial - Boyac\u00e1 Le Informa\" \/>\n\t\t<meta property=\"og:description\" content=\"La Polic\u00eda Nacional, en coordinaci\u00f3n con el Ej\u00e9rcito Nacional, adelant\u00f3 una nueva jornada de control y verificaci\u00f3n en distintos puntos de Boyac\u00e1, que dej\u00f3 como resultado la recuperaci\u00f3n de un veh\u00edculo hurtado y la captura de un hombre por falsedad documental, adem\u00e1s de una jornada comunitaria en homenaje a los adultos mayores del municipio de\" \/>\n\t\t<meta property=\"og:url\" content=\"https:\/\/www.boyacaleinforma.com\/?p=46171\" \/>\n\t\t<meta property=\"og:image\" content=\"https:\/\/www.boyacaleinforma.com\/wp-content\/uploads\/2023\/01\/cropped-boyca-le-informa-png.png\" \/>\n\t\t<meta property=\"og:image:secure_url\" content=\"https:\/\/www.boyacaleinforma.com\/wp-content\/uploads\/2023\/01\/cropped-boyca-le-informa-png.png\" \/>\n\t\t<meta property=\"og:image:width\" content=\"1201\" \/>\n\t\t<meta property=\"og:image:height\" content=\"830\" \/>\n\t\t<meta property=\"article:published_time\" content=\"2026-09-04T03:04:57+00:00\" \/>\n\t\t<meta property=\"article:modified_time\" content=\"2026-09-04T03:11:05+00:00\" \/>\n\t\t<meta property=\"article:publisher\" content=\"https:\/\/facebook.com\/Boyac\u00e1 Le Informa\" \/>\n\t\t<meta name=\"twitter:card\" content=\"summary_large_image\" \/>\n\t\t<meta name=\"twitter:site\" content=\"@Boyac\u00e1%20Le%20Informa\" \/>\n\t\t<meta name=\"twitter:title\" content=\"Boyac\u00e1 refuerza la seguridad vial - Boyac\u00e1 Le Informa\" \/>\n\t\t<meta name=\"twitter:description\" content=\"La Polic\u00eda Nacional, en coordinaci\u00f3n con el Ej\u00e9rcito Nacional, adelant\u00f3 una nueva jornada de control y verificaci\u00f3n en distintos puntos de Boyac\u00e1, que dej\u00f3 como resultado la recuperaci\u00f3n de un veh\u00edculo hurtado y la captura de un hombre por falsedad documental, adem\u00e1s de una jornada comunitaria en homenaje a los adultos mayores del municipio de\" \/>\n\t\t<meta name=\"twitter:creator\" content=\"@Boyac\u00e1%20Le%20Informa\" \/>\n\t\t<meta name=\"twitter:image\" content=\"https:\/\/www.boyacaleinforma.com\/wp-content\/uploads\/2023\/01\/cropped-boyca-le-informa-png.png\" \/>\n\t\t<script type=\"application\/ld+json\" class=\"aioseo-schema\">\n\t\t\t{\"@context\":\"https:\\\/\\\/schema.org\",\"@graph\":[{\"@type\":\"BlogPosting\",\"@id\":\"https:\\\/\\\/www.boyacaleinforma.com\\\/?p=46171#blogposting\",\"name\":\"Boyac\\u00e1 refuerza la seguridad vial - Boyac\\u00e1 Le Informa\",\"headline\":\"Boyac\\u00e1 refuerza la seguridad vial\",\"author\":{\"@id\":\"https:\\\/\\\/www.boyacaleinforma.com\\\/?author=1#author\"},\"publisher\":{\"@id\":\"https:\\\/\\\/www.boyacaleinforma.com\\\/#organization\"},\"image\":{\"@type\":\"ImageObject\",\"url\":\"https:\\\/\\\/www.boyacaleinforma.com\\\/wp-content\\\/uploads\\\/2026\\\/09\\\/WhatsApp-Image-2026-09-03-at-1.47.31-PM.jpeg\",\"width\":1524,\"height\":854},\"datePublished\":\"2026-09-03T22:04:57-05:00\",\"dateModified\":\"2026-09-03T22:11:05-05:00\",\"inLanguage\":\"es-ES\",\"mainEntityOfPage\":{\"@id\":\"https:\\\/\\\/www.boyacaleinforma.com\\\/?p=46171#webpage\"},\"isPartOf\":{\"@id\":\"https:\\\/\\\/www.boyacaleinforma.com\\\/?p=46171#webpage\"},\"articleSection\":\"Judicial, Noticias\"},{\"@type\":\"BreadcrumbList\",\"@id\":\"https:\\\/\\\/www.boyacaleinforma.com\\\/?p=46171#breadcrumblist\",\"itemListElement\":[{\"@type\":\"ListItem\",\"@id\":\"https:\\\/\\\/www.boyacaleinforma.com#listItem\",\"position\":1,\"name\":\"Home\",\"item\":\"https:\\\/\\\/www.boyacaleinforma.com\",\"nextItem\":{\"@type\":\"ListItem\",\"@id\":\"https:\\\/\\\/www.boyacaleinforma.com\\\/?cat=8#listItem\",\"name\":\"Judicial\"}},{\"@type\":\"ListItem\",\"@id\":\"https:\\\/\\\/www.boyacaleinforma.com\\\/?cat=8#listItem\",\"position\":2,\"name\":\"Judicial\",\"item\":\"https:\\\/\\\/www.boyacaleinforma.com\\\/?cat=8\",\"nextItem\":{\"@type\":\"ListItem\",\"@id\":\"https:\\\/\\\/www.boyacaleinforma.com\\\/?p=46171#listItem\",\"name\":\"Boyac\\u00e1 refuerza la seguridad vial\"},\"previousItem\":{\"@type\":\"ListItem\",\"@id\":\"https:\\\/\\\/www.boyacaleinforma.com#listItem\",\"name\":\"Home\"}},{\"@type\":\"ListItem\",\"@id\":\"https:\\\/\\\/www.boyacaleinforma.com\\\/?p=46171#listItem\",\"position\":3,\"name\":\"Boyac\\u00e1 refuerza la seguridad vial\",\"previousItem\":{\"@type\":\"ListItem\",\"@id\":\"https:\\\/\\\/www.boyacaleinforma.com\\\/?cat=8#listItem\",\"name\":\"Judicial\"}}]},{\"@type\":\"Organization\",\"@id\":\"https:\\\/\\\/www.boyacaleinforma.com\\\/#organization\",\"name\":\"Boyac\\u00e1 Le Informa\",\"description\":\"Nosotros informamos, usted elige el punto de vista\",\"url\":\"https:\\\/\\\/www.boyacaleinforma.com\\\/\",\"logo\":{\"@type\":\"ImageObject\",\"url\":\"https:\\\/\\\/www.boyacaleinforma.com\\\/wp-content\\\/uploads\\\/2023\\\/11\\\/WhatsApp-Image-2023-01-16-at-8.43.37-PM.jpeg\",\"@id\":\"https:\\\/\\\/www.boyacaleinforma.com\\\/?p=46171\\\/#organizationLogo\",\"width\":1201,\"height\":830},\"image\":{\"@id\":\"https:\\\/\\\/www.boyacaleinforma.com\\\/?p=46171\\\/#organizationLogo\"},\"sameAs\":[\"https:\\\/\\\/facebook.com\\\/Boyac\\u00e1 Le Informa\",\"https:\\\/\\\/x.com\\\/Boyac\\u00e1 Le Informa\",\"https:\\\/\\\/instagram.com\\\/Boyac\\u00e1 Le Informa\",\"https:\\\/\\\/pinterest.com\\\/Boyac\\u00e1 Le Informa\",\"https:\\\/\\\/youtube.com\\\/Boyac\\u00e1 Le Informa\",\"https:\\\/\\\/linkedin.com\\\/in\\\/Boyac\\u00e1 Le Informa\"]},{\"@type\":\"Person\",\"@id\":\"https:\\\/\\\/www.boyacaleinforma.com\\\/?author=1#author\",\"url\":\"https:\\\/\\\/www.boyacaleinforma.com\\\/?author=1\",\"name\":\"Lorena\",\"image\":{\"@type\":\"ImageObject\",\"@id\":\"https:\\\/\\\/www.boyacaleinforma.com\\\/?p=46171#authorImage\",\"url\":\"https:\\\/\\\/secure.gravatar.com\\\/avatar\\\/7ff34fbccee2466596270b966ef097be212f54fd0df5cd4afb0c375c83169e45?s=96&d=mm&r=g\",\"width\":96,\"height\":96,\"caption\":\"Lorena\"}},{\"@type\":\"WebPage\",\"@id\":\"https:\\\/\\\/www.boyacaleinforma.com\\\/?p=46171#webpage\",\"url\":\"https:\\\/\\\/www.boyacaleinforma.com\\\/?p=46171\",\"name\":\"Boyac\\u00e1 refuerza la seguridad vial - Boyac\\u00e1 Le Informa\",\"description\":\"La Polic\\u00eda Nacional, en coordinaci\\u00f3n con el Ej\\u00e9rcito Nacional, adelant\\u00f3 una nueva jornada de control y verificaci\\u00f3n en distintos puntos de Boyac\\u00e1, que dej\\u00f3 como resultado la recuperaci\\u00f3n de un veh\\u00edculo hurtado y la captura de un hombre por falsedad documental, adem\\u00e1s de una jornada comunitaria en homenaje a los adultos mayores del municipio de\",\"inLanguage\":\"es-ES\",\"isPartOf\":{\"@id\":\"https:\\\/\\\/www.boyacaleinforma.com\\\/#website\"},\"breadcrumb\":{\"@id\":\"https:\\\/\\\/www.boyacaleinforma.com\\\/?p=46171#breadcrumblist\"},\"author\":{\"@id\":\"https:\\\/\\\/www.boyacaleinforma.com\\\/?author=1#author\"},\"creator\":{\"@id\":\"https:\\\/\\\/www.boyacaleinforma.com\\\/?author=1#author\"},\"image\":{\"@type\":\"ImageObject\",\"url\":\"https:\\\/\\\/www.boyacaleinforma.com\\\/wp-content\\\/uploads\\\/2026\\\/09\\\/WhatsApp-Image-2026-09-03-at-1.47.31-PM.jpeg\",\"@id\":\"https:\\\/\\\/www.boyacaleinforma.com\\\/?p=46171\\\/#mainImage\",\"width\":1524,\"height\":854},\"primaryImageOfPage\":{\"@id\":\"https:\\\/\\\/www.boyacaleinforma.com\\\/?p=46171#mainImage\"},\"datePublished\":\"2026-09-03T22:04:57-05:00\",\"dateModified\":\"2026-09-03T22:11:05-05:00\"},{\"@type\":\"WebSite\",\"@id\":\"https:\\\/\\\/www.boyacaleinforma.com\\\/#website\",\"url\":\"https:\\\/\\\/www.boyacaleinforma.com\\\/\",\"name\":\"Boyac\\u00e1 Le Informa\",\"description\":\"Nosotros informamos, usted elige el punto de vista\",\"inLanguage\":\"es-ES\",\"publisher\":{\"@id\":\"https:\\\/\\\/www.boyacaleinforma.com\\\/#organization\"}}]}\n\t\t<\/script>\n\t\t<!-- All in One SEO -->\n\n","aioseo_head_json":{"title":"Boyac\u00e1 refuerza la seguridad vial - Boyac\u00e1 Le Informa","description":"La Polic\u00eda Nacional, en coordinaci\u00f3n con el Ej\u00e9rcito Nacional, adelant\u00f3 una nueva jornada de control y verificaci\u00f3n en distintos puntos de Boyac\u00e1, que dej\u00f3 como resultado la recuperaci\u00f3n de un veh\u00edculo hurtado y la captura de un hombre por falsedad documental, adem\u00e1s de una jornada comunitaria en homenaje a los adultos mayores del municipio de","canonical_url":"https:\/\/www.boyacaleinforma.com\/?p=46171","robots":"max-image-preview:large","keywords":"","webmasterTools":{"miscellaneous":""},"schema":{"@context":"https:\/\/schema.org","@graph":[{"@type":"BlogPosting","@id":"https:\/\/www.boyacaleinforma.com\/?p=46171#blogposting","name":"Boyac\u00e1 refuerza la seguridad vial - Boyac\u00e1 Le Informa","headline":"Boyac\u00e1 refuerza la seguridad vial","author":{"@id":"https:\/\/www.boyacaleinforma.com\/?author=1#author"},"publisher":{"@id":"https:\/\/www.boyacaleinforma.com\/#organization"},"image":{"@type":"ImageObject","url":"https:\/\/www.boyacaleinforma.com\/wp-content\/uploads\/2026\/09\/WhatsApp-Image-2026-09-03-at-1.47.31-PM.jpeg","width":1524,"height":854},"datePublished":"2026-09-03T22:04:57-05:00","dateModified":"2026-09-03T22:11:05-05:00","inLanguage":"es-ES","mainEntityOfPage":{"@id":"https:\/\/www.boyacaleinforma.com\/?p=46171#webpage"},"isPartOf":{"@id":"https:\/\/www.boyacaleinforma.com\/?p=46171#webpage"},"articleSection":"Judicial, Noticias"},{"@type":"BreadcrumbList","@id":"https:\/\/www.boyacaleinforma.com\/?p=46171#breadcrumblist","itemListElement":[{"@type":"ListItem","@id":"https:\/\/www.boyacaleinforma.com#listItem","position":1,"name":"Home","item":"https:\/\/www.boyacaleinforma.com","nextItem":{"@type":"ListItem","@id":"https:\/\/www.boyacaleinforma.com\/?cat=8#listItem","name":"Judicial"}},{"@type":"ListItem","@id":"https:\/\/www.boyacaleinforma.com\/?cat=8#listItem","position":2,"name":"Judicial","item":"https:\/\/www.boyacaleinforma.com\/?cat=8","nextItem":{"@type":"ListItem","@id":"https:\/\/www.boyacaleinforma.com\/?p=46171#listItem","name":"Boyac\u00e1 refuerza la seguridad vial"},"previousItem":{"@type":"ListItem","@id":"https:\/\/www.boyacaleinforma.com#listItem","name":"Home"}},{"@type":"ListItem","@id":"https:\/\/www.boyacaleinforma.com\/?p=46171#listItem","position":3,"name":"Boyac\u00e1 refuerza la seguridad vial","previousItem":{"@type":"ListItem","@id":"https:\/\/www.boyacaleinforma.com\/?cat=8#listItem","name":"Judicial"}}]},{"@type":"Organization","@id":"https:\/\/www.boyacaleinforma.com\/#organization","name":"Boyac\u00e1 Le Informa","description":"Nosotros informamos, usted elige el punto de vista","url":"https:\/\/www.boyacaleinforma.com\/","logo":{"@type":"ImageObject","url":"https:\/\/www.boyacaleinforma.com\/wp-content\/uploads\/2023\/11\/WhatsApp-Image-2023-01-16-at-8.43.37-PM.jpeg","@id":"https:\/\/www.boyacaleinforma.com\/?p=46171\/#organizationLogo","width":1201,"height":830},"image":{"@id":"https:\/\/www.boyacaleinforma.com\/?p=46171\/#organizationLogo"},"sameAs":["https:\/\/facebook.com\/Boyac\u00e1 Le Informa","https:\/\/x.com\/Boyac\u00e1 Le Informa","https:\/\/instagram.com\/Boyac\u00e1 Le Informa","https:\/\/pinterest.com\/Boyac\u00e1 Le Informa","https:\/\/youtube.com\/Boyac\u00e1 Le Informa","https:\/\/linkedin.com\/in\/Boyac\u00e1 Le Informa"]},{"@type":"Person","@id":"https:\/\/www.boyacaleinforma.com\/?author=1#author","url":"https:\/\/www.boyacaleinforma.com\/?author=1","name":"Lorena","image":{"@type":"ImageObject","@id":"https:\/\/www.boyacaleinforma.com\/?p=46171#authorImage","url":"https:\/\/secure.gravatar.com\/avatar\/7ff34fbccee2466596270b966ef097be212f54fd0df5cd4afb0c375c83169e45?s=96&d=mm&r=g","width":96,"height":96,"caption":"Lorena"}},{"@type":"WebPage","@id":"https:\/\/www.boyacaleinforma.com\/?p=46171#webpage","url":"https:\/\/www.boyacaleinforma.com\/?p=46171","name":"Boyac\u00e1 refuerza la seguridad vial - Boyac\u00e1 Le Informa","description":"La Polic\u00eda Nacional, en coordinaci\u00f3n con el Ej\u00e9rcito Nacional, adelant\u00f3 una nueva jornada de control y verificaci\u00f3n en distintos puntos de Boyac\u00e1, que dej\u00f3 como resultado la recuperaci\u00f3n de un veh\u00edculo hurtado y la captura de un hombre por falsedad documental, adem\u00e1s de una jornada comunitaria en homenaje a los adultos mayores del municipio de","inLanguage":"es-ES","isPartOf":{"@id":"https:\/\/www.boyacaleinforma.com\/#website"},"breadcrumb":{"@id":"https:\/\/www.boyacaleinforma.com\/?p=46171#breadcrumblist"},"author":{"@id":"https:\/\/www.boyacaleinforma.com\/?author=1#author"},"creator":{"@id":"https:\/\/www.boyacaleinforma.com\/?author=1#author"},"image":{"@type":"ImageObject","url":"https:\/\/www.boyacaleinforma.com\/wp-content\/uploads\/2026\/09\/WhatsApp-Image-2026-09-03-at-1.47.31-PM.jpeg","@id":"https:\/\/www.boyacaleinforma.com\/?p=46171\/#mainImage","width":1524,"height":854},"primaryImageOfPage":{"@id":"https:\/\/www.boyacaleinforma.com\/?p=46171#mainImage"},"datePublished":"2026-09-03T22:04:57-05:00","dateModified":"2026-09-03T22:11:05-05:00"},{"@type":"WebSite","@id":"https:\/\/www.boyacaleinforma.com\/#website","url":"https:\/\/www.boyacaleinforma.com\/","name":"Boyac\u00e1 Le Informa","description":"Nosotros informamos, usted elige el punto de vista","inLanguage":"es-ES","publisher":{"@id":"https:\/\/www.boyacaleinforma.com\/#organization"}}]},"og:locale":"es_ES","og:site_name":"Boyac\u00e1 Le Informa - Nosotros informamos, usted elige el punto de vista","og:type":"article","og:title":"Boyac\u00e1 refuerza la seguridad vial - Boyac\u00e1 Le Informa","og:description":"La Polic\u00eda Nacional, en coordinaci\u00f3n con el Ej\u00e9rcito Nacional, adelant\u00f3 una nueva jornada de control y verificaci\u00f3n en distintos puntos de Boyac\u00e1, que dej\u00f3 como resultado la recuperaci\u00f3n de un veh\u00edculo hurtado y la captura de un hombre por falsedad documental, adem\u00e1s de una jornada comunitaria en homenaje a los adultos mayores del municipio de","og:url":"https:\/\/www.boyacaleinforma.com\/?p=46171","og:image":"https:\/\/www.boyacaleinforma.com\/wp-content\/uploads\/2023\/01\/cropped-boyca-le-informa-png.png","og:image:secure_url":"https:\/\/www.boyacaleinforma.com\/wp-content\/uploads\/2023\/01\/cropped-boyca-le-informa-png.png","og:image:width":1201,"og:image:height":830,"article:published_time":"2026-09-04T03:04:57+00:00","article:modified_time":"2026-09-04T03:11:05+00:00","article:publisher":"https:\/\/facebook.com\/Boyac\u00e1 Le Informa","twitter:card":"summary_large_image","twitter:site":"@Boyac\u00e1%20Le%20Informa","twitter:title":"Boyac\u00e1 refuerza la seguridad vial - Boyac\u00e1 Le Informa","twitter:description":"La Polic\u00eda Nacional, en coordinaci\u00f3n con el Ej\u00e9rcito Nacional, adelant\u00f3 una nueva jornada de control y verificaci\u00f3n en distintos puntos de Boyac\u00e1, que dej\u00f3 como resultado la recuperaci\u00f3n de un veh\u00edculo hurtado y la captura de un hombre por falsedad documental, adem\u00e1s de una jornada comunitaria en homenaje a los adultos mayores del municipio de","twitter:creator":"@Boyac\u00e1%20Le%20Informa","twitter:image":"https:\/\/www.boyacaleinforma.com\/wp-content\/uploads\/2023\/01\/cropped-boyca-le-informa-png.png"},"aioseo_meta_data":{"post_id":"46171","title":null,"description":null,"keywords":null,"keyphrases":{"focus":{"keyphrase":"","score":0,"analysis":{"keyphraseInTitle":{"score":0,"maxScore":9,"error":1}}},"additional":[]},"primary_term":null,"canonical_url":null,"og_title":null,"og_description":null,"og_object_type":"default","og_image_type":"default","og_image_url":null,"og_image_width":null,"og_image_height":null,"og_image_custom_url":null,"og_image_custom_fields":null,"og_video":"","og_custom_url":null,"og_article_section":null,"og_article_tags":null,"twitter_use_og":false,"twitter_card":"default","twitter_image_type":"default","twitter_image_url":null,"twitter_image_custom_url":null,"twitter_image_custom_fields":null,"twitter_title":null,"twitter_description":null,"schema":{"blockGraphs":[],"customGraphs":[],"default":{"data":{"Article":[],"Course":[],"Dataset":[],"FAQPage":[],"Movie":[],"Person":[],"Product":[],"ProductReview":[],"Car":[],"Recipe":[],"Service":[],"SoftwareApplication":[],"WebPage":[]},"graphName":"BlogPosting","isEnabled":true},"graphs":[]},"schema_type":"default","schema_type_options":null,"pillar_content":false,"robots_default":true,"robots_noindex":false,"robots_noarchive":false,"robots_nosnippet":false,"robots_nofollow":false,"robots_noimageindex":false,"robots_noodp":false,"robots_notranslate":false,"robots_max_snippet":"-1","robots_max_videopreview":"-1","robots_max_imagepreview":"large","priority":null,"frequency":"default","local_seo":null,"breadcrumb_settings":null,"limit_modified_date":false,"ai":{"faqs":[],"keyPoints":[],"schemas":[],"titles":[],"descriptions":[],"socialPosts":{"email":{"subject":"","preview":"","content":""},"linkedin":[],"twitter":[],"facebook":[],"instagram":[]}},"created":"2026-09-04 03:05:06","updated":"2026-09-04 03:11:05","seo_analyzer_scan_date":null,"focus_keyword":null,"additional_keywords":null,"truseo_locale":null},"aioseo_breadcrumb":"<div class=\"aioseo-breadcrumbs\"><span class=\"aioseo-breadcrumb\">\n\t\t\t<a href=\"https:\/\/www.boyacaleinforma.com\" title=\"Home\">Home<\/a>\n\t\t<\/span><span class=\"aioseo-breadcrumb-separator\">&raquo;<\/span><span class=\"aioseo-breadcrumb\">\n\t\t\t<a href=\"https:\/\/www.boyacaleinforma.com\/?cat=8\" title=\"Judicial\">Judicial<\/a>\n\t\t<\/span><span class=\"aioseo-breadcrumb-separator\">&raquo;<\/span><span class=\"aioseo-breadcrumb\">\n\t\t\tBoyac\u00e1 refuerza la seguridad vial\n\t\t<\/span><\/div>","aioseo_breadcrumb_json":[{"label":"Home","link":"https:\/\/www.boyacaleinforma.com"},{"label":"Judicial","link":"https:\/\/www.boyacaleinforma.com\/?cat=8"},{"label":"Boyac\u00e1 refuerza la seguridad vial","link":"https:\/\/www.boyacaleinforma.com\/?p=46171"}],"_links":{"self":[{"href":"https:\/\/www.boyacaleinforma.com\/index.php?rest_route=\/wp\/v2\/posts\/46171","targetHints":{"allow":["GET"]}}],"collection":[{"href":"https:\/\/www.boyacaleinforma.com\/index.php?rest_route=\/wp\/v2\/posts"}],"about":[{"href":"https:\/\/www.boyacaleinforma.com\/index.php?rest_route=\/wp\/v2\/types\/post"}],"author":[{"embeddable":true,"href":"https:\/\/www.boyacaleinforma.com\/index.php?rest_route=\/wp\/v2\/users\/1"}],"replies":[{"embeddable":true,"href":"https:\/\/www.boyacaleinforma.com\/index.php?rest_route=%2Fwp%2Fv2%2Fcomments&post=46171"}],"version-history":[{"count":1,"href":"https:\/\/www.boyacaleinforma.com\/index.php?rest_route=\/wp\/v2\/posts\/46171\/revisions"}],"predecessor-version":[{"id":46172,"href":"https:\/\/www.boyacaleinforma.com\/index.php?rest_route=\/wp\/v2\/posts\/46171\/revisions\/46172"}],"wp:featuredmedia":[{"embeddable":true,"href":"https:\/\/www.boyacaleinforma.com\/index.php?rest_route=\/wp\/v2\/media\/46168"}],"wp:attachment":[{"href":"https:\/\/www.boyacaleinforma.com\/index.php?rest_route=%2Fwp%2Fv2%2Fmedia&parent=46171"}],"wp:term":[{"taxonomy":"category","embeddable":true,"href":"https:\/\/www.boyacaleinforma.com\/index.php?rest_route=%2Fwp%2Fv2%2Fcategories&post=46171"},{"taxonomy":"post_tag","embeddable":true,"href":"https:\/\/www.boyacaleinforma.com\/index.php?rest_route=%2Fwp%2Fv2%2Ftags&post=46171"}],"curies":[{"name":"wp","href":"https:\/\/api.w.org\/{rel}","templated":true}]}}