{"id":46173,"date":"2026-09-03T22:06:18","date_gmt":"2026-09-04T03:06:18","guid":{"rendered":"https:\/\/www.boyacaleinforma.com\/?p=46173"},"modified":"2026-09-03T22:10:49","modified_gmt":"2026-09-04T03:10:49","slug":"hombre-acepta-cargos-por-la-muerte-de-su-pareja-sentimental-en-el-barrio-ciudad-jardin","status":"publish","type":"post","link":"https:\/\/www.boyacaleinforma.com\/?p=46173","title":{"rendered":"Hombre acepta cargos por la muerte de su pareja sentimental en el barrio Ciudad Jard\u00edn"},"content":{"rendered":"\n<p class=\"wp-block-paragraph\">Un hombre identificado como Andr\u00e9s Camilo Quintero Su\u00e1rez deber\u00e1 permanecer recluido en un centro carcelario tras ser imputado por el feminicidio agravado de su compa\u00f1era sentimental, Karen Julieta Coronado C\u00e1rdenas, de 28 a\u00f1os, ocurrido en la madrugada del 30 de agosto en el barrio Ciudad Jard\u00edn de Tunja.<br><br>De acuerdo con la Fiscal\u00eda General de la Naci\u00f3n, la investigaci\u00f3n estuvo a cargo de un fiscal seccional de la Unidad de Reacci\u00f3n Inmediata (URI) de la capital boyacense, que estableci\u00f3 que el procesado habr\u00eda atacado a la v\u00edctima con un arma corto punzante, agresi\u00f3n que le caus\u00f3 la muerte. Seg\u00fan el material probatorio recolectado, el hecho se present\u00f3 en medio de un episodio de celos por parte del ahora procesado.<br><br>La pareja manten\u00eda una relaci\u00f3n intermitente desde hac\u00eda cuatro a\u00f1os y, durante los \u00faltimos cuatro meses, conviv\u00eda bajo el mismo techo. En el desarrollo de las audiencias preliminares, la Fiscal\u00eda indic\u00f3 que la mujer habr\u00eda sido sometida a un ciclo de violencia f\u00edsica y psicol\u00f3gica antes de su muerte.<br><br>Las autoridades se\u00f1alaron adem\u00e1s que la agresi\u00f3n estuvo relacionada con un prolongado consumo de bebidas embriagantes por parte del hombre, un factor que las autoridades locales han identificado como recurrente en los casos de violencia intrafamiliar atendidos en la ciudad. El comandante de la Polic\u00eda Metropolitana de Tunja, coronel Javier Gustavo Lemus, se\u00f1al\u00f3 que solo en lo corrido del a\u00f1o se han registrado m\u00e1s de 140 casos de este tipo en la capital boyacense, lo que ha llevado a las autoridades a reforzar las estrategias de prevenci\u00f3n e intervenci\u00f3n con personas que ejercen violencia en sus hogares.<br><br>Por el delito de feminicidio agravado, Quintero Su\u00e1rez acept\u00f3 los cargos de manera libre, voluntaria y asesorado por su defensa. Como resultado, un juez de control de garant\u00edas orden\u00f3 su reclusi\u00f3n en establecimiento carcelario mientras avanza el proceso judicial.<br><br>Las audiencias de imputaci\u00f3n y de medida de aseguramiento se realizaron el 3 de septiembre, luego de que el procesado permaneciera varios d\u00edas recluido en un centro m\u00e9dico, donde fue atendido tras resultar lesionado despu\u00e9s de cometer el crimen. Una vez dado de alta, se present\u00f3 de manera voluntaria ante la autoridad judicial para continuar con el proceso en su contra.<br><br>El caso se suma a los hechos de violencia contra la mujer que este a\u00f1o han encendido las alarmas en Tunja, y refuerza el llamado de las autoridades a fortalecer las rutas de atenci\u00f3n y denuncia frente a situaciones de violencia intrafamiliar en la regi\u00f3n.<\/p>\n","protected":false},"excerpt":{"rendered":"<p>Un hombre identificado como Andr\u00e9s Camilo Quintero Su\u00e1rez deber\u00e1 permanecer recluido en un centro carcelario tras ser imputado<\/p>\n","protected":false},"author":1,"featured_media":46169,"comment_status":"open","ping_status":"open","sticky":false,"template":"","format":"standard","meta":{"om_disable_all_campaigns":false,"_monsterinsights_skip_tracking":false,"footnotes":""},"categories":[8],"tags":[10],"class_list":["post-46173","post","type-post","status-publish","format-standard","has-post-thumbnail","hentry","category-judicial","tag-noticias"],"aioseo_notices":[],"aioseo_head":"\n\t\t<!-- All in One SEO 5.0.1.1 - aioseo.com -->\n\t<meta name=\"description\" content=\"Un hombre identificado como Andr\u00e9s Camilo Quintero Su\u00e1rez deber\u00e1 permanecer recluido en un centro carcelario tras ser imputado por el feminicidio agravado de su compa\u00f1era sentimental, Karen Julieta Coronado C\u00e1rdenas, de 28 a\u00f1os, ocurrido en la madrugada del 30 de agosto en el barrio Ciudad Jard\u00edn de Tunja.De acuerdo con la Fiscal\u00eda General de la\" \/>\n\t<meta name=\"robots\" content=\"max-image-preview:large\" \/>\n\t<meta name=\"author\" content=\"Lorena\"\/>\n\t<link rel=\"canonical\" href=\"https:\/\/www.boyacaleinforma.com\/?p=46173\" \/>\n\t<meta name=\"generator\" content=\"All in One SEO (AIOSEO) 5.0.1.1\" \/>\n\t\t<meta property=\"og:locale\" content=\"es_ES\" \/>\n\t\t<meta property=\"og:site_name\" content=\"Boyac\u00e1 Le Informa - Nosotros informamos, usted elige el punto de vista\" \/>\n\t\t<meta property=\"og:type\" content=\"article\" \/>\n\t\t<meta property=\"og:title\" content=\"Hombre acepta cargos por la muerte de su pareja sentimental en el barrio Ciudad Jard\u00edn - Boyac\u00e1 Le Informa\" \/>\n\t\t<meta property=\"og:description\" content=\"Un hombre identificado como Andr\u00e9s Camilo Quintero Su\u00e1rez deber\u00e1 permanecer recluido en un centro carcelario tras ser imputado por el feminicidio agravado de su compa\u00f1era sentimental, Karen Julieta Coronado C\u00e1rdenas, de 28 a\u00f1os, ocurrido en la madrugada del 30 de agosto en el barrio Ciudad Jard\u00edn de Tunja.De acuerdo con la Fiscal\u00eda General de la\" \/>\n\t\t<meta property=\"og:url\" content=\"https:\/\/www.boyacaleinforma.com\/?p=46173\" \/>\n\t\t<meta property=\"og:image\" content=\"https:\/\/www.boyacaleinforma.com\/wp-content\/uploads\/2023\/01\/cropped-boyca-le-informa-png.png\" \/>\n\t\t<meta property=\"og:image:secure_url\" content=\"https:\/\/www.boyacaleinforma.com\/wp-content\/uploads\/2023\/01\/cropped-boyca-le-informa-png.png\" \/>\n\t\t<meta property=\"og:image:width\" content=\"1201\" \/>\n\t\t<meta property=\"og:image:height\" content=\"830\" \/>\n\t\t<meta property=\"article:published_time\" content=\"2026-09-04T03:06:18+00:00\" \/>\n\t\t<meta property=\"article:modified_time\" content=\"2026-09-04T03:10:49+00:00\" \/>\n\t\t<meta property=\"article:publisher\" content=\"https:\/\/facebook.com\/Boyac\u00e1 Le Informa\" \/>\n\t\t<meta name=\"twitter:card\" content=\"summary_large_image\" \/>\n\t\t<meta name=\"twitter:site\" content=\"@Boyac\u00e1%20Le%20Informa\" \/>\n\t\t<meta name=\"twitter:title\" content=\"Hombre acepta cargos por la muerte de su pareja sentimental en el barrio Ciudad Jard\u00edn - Boyac\u00e1 Le Informa\" \/>\n\t\t<meta name=\"twitter:description\" content=\"Un hombre identificado como Andr\u00e9s Camilo Quintero Su\u00e1rez deber\u00e1 permanecer recluido en un centro carcelario tras ser imputado por el feminicidio agravado de su compa\u00f1era sentimental, Karen Julieta Coronado C\u00e1rdenas, de 28 a\u00f1os, ocurrido en la madrugada del 30 de agosto en el barrio Ciudad Jard\u00edn de Tunja.De acuerdo con la Fiscal\u00eda General de la\" \/>\n\t\t<meta name=\"twitter:creator\" content=\"@Boyac\u00e1%20Le%20Informa\" \/>\n\t\t<meta name=\"twitter:image\" content=\"https:\/\/www.boyacaleinforma.com\/wp-content\/uploads\/2023\/01\/cropped-boyca-le-informa-png.png\" \/>\n\t\t<script type=\"application\/ld+json\" class=\"aioseo-schema\">\n\t\t\t{\"@context\":\"https:\\\/\\\/schema.org\",\"@graph\":[{\"@type\":\"BlogPosting\",\"@id\":\"https:\\\/\\\/www.boyacaleinforma.com\\\/?p=46173#blogposting\",\"name\":\"Hombre acepta cargos por la muerte de su pareja sentimental en el barrio Ciudad Jard\\u00edn - Boyac\\u00e1 Le Informa\",\"headline\":\"Hombre acepta cargos por la muerte de su pareja sentimental en el barrio Ciudad Jard\\u00edn\",\"author\":{\"@id\":\"https:\\\/\\\/www.boyacaleinforma.com\\\/?author=1#author\"},\"publisher\":{\"@id\":\"https:\\\/\\\/www.boyacaleinforma.com\\\/#organization\"},\"image\":{\"@type\":\"ImageObject\",\"url\":\"https:\\\/\\\/www.boyacaleinforma.com\\\/wp-content\\\/uploads\\\/2026\\\/09\\\/WhatsApp-Image-2026-09-03-at-6.24.34-PM.jpeg\",\"width\":1279,\"height\":712},\"datePublished\":\"2026-09-03T22:06:18-05:00\",\"dateModified\":\"2026-09-03T22:10:49-05:00\",\"inLanguage\":\"es-ES\",\"mainEntityOfPage\":{\"@id\":\"https:\\\/\\\/www.boyacaleinforma.com\\\/?p=46173#webpage\"},\"isPartOf\":{\"@id\":\"https:\\\/\\\/www.boyacaleinforma.com\\\/?p=46173#webpage\"},\"articleSection\":\"Judicial, Noticias\"},{\"@type\":\"BreadcrumbList\",\"@id\":\"https:\\\/\\\/www.boyacaleinforma.com\\\/?p=46173#breadcrumblist\",\"itemListElement\":[{\"@type\":\"ListItem\",\"@id\":\"https:\\\/\\\/www.boyacaleinforma.com#listItem\",\"position\":1,\"name\":\"Home\",\"item\":\"https:\\\/\\\/www.boyacaleinforma.com\",\"nextItem\":{\"@type\":\"ListItem\",\"@id\":\"https:\\\/\\\/www.boyacaleinforma.com\\\/?cat=8#listItem\",\"name\":\"Judicial\"}},{\"@type\":\"ListItem\",\"@id\":\"https:\\\/\\\/www.boyacaleinforma.com\\\/?cat=8#listItem\",\"position\":2,\"name\":\"Judicial\",\"item\":\"https:\\\/\\\/www.boyacaleinforma.com\\\/?cat=8\",\"nextItem\":{\"@type\":\"ListItem\",\"@id\":\"https:\\\/\\\/www.boyacaleinforma.com\\\/?p=46173#listItem\",\"name\":\"Hombre acepta cargos por la muerte de su pareja sentimental en el barrio Ciudad Jard\\u00edn\"},\"previousItem\":{\"@type\":\"ListItem\",\"@id\":\"https:\\\/\\\/www.boyacaleinforma.com#listItem\",\"name\":\"Home\"}},{\"@type\":\"ListItem\",\"@id\":\"https:\\\/\\\/www.boyacaleinforma.com\\\/?p=46173#listItem\",\"position\":3,\"name\":\"Hombre acepta cargos por la muerte de su pareja sentimental en el barrio Ciudad Jard\\u00edn\",\"previousItem\":{\"@type\":\"ListItem\",\"@id\":\"https:\\\/\\\/www.boyacaleinforma.com\\\/?cat=8#listItem\",\"name\":\"Judicial\"}}]},{\"@type\":\"Organization\",\"@id\":\"https:\\\/\\\/www.boyacaleinforma.com\\\/#organization\",\"name\":\"Boyac\\u00e1 Le Informa\",\"description\":\"Nosotros informamos, usted elige el punto de vista\",\"url\":\"https:\\\/\\\/www.boyacaleinforma.com\\\/\",\"logo\":{\"@type\":\"ImageObject\",\"url\":\"https:\\\/\\\/www.boyacaleinforma.com\\\/wp-content\\\/uploads\\\/2023\\\/11\\\/WhatsApp-Image-2023-01-16-at-8.43.37-PM.jpeg\",\"@id\":\"https:\\\/\\\/www.boyacaleinforma.com\\\/?p=46173\\\/#organizationLogo\",\"width\":1201,\"height\":830},\"image\":{\"@id\":\"https:\\\/\\\/www.boyacaleinforma.com\\\/?p=46173\\\/#organizationLogo\"},\"sameAs\":[\"https:\\\/\\\/facebook.com\\\/Boyac\\u00e1 Le Informa\",\"https:\\\/\\\/x.com\\\/Boyac\\u00e1 Le Informa\",\"https:\\\/\\\/instagram.com\\\/Boyac\\u00e1 Le Informa\",\"https:\\\/\\\/pinterest.com\\\/Boyac\\u00e1 Le Informa\",\"https:\\\/\\\/youtube.com\\\/Boyac\\u00e1 Le Informa\",\"https:\\\/\\\/linkedin.com\\\/in\\\/Boyac\\u00e1 Le Informa\"]},{\"@type\":\"Person\",\"@id\":\"https:\\\/\\\/www.boyacaleinforma.com\\\/?author=1#author\",\"url\":\"https:\\\/\\\/www.boyacaleinforma.com\\\/?author=1\",\"name\":\"Lorena\",\"image\":{\"@type\":\"ImageObject\",\"@id\":\"https:\\\/\\\/www.boyacaleinforma.com\\\/?p=46173#authorImage\",\"url\":\"https:\\\/\\\/secure.gravatar.com\\\/avatar\\\/7ff34fbccee2466596270b966ef097be212f54fd0df5cd4afb0c375c83169e45?s=96&d=mm&r=g\",\"width\":96,\"height\":96,\"caption\":\"Lorena\"}},{\"@type\":\"WebPage\",\"@id\":\"https:\\\/\\\/www.boyacaleinforma.com\\\/?p=46173#webpage\",\"url\":\"https:\\\/\\\/www.boyacaleinforma.com\\\/?p=46173\",\"name\":\"Hombre acepta cargos por la muerte de su pareja sentimental en el barrio Ciudad Jard\\u00edn - Boyac\\u00e1 Le Informa\",\"description\":\"Un hombre identificado como Andr\\u00e9s Camilo Quintero Su\\u00e1rez deber\\u00e1 permanecer recluido en un centro carcelario tras ser imputado por el feminicidio agravado de su compa\\u00f1era sentimental, Karen Julieta Coronado C\\u00e1rdenas, de 28 a\\u00f1os, ocurrido en la madrugada del 30 de agosto en el barrio Ciudad Jard\\u00edn de Tunja.De acuerdo con la Fiscal\\u00eda General de la\",\"inLanguage\":\"es-ES\",\"isPartOf\":{\"@id\":\"https:\\\/\\\/www.boyacaleinforma.com\\\/#website\"},\"breadcrumb\":{\"@id\":\"https:\\\/\\\/www.boyacaleinforma.com\\\/?p=46173#breadcrumblist\"},\"author\":{\"@id\":\"https:\\\/\\\/www.boyacaleinforma.com\\\/?author=1#author\"},\"creator\":{\"@id\":\"https:\\\/\\\/www.boyacaleinforma.com\\\/?author=1#author\"},\"image\":{\"@type\":\"ImageObject\",\"url\":\"https:\\\/\\\/www.boyacaleinforma.com\\\/wp-content\\\/uploads\\\/2026\\\/09\\\/WhatsApp-Image-2026-09-03-at-6.24.34-PM.jpeg\",\"@id\":\"https:\\\/\\\/www.boyacaleinforma.com\\\/?p=46173\\\/#mainImage\",\"width\":1279,\"height\":712},\"primaryImageOfPage\":{\"@id\":\"https:\\\/\\\/www.boyacaleinforma.com\\\/?p=46173#mainImage\"},\"datePublished\":\"2026-09-03T22:06:18-05:00\",\"dateModified\":\"2026-09-03T22:10:49-05:00\"},{\"@type\":\"WebSite\",\"@id\":\"https:\\\/\\\/www.boyacaleinforma.com\\\/#website\",\"url\":\"https:\\\/\\\/www.boyacaleinforma.com\\\/\",\"name\":\"Boyac\\u00e1 Le Informa\",\"description\":\"Nosotros informamos, usted elige el punto de vista\",\"inLanguage\":\"es-ES\",\"publisher\":{\"@id\":\"https:\\\/\\\/www.boyacaleinforma.com\\\/#organization\"}}]}\n\t\t<\/script>\n\t\t<!-- All in One SEO -->\n\n","aioseo_head_json":{"title":"Hombre acepta cargos por la muerte de su pareja sentimental en el barrio Ciudad Jard\u00edn - Boyac\u00e1 Le Informa","description":"Un hombre identificado como Andr\u00e9s Camilo Quintero Su\u00e1rez deber\u00e1 permanecer recluido en un centro carcelario tras ser imputado por el feminicidio agravado de su compa\u00f1era sentimental, Karen Julieta Coronado C\u00e1rdenas, de 28 a\u00f1os, ocurrido en la madrugada del 30 de agosto en el barrio Ciudad Jard\u00edn de Tunja.De acuerdo con la Fiscal\u00eda General de la","canonical_url":"https:\/\/www.boyacaleinforma.com\/?p=46173","robots":"max-image-preview:large","keywords":"","webmasterTools":{"miscellaneous":""},"schema":{"@context":"https:\/\/schema.org","@graph":[{"@type":"BlogPosting","@id":"https:\/\/www.boyacaleinforma.com\/?p=46173#blogposting","name":"Hombre acepta cargos por la muerte de su pareja sentimental en el barrio Ciudad Jard\u00edn - Boyac\u00e1 Le Informa","headline":"Hombre acepta cargos por la muerte de su pareja sentimental en el barrio Ciudad Jard\u00edn","author":{"@id":"https:\/\/www.boyacaleinforma.com\/?author=1#author"},"publisher":{"@id":"https:\/\/www.boyacaleinforma.com\/#organization"},"image":{"@type":"ImageObject","url":"https:\/\/www.boyacaleinforma.com\/wp-content\/uploads\/2026\/09\/WhatsApp-Image-2026-09-03-at-6.24.34-PM.jpeg","width":1279,"height":712},"datePublished":"2026-09-03T22:06:18-05:00","dateModified":"2026-09-03T22:10:49-05:00","inLanguage":"es-ES","mainEntityOfPage":{"@id":"https:\/\/www.boyacaleinforma.com\/?p=46173#webpage"},"isPartOf":{"@id":"https:\/\/www.boyacaleinforma.com\/?p=46173#webpage"},"articleSection":"Judicial, Noticias"},{"@type":"BreadcrumbList","@id":"https:\/\/www.boyacaleinforma.com\/?p=46173#breadcrumblist","itemListElement":[{"@type":"ListItem","@id":"https:\/\/www.boyacaleinforma.com#listItem","position":1,"name":"Home","item":"https:\/\/www.boyacaleinforma.com","nextItem":{"@type":"ListItem","@id":"https:\/\/www.boyacaleinforma.com\/?cat=8#listItem","name":"Judicial"}},{"@type":"ListItem","@id":"https:\/\/www.boyacaleinforma.com\/?cat=8#listItem","position":2,"name":"Judicial","item":"https:\/\/www.boyacaleinforma.com\/?cat=8","nextItem":{"@type":"ListItem","@id":"https:\/\/www.boyacaleinforma.com\/?p=46173#listItem","name":"Hombre acepta cargos por la muerte de su pareja sentimental en el barrio Ciudad Jard\u00edn"},"previousItem":{"@type":"ListItem","@id":"https:\/\/www.boyacaleinforma.com#listItem","name":"Home"}},{"@type":"ListItem","@id":"https:\/\/www.boyacaleinforma.com\/?p=46173#listItem","position":3,"name":"Hombre acepta cargos por la muerte de su pareja sentimental en el barrio Ciudad Jard\u00edn","previousItem":{"@type":"ListItem","@id":"https:\/\/www.boyacaleinforma.com\/?cat=8#listItem","name":"Judicial"}}]},{"@type":"Organization","@id":"https:\/\/www.boyacaleinforma.com\/#organization","name":"Boyac\u00e1 Le Informa","description":"Nosotros informamos, usted elige el punto de vista","url":"https:\/\/www.boyacaleinforma.com\/","logo":{"@type":"ImageObject","url":"https:\/\/www.boyacaleinforma.com\/wp-content\/uploads\/2023\/11\/WhatsApp-Image-2023-01-16-at-8.43.37-PM.jpeg","@id":"https:\/\/www.boyacaleinforma.com\/?p=46173\/#organizationLogo","width":1201,"height":830},"image":{"@id":"https:\/\/www.boyacaleinforma.com\/?p=46173\/#organizationLogo"},"sameAs":["https:\/\/facebook.com\/Boyac\u00e1 Le Informa","https:\/\/x.com\/Boyac\u00e1 Le Informa","https:\/\/instagram.com\/Boyac\u00e1 Le Informa","https:\/\/pinterest.com\/Boyac\u00e1 Le Informa","https:\/\/youtube.com\/Boyac\u00e1 Le Informa","https:\/\/linkedin.com\/in\/Boyac\u00e1 Le Informa"]},{"@type":"Person","@id":"https:\/\/www.boyacaleinforma.com\/?author=1#author","url":"https:\/\/www.boyacaleinforma.com\/?author=1","name":"Lorena","image":{"@type":"ImageObject","@id":"https:\/\/www.boyacaleinforma.com\/?p=46173#authorImage","url":"https:\/\/secure.gravatar.com\/avatar\/7ff34fbccee2466596270b966ef097be212f54fd0df5cd4afb0c375c83169e45?s=96&d=mm&r=g","width":96,"height":96,"caption":"Lorena"}},{"@type":"WebPage","@id":"https:\/\/www.boyacaleinforma.com\/?p=46173#webpage","url":"https:\/\/www.boyacaleinforma.com\/?p=46173","name":"Hombre acepta cargos por la muerte de su pareja sentimental en el barrio Ciudad Jard\u00edn - Boyac\u00e1 Le Informa","description":"Un hombre identificado como Andr\u00e9s Camilo Quintero Su\u00e1rez deber\u00e1 permanecer recluido en un centro carcelario tras ser imputado por el feminicidio agravado de su compa\u00f1era sentimental, Karen Julieta Coronado C\u00e1rdenas, de 28 a\u00f1os, ocurrido en la madrugada del 30 de agosto en el barrio Ciudad Jard\u00edn de Tunja.De acuerdo con la Fiscal\u00eda General de la","inLanguage":"es-ES","isPartOf":{"@id":"https:\/\/www.boyacaleinforma.com\/#website"},"breadcrumb":{"@id":"https:\/\/www.boyacaleinforma.com\/?p=46173#breadcrumblist"},"author":{"@id":"https:\/\/www.boyacaleinforma.com\/?author=1#author"},"creator":{"@id":"https:\/\/www.boyacaleinforma.com\/?author=1#author"},"image":{"@type":"ImageObject","url":"https:\/\/www.boyacaleinforma.com\/wp-content\/uploads\/2026\/09\/WhatsApp-Image-2026-09-03-at-6.24.34-PM.jpeg","@id":"https:\/\/www.boyacaleinforma.com\/?p=46173\/#mainImage","width":1279,"height":712},"primaryImageOfPage":{"@id":"https:\/\/www.boyacaleinforma.com\/?p=46173#mainImage"},"datePublished":"2026-09-03T22:06:18-05:00","dateModified":"2026-09-03T22:10:49-05:00"},{"@type":"WebSite","@id":"https:\/\/www.boyacaleinforma.com\/#website","url":"https:\/\/www.boyacaleinforma.com\/","name":"Boyac\u00e1 Le Informa","description":"Nosotros informamos, usted elige el punto de vista","inLanguage":"es-ES","publisher":{"@id":"https:\/\/www.boyacaleinforma.com\/#organization"}}]},"og:locale":"es_ES","og:site_name":"Boyac\u00e1 Le Informa - Nosotros informamos, usted elige el punto de vista","og:type":"article","og:title":"Hombre acepta cargos por la muerte de su pareja sentimental en el barrio Ciudad Jard\u00edn - Boyac\u00e1 Le Informa","og:description":"Un hombre identificado como Andr\u00e9s Camilo Quintero Su\u00e1rez deber\u00e1 permanecer recluido en un centro carcelario tras ser imputado por el feminicidio agravado de su compa\u00f1era sentimental, Karen Julieta Coronado C\u00e1rdenas, de 28 a\u00f1os, ocurrido en la madrugada del 30 de agosto en el barrio Ciudad Jard\u00edn de Tunja.De acuerdo con la Fiscal\u00eda General de la","og:url":"https:\/\/www.boyacaleinforma.com\/?p=46173","og:image":"https:\/\/www.boyacaleinforma.com\/wp-content\/uploads\/2023\/01\/cropped-boyca-le-informa-png.png","og:image:secure_url":"https:\/\/www.boyacaleinforma.com\/wp-content\/uploads\/2023\/01\/cropped-boyca-le-informa-png.png","og:image:width":1201,"og:image:height":830,"article:published_time":"2026-09-04T03:06:18+00:00","article:modified_time":"2026-09-04T03:10:49+00:00","article:publisher":"https:\/\/facebook.com\/Boyac\u00e1 Le Informa","twitter:card":"summary_large_image","twitter:site":"@Boyac\u00e1%20Le%20Informa","twitter:title":"Hombre acepta cargos por la muerte de su pareja sentimental en el barrio Ciudad Jard\u00edn - Boyac\u00e1 Le Informa","twitter:description":"Un hombre identificado como Andr\u00e9s Camilo Quintero Su\u00e1rez deber\u00e1 permanecer recluido en un centro carcelario tras ser imputado por el feminicidio agravado de su compa\u00f1era sentimental, Karen Julieta Coronado C\u00e1rdenas, de 28 a\u00f1os, ocurrido en la madrugada del 30 de agosto en el barrio Ciudad Jard\u00edn de Tunja.De acuerdo con la Fiscal\u00eda General de la","twitter:creator":"@Boyac\u00e1%20Le%20Informa","twitter:image":"https:\/\/www.boyacaleinforma.com\/wp-content\/uploads\/2023\/01\/cropped-boyca-le-informa-png.png"},"aioseo_meta_data":{"post_id":"46173","title":null,"description":null,"keywords":null,"keyphrases":{"focus":{"keyphrase":"","score":0,"analysis":{"keyphraseInTitle":{"score":0,"maxScore":9,"error":1}}},"additional":[]},"primary_term":null,"canonical_url":null,"og_title":null,"og_description":null,"og_object_type":"default","og_image_type":"default","og_image_url":null,"og_image_width":null,"og_image_height":null,"og_image_custom_url":null,"og_image_custom_fields":null,"og_video":"","og_custom_url":null,"og_article_section":null,"og_article_tags":null,"twitter_use_og":false,"twitter_card":"default","twitter_image_type":"default","twitter_image_url":null,"twitter_image_custom_url":null,"twitter_image_custom_fields":null,"twitter_title":null,"twitter_description":null,"schema":{"blockGraphs":[],"customGraphs":[],"default":{"data":{"Article":[],"Course":[],"Dataset":[],"FAQPage":[],"Movie":[],"Person":[],"Product":[],"ProductReview":[],"Car":[],"Recipe":[],"Service":[],"SoftwareApplication":[],"WebPage":[]},"graphName":"BlogPosting","isEnabled":true},"graphs":[]},"schema_type":"default","schema_type_options":null,"pillar_content":false,"robots_default":true,"robots_noindex":false,"robots_noarchive":false,"robots_nosnippet":false,"robots_nofollow":false,"robots_noimageindex":false,"robots_noodp":false,"robots_notranslate":false,"robots_max_snippet":"-1","robots_max_videopreview":"-1","robots_max_imagepreview":"large","priority":null,"frequency":"default","local_seo":null,"breadcrumb_settings":null,"limit_modified_date":false,"ai":{"faqs":[],"keyPoints":[],"schemas":[],"titles":[],"descriptions":[],"socialPosts":{"email":{"subject":"","preview":"","content":""},"linkedin":[],"twitter":[],"facebook":[],"instagram":[]}},"created":"2026-09-04 03:06:25","updated":"2026-09-04 03:10:50","seo_analyzer_scan_date":null,"focus_keyword":null,"additional_keywords":null,"truseo_locale":null},"aioseo_breadcrumb":"<div class=\"aioseo-breadcrumbs\"><span class=\"aioseo-breadcrumb\">\n\t\t\t<a href=\"https:\/\/www.boyacaleinforma.com\" title=\"Home\">Home<\/a>\n\t\t<\/span><span class=\"aioseo-breadcrumb-separator\">&raquo;<\/span><span class=\"aioseo-breadcrumb\">\n\t\t\t<a href=\"https:\/\/www.boyacaleinforma.com\/?cat=8\" title=\"Judicial\">Judicial<\/a>\n\t\t<\/span><span class=\"aioseo-breadcrumb-separator\">&raquo;<\/span><span class=\"aioseo-breadcrumb\">\n\t\t\tHombre acepta cargos por la muerte de su pareja sentimental en el barrio Ciudad Jard\u00edn\n\t\t<\/span><\/div>","aioseo_breadcrumb_json":[{"label":"Home","link":"https:\/\/www.boyacaleinforma.com"},{"label":"Judicial","link":"https:\/\/www.boyacaleinforma.com\/?cat=8"},{"label":"Hombre acepta cargos por la muerte de su pareja sentimental en el barrio Ciudad Jard\u00edn","link":"https:\/\/www.boyacaleinforma.com\/?p=46173"}],"_links":{"self":[{"href":"https:\/\/www.boyacaleinforma.com\/index.php?rest_route=\/wp\/v2\/posts\/46173","targetHints":{"allow":["GET"]}}],"collection":[{"href":"https:\/\/www.boyacaleinforma.com\/index.php?rest_route=\/wp\/v2\/posts"}],"about":[{"href":"https:\/\/www.boyacaleinforma.com\/index.php?rest_route=\/wp\/v2\/types\/post"}],"author":[{"embeddable":true,"href":"https:\/\/www.boyacaleinforma.com\/index.php?rest_route=\/wp\/v2\/users\/1"}],"replies":[{"embeddable":true,"href":"https:\/\/www.boyacaleinforma.com\/index.php?rest_route=%2Fwp%2Fv2%2Fcomments&post=46173"}],"version-history":[{"count":1,"href":"https:\/\/www.boyacaleinforma.com\/index.php?rest_route=\/wp\/v2\/posts\/46173\/revisions"}],"predecessor-version":[{"id":46174,"href":"https:\/\/www.boyacaleinforma.com\/index.php?rest_route=\/wp\/v2\/posts\/46173\/revisions\/46174"}],"wp:featuredmedia":[{"embeddable":true,"href":"https:\/\/www.boyacaleinforma.com\/index.php?rest_route=\/wp\/v2\/media\/46169"}],"wp:attachment":[{"href":"https:\/\/www.boyacaleinforma.com\/index.php?rest_route=%2Fwp%2Fv2%2Fmedia&parent=46173"}],"wp:term":[{"taxonomy":"category","embeddable":true,"href":"https:\/\/www.boyacaleinforma.com\/index.php?rest_route=%2Fwp%2Fv2%2Fcategories&post=46173"},{"taxonomy":"post_tag","embeddable":true,"href":"https:\/\/www.boyacaleinforma.com\/index.php?rest_route=%2Fwp%2Fv2%2Ftags&post=46173"}],"curies":[{"name":"wp","href":"https:\/\/api.w.org\/{rel}","templated":true}]}}