{"id":46175,"date":"2026-09-03T22:07:37","date_gmt":"2026-09-04T03:07:37","guid":{"rendered":"https:\/\/www.boyacaleinforma.com\/?p=46175"},"modified":"2026-09-03T22:10:34","modified_gmt":"2026-09-04T03:10:34","slug":"tecnopro-2026-turmeque-alista-la-cuarta-edicion-del-concurso-que-reune-a-los-jovenes-innovadores-de-boyaca","status":"publish","type":"post","link":"https:\/\/www.boyacaleinforma.com\/?p=46175","title":{"rendered":"TECNOPRO 2026: Turmequ\u00e9 alista la cuarta edici\u00f3n del concurso que re\u00fane a los j\u00f3venes innovadores de Boyac\u00e1"},"content":{"rendered":"\n<p class=\"wp-block-paragraph\">La Instituci\u00f3n Educativa T\u00e9cnica Industrial de Turmequ\u00e9 confirm\u00f3 la realizaci\u00f3n de la cuarta versi\u00f3n de TECNOPRO, el Concurso Departamental de Rob\u00f3tica e Innovaci\u00f3n Tecnol\u00f3gica, un evento que busca impulsar el talento, la creatividad y las competencias tecnol\u00f3gicas de los estudiantes del departamento.<br><br>El certamen se llevar\u00e1 a cabo el pr\u00f3ximo 30 de septiembre, a partir de las 8:00 de la ma\u00f1ana, en las instalaciones de la instituci\u00f3n educativa turmeque\u00f1a, que en ediciones anteriores ha reunido a colegios de distintos municipios de Boyac\u00e1 interesados en mostrar sus prototipos y habilidades en electr\u00f3nica y programaci\u00f3n.<br><br>La gran novedad de esta edici\u00f3n es la incorporaci\u00f3n de la categor\u00eda Proyectos Innovadores, un espacio pensado para que los j\u00f3venes presenten prototipos, ideas y soluciones tecnol\u00f3gicas con impacto directo en la transformaci\u00f3n de sus comunidades. Con esta adici\u00f3n, el concurso ampl\u00eda su apuesta m\u00e1s all\u00e1 de la rob\u00f3tica competitiva tradicional, hacia la soluci\u00f3n de problemas reales del entorno.<br><br>Las categor\u00edas definidas para TECNOPRO 2026 son las siguientes: Seguidor de L\u00ednea, Minisumo, Seguidor de L\u00ednea con Plataforma Educativa y Proyectos Innovadores.<br><br>Los estudiantes y colegios interesados en participar pueden inscribirse a trav\u00e9s del formulario oficial dispuesto por la organizaci\u00f3n, disponible en la p\u00e1gina del evento. Con esta cuarta edici\u00f3n, la Instituci\u00f3n Educativa T\u00e9cnica Industrial de Turmequ\u00e9 reafirma su apuesta por consolidar este espacio como referente departamental en rob\u00f3tica e innovaci\u00f3n tecnol\u00f3gica, fortaleciendo la formaci\u00f3n en ciencia y tecnolog\u00eda de los j\u00f3venes boyacenses.<\/p>\n","protected":false},"excerpt":{"rendered":"<p>La Instituci\u00f3n Educativa T\u00e9cnica Industrial de Turmequ\u00e9 confirm\u00f3 la realizaci\u00f3n de la cuarta versi\u00f3n de TECNOPRO, el Concurso<\/p>\n","protected":false},"author":1,"featured_media":46167,"comment_status":"open","ping_status":"open","sticky":false,"template":"","format":"standard","meta":{"om_disable_all_campaigns":false,"_monsterinsights_skip_tracking":false,"footnotes":""},"categories":[5],"tags":[10],"class_list":["post-46175","post","type-post","status-publish","format-standard","has-post-thumbnail","hentry","category-boyaca","tag-noticias"],"aioseo_notices":[],"aioseo_head":"\n\t\t<!-- All in One SEO 5.0.1.1 - aioseo.com -->\n\t<meta name=\"description\" content=\"La Instituci\u00f3n Educativa T\u00e9cnica Industrial de Turmequ\u00e9 confirm\u00f3 la realizaci\u00f3n de la cuarta versi\u00f3n de TECNOPRO, el Concurso Departamental de Rob\u00f3tica e Innovaci\u00f3n Tecnol\u00f3gica, un evento que busca impulsar el talento, la creatividad y las competencias tecnol\u00f3gicas de los estudiantes del departamento.El certamen se llevar\u00e1 a cabo el pr\u00f3ximo 30 de septiembre, a partir de\" \/>\n\t<meta name=\"robots\" content=\"max-image-preview:large\" \/>\n\t<meta name=\"author\" content=\"Lorena\"\/>\n\t<link rel=\"canonical\" href=\"https:\/\/www.boyacaleinforma.com\/?p=46175\" \/>\n\t<meta name=\"generator\" content=\"All in One SEO (AIOSEO) 5.0.1.1\" \/>\n\t\t<meta property=\"og:locale\" content=\"es_ES\" \/>\n\t\t<meta property=\"og:site_name\" content=\"Boyac\u00e1 Le Informa - Nosotros informamos, usted elige el punto de vista\" \/>\n\t\t<meta property=\"og:type\" content=\"article\" \/>\n\t\t<meta property=\"og:title\" content=\"TECNOPRO 2026: Turmequ\u00e9 alista la cuarta edici\u00f3n del concurso que re\u00fane a los j\u00f3venes innovadores de Boyac\u00e1 - Boyac\u00e1 Le Informa\" \/>\n\t\t<meta property=\"og:description\" content=\"La Instituci\u00f3n Educativa T\u00e9cnica Industrial de Turmequ\u00e9 confirm\u00f3 la realizaci\u00f3n de la cuarta versi\u00f3n de TECNOPRO, el Concurso Departamental de Rob\u00f3tica e Innovaci\u00f3n Tecnol\u00f3gica, un evento que busca impulsar el talento, la creatividad y las competencias tecnol\u00f3gicas de los estudiantes del departamento.El certamen se llevar\u00e1 a cabo el pr\u00f3ximo 30 de septiembre, a partir de\" \/>\n\t\t<meta property=\"og:url\" content=\"https:\/\/www.boyacaleinforma.com\/?p=46175\" \/>\n\t\t<meta property=\"og:image\" content=\"https:\/\/www.boyacaleinforma.com\/wp-content\/uploads\/2023\/01\/cropped-boyca-le-informa-png.png\" \/>\n\t\t<meta property=\"og:image:secure_url\" content=\"https:\/\/www.boyacaleinforma.com\/wp-content\/uploads\/2023\/01\/cropped-boyca-le-informa-png.png\" \/>\n\t\t<meta property=\"og:image:width\" content=\"1201\" \/>\n\t\t<meta property=\"og:image:height\" content=\"830\" \/>\n\t\t<meta property=\"article:published_time\" content=\"2026-09-04T03:07:37+00:00\" \/>\n\t\t<meta property=\"article:modified_time\" content=\"2026-09-04T03:10:34+00:00\" \/>\n\t\t<meta property=\"article:publisher\" content=\"https:\/\/facebook.com\/Boyac\u00e1 Le Informa\" \/>\n\t\t<meta name=\"twitter:card\" content=\"summary_large_image\" \/>\n\t\t<meta name=\"twitter:site\" content=\"@Boyac\u00e1%20Le%20Informa\" \/>\n\t\t<meta name=\"twitter:title\" content=\"TECNOPRO 2026: Turmequ\u00e9 alista la cuarta edici\u00f3n del concurso que re\u00fane a los j\u00f3venes innovadores de Boyac\u00e1 - Boyac\u00e1 Le Informa\" \/>\n\t\t<meta name=\"twitter:description\" content=\"La Instituci\u00f3n Educativa T\u00e9cnica Industrial de Turmequ\u00e9 confirm\u00f3 la realizaci\u00f3n de la cuarta versi\u00f3n de TECNOPRO, el Concurso Departamental de Rob\u00f3tica e Innovaci\u00f3n Tecnol\u00f3gica, un evento que busca impulsar el talento, la creatividad y las competencias tecnol\u00f3gicas de los estudiantes del departamento.El certamen se llevar\u00e1 a cabo el pr\u00f3ximo 30 de septiembre, a partir de\" \/>\n\t\t<meta name=\"twitter:creator\" content=\"@Boyac\u00e1%20Le%20Informa\" \/>\n\t\t<meta name=\"twitter:image\" content=\"https:\/\/www.boyacaleinforma.com\/wp-content\/uploads\/2023\/01\/cropped-boyca-le-informa-png.png\" \/>\n\t\t<script type=\"application\/ld+json\" class=\"aioseo-schema\">\n\t\t\t{\"@context\":\"https:\\\/\\\/schema.org\",\"@graph\":[{\"@type\":\"BlogPosting\",\"@id\":\"https:\\\/\\\/www.boyacaleinforma.com\\\/?p=46175#blogposting\",\"name\":\"TECNOPRO 2026: Turmequ\\u00e9 alista la cuarta edici\\u00f3n del concurso que re\\u00fane a los j\\u00f3venes innovadores de Boyac\\u00e1 - Boyac\\u00e1 Le Informa\",\"headline\":\"TECNOPRO 2026: Turmequ\\u00e9 alista la cuarta edici\\u00f3n del concurso que re\\u00fane a los j\\u00f3venes innovadores de Boyac\\u00e1\",\"author\":{\"@id\":\"https:\\\/\\\/www.boyacaleinforma.com\\\/?author=1#author\"},\"publisher\":{\"@id\":\"https:\\\/\\\/www.boyacaleinforma.com\\\/#organization\"},\"image\":{\"@type\":\"ImageObject\",\"url\":\"https:\\\/\\\/www.boyacaleinforma.com\\\/wp-content\\\/uploads\\\/2026\\\/09\\\/Gobernacion.jpeg\",\"width\":1600,\"height\":900},\"datePublished\":\"2026-09-03T22:07:37-05:00\",\"dateModified\":\"2026-09-03T22:10:34-05:00\",\"inLanguage\":\"es-ES\",\"mainEntityOfPage\":{\"@id\":\"https:\\\/\\\/www.boyacaleinforma.com\\\/?p=46175#webpage\"},\"isPartOf\":{\"@id\":\"https:\\\/\\\/www.boyacaleinforma.com\\\/?p=46175#webpage\"},\"articleSection\":\"Boyac\\u00e1, Noticias\"},{\"@type\":\"BreadcrumbList\",\"@id\":\"https:\\\/\\\/www.boyacaleinforma.com\\\/?p=46175#breadcrumblist\",\"itemListElement\":[{\"@type\":\"ListItem\",\"@id\":\"https:\\\/\\\/www.boyacaleinforma.com#listItem\",\"position\":1,\"name\":\"Home\",\"item\":\"https:\\\/\\\/www.boyacaleinforma.com\",\"nextItem\":{\"@type\":\"ListItem\",\"@id\":\"https:\\\/\\\/www.boyacaleinforma.com\\\/?cat=5#listItem\",\"name\":\"Boyac\\u00e1\"}},{\"@type\":\"ListItem\",\"@id\":\"https:\\\/\\\/www.boyacaleinforma.com\\\/?cat=5#listItem\",\"position\":2,\"name\":\"Boyac\\u00e1\",\"item\":\"https:\\\/\\\/www.boyacaleinforma.com\\\/?cat=5\",\"nextItem\":{\"@type\":\"ListItem\",\"@id\":\"https:\\\/\\\/www.boyacaleinforma.com\\\/?p=46175#listItem\",\"name\":\"TECNOPRO 2026: Turmequ\\u00e9 alista la cuarta edici\\u00f3n del concurso que re\\u00fane a los j\\u00f3venes innovadores de Boyac\\u00e1\"},\"previousItem\":{\"@type\":\"ListItem\",\"@id\":\"https:\\\/\\\/www.boyacaleinforma.com#listItem\",\"name\":\"Home\"}},{\"@type\":\"ListItem\",\"@id\":\"https:\\\/\\\/www.boyacaleinforma.com\\\/?p=46175#listItem\",\"position\":3,\"name\":\"TECNOPRO 2026: Turmequ\\u00e9 alista la cuarta edici\\u00f3n del concurso que re\\u00fane a los j\\u00f3venes innovadores de Boyac\\u00e1\",\"previousItem\":{\"@type\":\"ListItem\",\"@id\":\"https:\\\/\\\/www.boyacaleinforma.com\\\/?cat=5#listItem\",\"name\":\"Boyac\\u00e1\"}}]},{\"@type\":\"Organization\",\"@id\":\"https:\\\/\\\/www.boyacaleinforma.com\\\/#organization\",\"name\":\"Boyac\\u00e1 Le Informa\",\"description\":\"Nosotros informamos, usted elige el punto de vista\",\"url\":\"https:\\\/\\\/www.boyacaleinforma.com\\\/\",\"logo\":{\"@type\":\"ImageObject\",\"url\":\"https:\\\/\\\/www.boyacaleinforma.com\\\/wp-content\\\/uploads\\\/2023\\\/11\\\/WhatsApp-Image-2023-01-16-at-8.43.37-PM.jpeg\",\"@id\":\"https:\\\/\\\/www.boyacaleinforma.com\\\/?p=46175\\\/#organizationLogo\",\"width\":1201,\"height\":830},\"image\":{\"@id\":\"https:\\\/\\\/www.boyacaleinforma.com\\\/?p=46175\\\/#organizationLogo\"},\"sameAs\":[\"https:\\\/\\\/facebook.com\\\/Boyac\\u00e1 Le Informa\",\"https:\\\/\\\/x.com\\\/Boyac\\u00e1 Le Informa\",\"https:\\\/\\\/instagram.com\\\/Boyac\\u00e1 Le Informa\",\"https:\\\/\\\/pinterest.com\\\/Boyac\\u00e1 Le Informa\",\"https:\\\/\\\/youtube.com\\\/Boyac\\u00e1 Le Informa\",\"https:\\\/\\\/linkedin.com\\\/in\\\/Boyac\\u00e1 Le Informa\"]},{\"@type\":\"Person\",\"@id\":\"https:\\\/\\\/www.boyacaleinforma.com\\\/?author=1#author\",\"url\":\"https:\\\/\\\/www.boyacaleinforma.com\\\/?author=1\",\"name\":\"Lorena\",\"image\":{\"@type\":\"ImageObject\",\"@id\":\"https:\\\/\\\/www.boyacaleinforma.com\\\/?p=46175#authorImage\",\"url\":\"https:\\\/\\\/secure.gravatar.com\\\/avatar\\\/7ff34fbccee2466596270b966ef097be212f54fd0df5cd4afb0c375c83169e45?s=96&d=mm&r=g\",\"width\":96,\"height\":96,\"caption\":\"Lorena\"}},{\"@type\":\"WebPage\",\"@id\":\"https:\\\/\\\/www.boyacaleinforma.com\\\/?p=46175#webpage\",\"url\":\"https:\\\/\\\/www.boyacaleinforma.com\\\/?p=46175\",\"name\":\"TECNOPRO 2026: Turmequ\\u00e9 alista la cuarta edici\\u00f3n del concurso que re\\u00fane a los j\\u00f3venes innovadores de Boyac\\u00e1 - Boyac\\u00e1 Le Informa\",\"description\":\"La Instituci\\u00f3n Educativa T\\u00e9cnica Industrial de Turmequ\\u00e9 confirm\\u00f3 la realizaci\\u00f3n de la cuarta versi\\u00f3n de TECNOPRO, el Concurso Departamental de Rob\\u00f3tica e Innovaci\\u00f3n Tecnol\\u00f3gica, un evento que busca impulsar el talento, la creatividad y las competencias tecnol\\u00f3gicas de los estudiantes del departamento.El certamen se llevar\\u00e1 a cabo el pr\\u00f3ximo 30 de septiembre, a partir de\",\"inLanguage\":\"es-ES\",\"isPartOf\":{\"@id\":\"https:\\\/\\\/www.boyacaleinforma.com\\\/#website\"},\"breadcrumb\":{\"@id\":\"https:\\\/\\\/www.boyacaleinforma.com\\\/?p=46175#breadcrumblist\"},\"author\":{\"@id\":\"https:\\\/\\\/www.boyacaleinforma.com\\\/?author=1#author\"},\"creator\":{\"@id\":\"https:\\\/\\\/www.boyacaleinforma.com\\\/?author=1#author\"},\"image\":{\"@type\":\"ImageObject\",\"url\":\"https:\\\/\\\/www.boyacaleinforma.com\\\/wp-content\\\/uploads\\\/2026\\\/09\\\/Gobernacion.jpeg\",\"@id\":\"https:\\\/\\\/www.boyacaleinforma.com\\\/?p=46175\\\/#mainImage\",\"width\":1600,\"height\":900},\"primaryImageOfPage\":{\"@id\":\"https:\\\/\\\/www.boyacaleinforma.com\\\/?p=46175#mainImage\"},\"datePublished\":\"2026-09-03T22:07:37-05:00\",\"dateModified\":\"2026-09-03T22:10:34-05:00\"},{\"@type\":\"WebSite\",\"@id\":\"https:\\\/\\\/www.boyacaleinforma.com\\\/#website\",\"url\":\"https:\\\/\\\/www.boyacaleinforma.com\\\/\",\"name\":\"Boyac\\u00e1 Le Informa\",\"description\":\"Nosotros informamos, usted elige el punto de vista\",\"inLanguage\":\"es-ES\",\"publisher\":{\"@id\":\"https:\\\/\\\/www.boyacaleinforma.com\\\/#organization\"}}]}\n\t\t<\/script>\n\t\t<!-- All in One SEO -->\n\n","aioseo_head_json":{"title":"TECNOPRO 2026: Turmequ\u00e9 alista la cuarta edici\u00f3n del concurso que re\u00fane a los j\u00f3venes innovadores de Boyac\u00e1 - Boyac\u00e1 Le Informa","description":"La Instituci\u00f3n Educativa T\u00e9cnica Industrial de Turmequ\u00e9 confirm\u00f3 la realizaci\u00f3n de la cuarta versi\u00f3n de TECNOPRO, el Concurso Departamental de Rob\u00f3tica e Innovaci\u00f3n Tecnol\u00f3gica, un evento que busca impulsar el talento, la creatividad y las competencias tecnol\u00f3gicas de los estudiantes del departamento.El certamen se llevar\u00e1 a cabo el pr\u00f3ximo 30 de septiembre, a partir de","canonical_url":"https:\/\/www.boyacaleinforma.com\/?p=46175","robots":"max-image-preview:large","keywords":"","webmasterTools":{"miscellaneous":""},"schema":{"@context":"https:\/\/schema.org","@graph":[{"@type":"BlogPosting","@id":"https:\/\/www.boyacaleinforma.com\/?p=46175#blogposting","name":"TECNOPRO 2026: Turmequ\u00e9 alista la cuarta edici\u00f3n del concurso que re\u00fane a los j\u00f3venes innovadores de Boyac\u00e1 - Boyac\u00e1 Le Informa","headline":"TECNOPRO 2026: Turmequ\u00e9 alista la cuarta edici\u00f3n del concurso que re\u00fane a los j\u00f3venes innovadores de Boyac\u00e1","author":{"@id":"https:\/\/www.boyacaleinforma.com\/?author=1#author"},"publisher":{"@id":"https:\/\/www.boyacaleinforma.com\/#organization"},"image":{"@type":"ImageObject","url":"https:\/\/www.boyacaleinforma.com\/wp-content\/uploads\/2026\/09\/Gobernacion.jpeg","width":1600,"height":900},"datePublished":"2026-09-03T22:07:37-05:00","dateModified":"2026-09-03T22:10:34-05:00","inLanguage":"es-ES","mainEntityOfPage":{"@id":"https:\/\/www.boyacaleinforma.com\/?p=46175#webpage"},"isPartOf":{"@id":"https:\/\/www.boyacaleinforma.com\/?p=46175#webpage"},"articleSection":"Boyac\u00e1, Noticias"},{"@type":"BreadcrumbList","@id":"https:\/\/www.boyacaleinforma.com\/?p=46175#breadcrumblist","itemListElement":[{"@type":"ListItem","@id":"https:\/\/www.boyacaleinforma.com#listItem","position":1,"name":"Home","item":"https:\/\/www.boyacaleinforma.com","nextItem":{"@type":"ListItem","@id":"https:\/\/www.boyacaleinforma.com\/?cat=5#listItem","name":"Boyac\u00e1"}},{"@type":"ListItem","@id":"https:\/\/www.boyacaleinforma.com\/?cat=5#listItem","position":2,"name":"Boyac\u00e1","item":"https:\/\/www.boyacaleinforma.com\/?cat=5","nextItem":{"@type":"ListItem","@id":"https:\/\/www.boyacaleinforma.com\/?p=46175#listItem","name":"TECNOPRO 2026: Turmequ\u00e9 alista la cuarta edici\u00f3n del concurso que re\u00fane a los j\u00f3venes innovadores de Boyac\u00e1"},"previousItem":{"@type":"ListItem","@id":"https:\/\/www.boyacaleinforma.com#listItem","name":"Home"}},{"@type":"ListItem","@id":"https:\/\/www.boyacaleinforma.com\/?p=46175#listItem","position":3,"name":"TECNOPRO 2026: Turmequ\u00e9 alista la cuarta edici\u00f3n del concurso que re\u00fane a los j\u00f3venes innovadores de Boyac\u00e1","previousItem":{"@type":"ListItem","@id":"https:\/\/www.boyacaleinforma.com\/?cat=5#listItem","name":"Boyac\u00e1"}}]},{"@type":"Organization","@id":"https:\/\/www.boyacaleinforma.com\/#organization","name":"Boyac\u00e1 Le Informa","description":"Nosotros informamos, usted elige el punto de vista","url":"https:\/\/www.boyacaleinforma.com\/","logo":{"@type":"ImageObject","url":"https:\/\/www.boyacaleinforma.com\/wp-content\/uploads\/2023\/11\/WhatsApp-Image-2023-01-16-at-8.43.37-PM.jpeg","@id":"https:\/\/www.boyacaleinforma.com\/?p=46175\/#organizationLogo","width":1201,"height":830},"image":{"@id":"https:\/\/www.boyacaleinforma.com\/?p=46175\/#organizationLogo"},"sameAs":["https:\/\/facebook.com\/Boyac\u00e1 Le Informa","https:\/\/x.com\/Boyac\u00e1 Le Informa","https:\/\/instagram.com\/Boyac\u00e1 Le Informa","https:\/\/pinterest.com\/Boyac\u00e1 Le Informa","https:\/\/youtube.com\/Boyac\u00e1 Le Informa","https:\/\/linkedin.com\/in\/Boyac\u00e1 Le Informa"]},{"@type":"Person","@id":"https:\/\/www.boyacaleinforma.com\/?author=1#author","url":"https:\/\/www.boyacaleinforma.com\/?author=1","name":"Lorena","image":{"@type":"ImageObject","@id":"https:\/\/www.boyacaleinforma.com\/?p=46175#authorImage","url":"https:\/\/secure.gravatar.com\/avatar\/7ff34fbccee2466596270b966ef097be212f54fd0df5cd4afb0c375c83169e45?s=96&d=mm&r=g","width":96,"height":96,"caption":"Lorena"}},{"@type":"WebPage","@id":"https:\/\/www.boyacaleinforma.com\/?p=46175#webpage","url":"https:\/\/www.boyacaleinforma.com\/?p=46175","name":"TECNOPRO 2026: Turmequ\u00e9 alista la cuarta edici\u00f3n del concurso que re\u00fane a los j\u00f3venes innovadores de Boyac\u00e1 - Boyac\u00e1 Le Informa","description":"La Instituci\u00f3n Educativa T\u00e9cnica Industrial de Turmequ\u00e9 confirm\u00f3 la realizaci\u00f3n de la cuarta versi\u00f3n de TECNOPRO, el Concurso Departamental de Rob\u00f3tica e Innovaci\u00f3n Tecnol\u00f3gica, un evento que busca impulsar el talento, la creatividad y las competencias tecnol\u00f3gicas de los estudiantes del departamento.El certamen se llevar\u00e1 a cabo el pr\u00f3ximo 30 de septiembre, a partir de","inLanguage":"es-ES","isPartOf":{"@id":"https:\/\/www.boyacaleinforma.com\/#website"},"breadcrumb":{"@id":"https:\/\/www.boyacaleinforma.com\/?p=46175#breadcrumblist"},"author":{"@id":"https:\/\/www.boyacaleinforma.com\/?author=1#author"},"creator":{"@id":"https:\/\/www.boyacaleinforma.com\/?author=1#author"},"image":{"@type":"ImageObject","url":"https:\/\/www.boyacaleinforma.com\/wp-content\/uploads\/2026\/09\/Gobernacion.jpeg","@id":"https:\/\/www.boyacaleinforma.com\/?p=46175\/#mainImage","width":1600,"height":900},"primaryImageOfPage":{"@id":"https:\/\/www.boyacaleinforma.com\/?p=46175#mainImage"},"datePublished":"2026-09-03T22:07:37-05:00","dateModified":"2026-09-03T22:10:34-05:00"},{"@type":"WebSite","@id":"https:\/\/www.boyacaleinforma.com\/#website","url":"https:\/\/www.boyacaleinforma.com\/","name":"Boyac\u00e1 Le Informa","description":"Nosotros informamos, usted elige el punto de vista","inLanguage":"es-ES","publisher":{"@id":"https:\/\/www.boyacaleinforma.com\/#organization"}}]},"og:locale":"es_ES","og:site_name":"Boyac\u00e1 Le Informa - Nosotros informamos, usted elige el punto de vista","og:type":"article","og:title":"TECNOPRO 2026: Turmequ\u00e9 alista la cuarta edici\u00f3n del concurso que re\u00fane a los j\u00f3venes innovadores de Boyac\u00e1 - Boyac\u00e1 Le Informa","og:description":"La Instituci\u00f3n Educativa T\u00e9cnica Industrial de Turmequ\u00e9 confirm\u00f3 la realizaci\u00f3n de la cuarta versi\u00f3n de TECNOPRO, el Concurso Departamental de Rob\u00f3tica e Innovaci\u00f3n Tecnol\u00f3gica, un evento que busca impulsar el talento, la creatividad y las competencias tecnol\u00f3gicas de los estudiantes del departamento.El certamen se llevar\u00e1 a cabo el pr\u00f3ximo 30 de septiembre, a partir de","og:url":"https:\/\/www.boyacaleinforma.com\/?p=46175","og:image":"https:\/\/www.boyacaleinforma.com\/wp-content\/uploads\/2023\/01\/cropped-boyca-le-informa-png.png","og:image:secure_url":"https:\/\/www.boyacaleinforma.com\/wp-content\/uploads\/2023\/01\/cropped-boyca-le-informa-png.png","og:image:width":1201,"og:image:height":830,"article:published_time":"2026-09-04T03:07:37+00:00","article:modified_time":"2026-09-04T03:10:34+00:00","article:publisher":"https:\/\/facebook.com\/Boyac\u00e1 Le Informa","twitter:card":"summary_large_image","twitter:site":"@Boyac\u00e1%20Le%20Informa","twitter:title":"TECNOPRO 2026: Turmequ\u00e9 alista la cuarta edici\u00f3n del concurso que re\u00fane a los j\u00f3venes innovadores de Boyac\u00e1 - Boyac\u00e1 Le Informa","twitter:description":"La Instituci\u00f3n Educativa T\u00e9cnica Industrial de Turmequ\u00e9 confirm\u00f3 la realizaci\u00f3n de la cuarta versi\u00f3n de TECNOPRO, el Concurso Departamental de Rob\u00f3tica e Innovaci\u00f3n Tecnol\u00f3gica, un evento que busca impulsar el talento, la creatividad y las competencias tecnol\u00f3gicas de los estudiantes del departamento.El certamen se llevar\u00e1 a cabo el pr\u00f3ximo 30 de septiembre, a partir de","twitter:creator":"@Boyac\u00e1%20Le%20Informa","twitter:image":"https:\/\/www.boyacaleinforma.com\/wp-content\/uploads\/2023\/01\/cropped-boyca-le-informa-png.png"},"aioseo_meta_data":{"post_id":"46175","title":null,"description":null,"keywords":null,"keyphrases":{"focus":{"keyphrase":"","score":0,"analysis":{"keyphraseInTitle":{"score":0,"maxScore":9,"error":1}}},"additional":[]},"primary_term":null,"canonical_url":null,"og_title":null,"og_description":null,"og_object_type":"default","og_image_type":"default","og_image_url":null,"og_image_width":null,"og_image_height":null,"og_image_custom_url":null,"og_image_custom_fields":null,"og_video":"","og_custom_url":null,"og_article_section":null,"og_article_tags":null,"twitter_use_og":false,"twitter_card":"default","twitter_image_type":"default","twitter_image_url":null,"twitter_image_custom_url":null,"twitter_image_custom_fields":null,"twitter_title":null,"twitter_description":null,"schema":{"blockGraphs":[],"customGraphs":[],"default":{"data":{"Article":[],"Course":[],"Dataset":[],"FAQPage":[],"Movie":[],"Person":[],"Product":[],"ProductReview":[],"Car":[],"Recipe":[],"Service":[],"SoftwareApplication":[],"WebPage":[]},"graphName":"BlogPosting","isEnabled":true},"graphs":[]},"schema_type":"default","schema_type_options":null,"pillar_content":false,"robots_default":true,"robots_noindex":false,"robots_noarchive":false,"robots_nosnippet":false,"robots_nofollow":false,"robots_noimageindex":false,"robots_noodp":false,"robots_notranslate":false,"robots_max_snippet":"-1","robots_max_videopreview":"-1","robots_max_imagepreview":"large","priority":null,"frequency":"default","local_seo":null,"breadcrumb_settings":null,"limit_modified_date":false,"ai":{"faqs":[],"keyPoints":[],"schemas":[],"titles":[],"descriptions":[],"socialPosts":{"email":{"subject":"","preview":"","content":""},"linkedin":[],"twitter":[],"facebook":[],"instagram":[]}},"created":"2026-09-04 03:07:46","updated":"2026-09-04 03:10:34","seo_analyzer_scan_date":null,"focus_keyword":null,"additional_keywords":null,"truseo_locale":null},"aioseo_breadcrumb":"<div class=\"aioseo-breadcrumbs\"><span class=\"aioseo-breadcrumb\">\n\t\t\t<a href=\"https:\/\/www.boyacaleinforma.com\" title=\"Home\">Home<\/a>\n\t\t<\/span><span class=\"aioseo-breadcrumb-separator\">&raquo;<\/span><span class=\"aioseo-breadcrumb\">\n\t\t\t<a href=\"https:\/\/www.boyacaleinforma.com\/?cat=5\" title=\"Boyac\u00e1\">Boyac\u00e1<\/a>\n\t\t<\/span><span class=\"aioseo-breadcrumb-separator\">&raquo;<\/span><span class=\"aioseo-breadcrumb\">\n\t\t\tTECNOPRO 2026: Turmequ\u00e9 alista la cuarta edici\u00f3n del concurso que re\u00fane a los j\u00f3venes innovadores de Boyac\u00e1\n\t\t<\/span><\/div>","aioseo_breadcrumb_json":[{"label":"Home","link":"https:\/\/www.boyacaleinforma.com"},{"label":"Boyac\u00e1","link":"https:\/\/www.boyacaleinforma.com\/?cat=5"},{"label":"TECNOPRO 2026: Turmequ\u00e9 alista la cuarta edici\u00f3n del concurso que re\u00fane a los j\u00f3venes innovadores de Boyac\u00e1","link":"https:\/\/www.boyacaleinforma.com\/?p=46175"}],"_links":{"self":[{"href":"https:\/\/www.boyacaleinforma.com\/index.php?rest_route=\/wp\/v2\/posts\/46175","targetHints":{"allow":["GET"]}}],"collection":[{"href":"https:\/\/www.boyacaleinforma.com\/index.php?rest_route=\/wp\/v2\/posts"}],"about":[{"href":"https:\/\/www.boyacaleinforma.com\/index.php?rest_route=\/wp\/v2\/types\/post"}],"author":[{"embeddable":true,"href":"https:\/\/www.boyacaleinforma.com\/index.php?rest_route=\/wp\/v2\/users\/1"}],"replies":[{"embeddable":true,"href":"https:\/\/www.boyacaleinforma.com\/index.php?rest_route=%2Fwp%2Fv2%2Fcomments&post=46175"}],"version-history":[{"count":1,"href":"https:\/\/www.boyacaleinforma.com\/index.php?rest_route=\/wp\/v2\/posts\/46175\/revisions"}],"predecessor-version":[{"id":46176,"href":"https:\/\/www.boyacaleinforma.com\/index.php?rest_route=\/wp\/v2\/posts\/46175\/revisions\/46176"}],"wp:featuredmedia":[{"embeddable":true,"href":"https:\/\/www.boyacaleinforma.com\/index.php?rest_route=\/wp\/v2\/media\/46167"}],"wp:attachment":[{"href":"https:\/\/www.boyacaleinforma.com\/index.php?rest_route=%2Fwp%2Fv2%2Fmedia&parent=46175"}],"wp:term":[{"taxonomy":"category","embeddable":true,"href":"https:\/\/www.boyacaleinforma.com\/index.php?rest_route=%2Fwp%2Fv2%2Fcategories&post=46175"},{"taxonomy":"post_tag","embeddable":true,"href":"https:\/\/www.boyacaleinforma.com\/index.php?rest_route=%2Fwp%2Fv2%2Ftags&post=46175"}],"curies":[{"name":"wp","href":"https:\/\/api.w.org\/{rel}","templated":true}]}}